{"id":35464,"date":"2021-05-17T12:59:51","date_gmt":"2021-05-17T18:59:51","guid":{"rendered":"https:\/\/redsemlac.com\/semmexico\/?p=35464"},"modified":"2023-07-21T17:00:44","modified_gmt":"2023-07-21T22:00:44","slug":"violencia-contra-mujeres-en-edomex-aumento-60-por-ciento-dice-azucena-cisneros","status":"publish","type":"post","link":"https:\/\/redsemlac.com\/semmexico\/violencia-contra-mujeres-en-edomex-aumento-60-por-ciento-dice-azucena-cisneros\/","title":{"rendered":"Violencia contra mujeres en Edomex aument\u00f3 60 por ciento, dice  Azucena Cisneros"},"content":{"rendered":"\n<ul class=\"wp-block-list\"><li>La candidata de MORENA a diputada por el Distrito 8 se pronunci\u00f3 por impulsar acciones eficaces para reducir feminicidios.<\/li><li>Durante m\u00e1s de dos d\u00e9cadas el Estado de M\u00e9xico puntero en asesinatos de mujeres<\/li><\/ul>\n\n\n\n<p class=\"wp-block-paragraph\"><br>Redacci\u00f3n<\/p>\n\n\n\n<p class=\"wp-block-paragraph\"><br>SemM\u00e9xico, Ecatepec, Edo. de M\u00e9xico, 17 de mayo, 2021.- Azucena Cisneros candidata de MORENA a Diputada por el Distrito 8 en Ecatepec, Estado de M\u00e9xico, alert\u00f3 que en el \u00faltimo a\u00f1o en la entidad, aument\u00f3 en un 60 por ciento las llamadas por violencia de g\u00e9nero, por lo que se deben impulsar acciones eficaces para reducir los feminicidios, desde el gobierno local y estatal. <\/p>\n\n\n\n<p class=\"wp-block-paragraph\"><br>Durante su recorrido de campa\u00f1a en la colonia San Mart\u00edn de Porres, la candidata de la Coalici\u00f3n Morena-PT y Nueva Alianza, dijo que en Ecatepec, muchas madres comparten historias de esfuerzo por sacar adelante a sus hijos y lamentablemente tambi\u00e9n de dolor, ante la violencia que enfrentan, pues los servidores p\u00fablicos no han cumplido en la funci\u00f3n de garantizarles seguridad.<\/p>\n\n\n\n<p class=\"wp-block-paragraph\"><br>\u00abHemos quedado a deber mucho con las mam\u00e1s, con las hijas, en un pa\u00eds feminicida donde la violencia aterra a las mam\u00e1s, hasta para que las hijas salgan; lo s\u00e9, soy consciente y lo he vivido\u00bb, afirm\u00f3 Azucena Cisneros.<\/p>\n\n\n\n<p class=\"wp-block-paragraph\">La candidata por el Distrito 8 en Ecatepec se\u00f1al\u00f3: \u00abseguiremos trabajando en las leyes para que se sigan sintiendo seguras, para que sus hijas en condiciones de violencia cada d\u00eda tengan mejor protecci\u00f3n, y sepan que hay alguien que esta con ustedes de la mano\u00bb.<br>Asimismo pidi\u00f3 a las vecinas su respaldo el 6 de junio para que permitan la continuidad en los gobiernos y la mayor\u00eda morenista en el Congreso Mexiquense, y as\u00ed garantizar leyes efectivas contra la violencia.<\/p>\n\n\n\n<p class=\"wp-block-paragraph\"><br>\u00abPedimos que se vuelvan hacedores de conciencia, con la familia y la comunidad para evitar esta tentaci\u00f3n del fraude, de que gane otra vez la compra del voto, eso no puede pasar en este pa\u00eds, porque las mujeres somos las que m\u00e1s han padecido tantos a\u00f1os de rezago y olvido, resultado de 90 a\u00f1os de gobiernos corruptos en Ecatepec\u00bb, puntualiz\u00f3 la candidata de MORENA.<\/p>\n","protected":false},"excerpt":{"rendered":"<p>La candidata de MORENA a diputada por el Distrito 8 se pronunci\u00f3 por impulsar acciones eficaces para reducir feminicidios.<\/p>\n","protected":false},"author":3,"featured_media":35465,"comment_status":"open","ping_status":"open","sticky":false,"template":"","format":"standard","meta":{"_monsterinsights_skip_tracking":false,"footnotes":""},"categories":[692,141],"tags":[],"class_list":["post-35464","post","type-post","status-publish","format-standard","has-post-thumbnail","category-692","category-elecciones-2020-2021"],"_links":{"self":[{"href":"https:\/\/redsemlac.com\/semmexico\/wp-json\/wp\/v2\/posts\/35464","targetHints":{"allow":["GET"]}}],"collection":[{"href":"https:\/\/redsemlac.com\/semmexico\/wp-json\/wp\/v2\/posts"}],"about":[{"href":"https:\/\/redsemlac.com\/semmexico\/wp-json\/wp\/v2\/types\/post"}],"author":[{"embeddable":true,"href":"https:\/\/redsemlac.com\/semmexico\/wp-json\/wp\/v2\/users\/3"}],"replies":[{"embeddable":true,"href":"https:\/\/redsemlac.com\/semmexico\/wp-json\/wp\/v2\/comments?post=35464"}],"version-history":[{"count":0,"href":"https:\/\/redsemlac.com\/semmexico\/wp-json\/wp\/v2\/posts\/35464\/revisions"}],"wp:featuredmedia":[{"embeddable":true,"href":"https:\/\/redsemlac.com\/semmexico\/wp-json\/wp\/v2\/media\/35465"}],"wp:attachment":[{"href":"https:\/\/redsemlac.com\/semmexico\/wp-json\/wp\/v2\/media?parent=35464"}],"wp:term":[{"taxonomy":"category","embeddable":true,"href":"https:\/\/redsemlac.com\/semmexico\/wp-json\/wp\/v2\/categories?post=35464"},{"taxonomy":"post_tag","embeddable":true,"href":"https:\/\/redsemlac.com\/semmexico\/wp-json\/wp\/v2\/tags?post=35464"}],"curies":[{"name":"wp","href":"https:\/\/api.w.org\/{rel}","templated":true}]}}