{"id":35461,"date":"2021-05-17T12:15:46","date_gmt":"2021-05-17T18:15:46","guid":{"rendered":"https:\/\/redsemlac.com\/semmexico\/?p=35461"},"modified":"2023-07-21T17:00:44","modified_gmt":"2023-07-21T22:00:44","slug":"cuba-activista-resume-en-libro-una-decada-de-lucha-por-los-derechos-lgbtiq","status":"publish","type":"post","link":"https:\/\/redsemlac.com\/semmexico\/cuba-activista-resume-en-libro-una-decada-de-lucha-por-los-derechos-lgbtiq\/","title":{"rendered":"Cuba: Activista resume en libro una d\u00e9cada de lucha por los derechos LGBTIQ"},"content":{"rendered":"\n<p class=\"wp-block-paragraph\"><strong>De la redacci\u00f3n<\/strong><\/p>\n\n\n\n<p class=\"wp-block-paragraph\">SemM\u00e9xico\/SEMlac. La Habana, Cuba. 17 de mayo 2021.- \u00abSoy Paquito, el de Cuba; martiano y periodista; comunista y gay; ateo convencido y supersticioso ocasional; padre de un hijo var\u00f3n a quien adoro y pareja de un hombre seronegativo que me ama; paciente de sida desde el 2003 y sobreviviente a un linfoma no Hodgkin; seguidor de los temas econ\u00f3micos cubanos y apasionado devorador de literatura universal&#8230; en fin, otro tipo normal y corriente, que quiere compartir contigo su historia, opiniones y anhelos\u00bb.<\/p>\n\n\n\n<p class=\"wp-block-paragraph\">As\u00ed se presenta en su blog personal y tambi\u00e9n en el libro que acaba de publicar y presentar, inspirado en su espacio digital: Paquito el de Cuba. Una d\u00e9cada de ciberactivismo, del periodista del semanario cubano Trabajadores y activista LGBTIQ Francisco Rodr\u00edguez Cruz. Se trata, dijo, de 89 textos que \u00abtrascienden el \u00e1mbito personal para describir lo que puede ser la vida de muchas otras personas y adentrarse en pol\u00e9micas sobre la construcci\u00f3n de nuestra sociedad\u00bb.<\/p>\n\n\n\n<p class=\"wp-block-paragraph\">El volumen, publicado por la Editorial Caminos del no gubernamental Centro Martin Luther King (CMLK), fue presentado el 14 de mayo como parte del programa de las 14 Jornadas Cubanas contra la Homofobia y la Transfobia, que organiza el Centro Nacional de Educaci\u00f3n Sexual (Cenesex).<\/p>\n\n\n\n<p class=\"wp-block-paragraph\">Para Joel Su\u00e1rez, coordinador ejecutivo del Centro Memorial Martin Luther King, este es un volumen en funci\u00f3n de la educaci\u00f3n y sensibilizaci\u00f3n de la poblaci\u00f3n cubana, dado el tema que toca.<\/p>\n\n\n\n<p class=\"wp-block-paragraph\">\u00abEste libro forma parte de nuestra vida, de la vida del CMLK y de todos los que nos hemos comprometido con la lucha por los derechos para todas las personas. Francisco Rodr\u00edguez inici\u00f3 una acci\u00f3n consciente y educativa sobre estos temas en la blogosfera cubana, cuando esta apenas comenzaba a desarrollarse, y hoy contin\u00faa su labor tambi\u00e9n a trav\u00e9s de las redes sociales\u00bb, consider\u00f3 Su\u00e1rez.<\/p>\n\n\n\n<p class=\"wp-block-paragraph\">A juicio del autor, \u00abha existido una evoluci\u00f3n en el \u00e1mbito digital, una democratizaci\u00f3n de los espacios\u00bb, y ello ha sido esencial.<\/p>\n\n\n\n<p class=\"wp-block-paragraph\">\u00abCuando naci\u00f3 mi blog en 2009, esas plataformas eran un espacio de debate, de reflexi\u00f3n, pero al que no todos pod\u00edan llegar por las dificultades para el acceso a internet. Actualmente el peso mayor de los debates se ha trasladado a las redes sociales, con reacciones m\u00e1s inmediatas, no siempre agradables, pero que son una manera necesaria, urgente de asumir, porque hay muchas personas participando y muchas voces nuevas reflejando su forma de pensar, sus necesidades\u00bb, dijo el activista.<\/p>\n\n\n\n<p class=\"wp-block-paragraph\">Paquito el de Cuba. Una d\u00e9cada de ciberactivismo es resultado tambi\u00e9n de las Jornadas cubanas contra la homofobia y la transfobia. \u00abEn 2008, cuando las jornadas comenzaron, asist\u00ed como p\u00fablico y al a\u00f1o siguiente comenc\u00e9 con el blog. El libro tiene la estructura del blog, se hizo una selecci\u00f3n de los post del sitio de manera que fuera entretenido y a la vez diera una visi\u00f3n sobre lo que ha pasado en Cuba y el activismo en estos 10 a\u00f1os. Mi deseo es que se diviertan y que a trav\u00e9s de m\u00ed conozcan un pedacito de esa Cuba que no se conoce muchas veces y de sus luchas\u00bb, dijo Rodr\u00edguez.<\/p>\n\n\n\n<p class=\"wp-block-paragraph\">La doctora Mariela Castro Esp\u00edn, directora del Cenesex, coment\u00f3 que el blog Paquito el de Cuba, \u00abse convirti\u00f3 en un espacio para el debate sobre temas relacionados con las luchas de las personas LGTBIQ y sus inquietudes\u00bb.<\/p>\n\n\n\n<p class=\"wp-block-paragraph\">\u00abEl libro es entretenido, est\u00e1 muy bien escrito, cuenta muchas vivencias personales, acontecimientos hist\u00f3ricos. Tiene un hilo \u00e9tico fundamental: promover el respeto a los derechos de todas las personas. Profundiza en temas muy agudos de nuestra realidad, por lo que es un valioso recurso de trabajo para facilitar y estimular el di\u00e1logo con diferentes sectores de la sociedad cubana que necesitamos que se involucren, conozcan y sean capaces de comprender esta realidad, aunque no sea la suya propia; de ponerse en el lugar de personas que por ser gays, lesbianas, trans\u2026 viven todav\u00eda los prejuicios, las incomprensiones\u00bb, se\u00f1al\u00f3 la sex\u00f3loga.<\/p>\n\n\n\n<p class=\"wp-block-paragraph\">De acuerdo con Castro Esp\u00edn, desde el sentimiento del activista y periodista de aportar a la sociedad, Rodr\u00edguez Cruz realiza \u00aban\u00e1lisis muy agudos incluso de los procesos legislativos; los cambios desde la misma pol\u00edtica del Partido Comunista que, desde 2012, ya empieza a hablar de respeto y de no discriminaci\u00f3n por orientaci\u00f3n sexual\u2026Falt\u00f3 identidad de g\u00e9nero, pero eso fue incluso por el propio desconocimiento\u00bb, apunt\u00f3.<\/p>\n\n\n\n<p class=\"wp-block-paragraph\">Justamente, dijo, el libro reflexiona sobre estos temas y el autor es muy valiente en sus opiniones y an\u00e1lisis, as\u00ed como en la manera de abordar los pasajes personales.<\/p>\n\n\n\n<p class=\"wp-block-paragraph\">\u00abEl texto refleja temas como la masculinidad hegem\u00f3nica, la paternidad, la pareja homosexual. Aporta reflexiones muy valiosas para nosotros, como profesionales y activistas, para nuestro trabajo. Tambi\u00e9n refleja, en ese periodo de 10 a\u00f1os, cambios sustanciales en nuestro pa\u00eds sobre esta realidad, con sus contradicciones y todo lo que falta por conquistar\u00bb, coment\u00f3 la directora del Cenesex.<\/p>\n\n\n\n<p class=\"wp-block-paragraph\">Rodr\u00edguez Cruz se\u00f1al\u00f3 que el volumen abarca hasta la nueva Constituci\u00f3n de la Rep\u00fablica aprobada en 2019, todo el proceso de debate y los caminos que se abren ante un Nuevo C\u00f3digo de las Familias, y los desaf\u00edos que a\u00fan tiene por delante el activismo LGBTIQ.<\/p>\n\n\n\n<p class=\"wp-block-paragraph\">En la presentaci\u00f3n trascendi\u00f3 que se imprimieron 10 mil ejemplares del texto, que se ir\u00e1 presentando en todo el pa\u00eds cuando las circunstancias epidemiol\u00f3gicas lo permitan. El libro se vender\u00e1 tambi\u00e9n en forma de libro electr\u00f3nico a trav\u00e9s de la plataforma Citmatel.<\/p>\n\n\n\n<p class=\"wp-block-paragraph\">Paquito el de Cuba es uno de los blogs cubanos que con mayor sistematicidad ha colocado en el ciberespacio reclamos, opiniones de la comunidad LGBTIQ y ha defendido el derecho de toda persona a expresar su sexualidad, sin que sea discriminada por no ajustarse a los patrones heteronormativos, machistas y patriarcales socialmente concebidos.<\/p>\n","protected":false},"excerpt":{"rendered":"<p>Paquito el de Cuba. Una d\u00e9cada de ciberactivismo es resultado tambi\u00e9n de las Jornadas cubanas contra la homofobia y la transfobia.<\/p>\n","protected":false},"author":3,"featured_media":35462,"comment_status":"open","ping_status":"open","sticky":false,"template":"","format":"standard","meta":{"_monsterinsights_skip_tracking":false,"footnotes":""},"categories":[692,53],"tags":[],"class_list":["post-35461","post","type-post","status-publish","format-standard","has-post-thumbnail","category-692","category-internacional"],"_links":{"self":[{"href":"https:\/\/redsemlac.com\/semmexico\/wp-json\/wp\/v2\/posts\/35461","targetHints":{"allow":["GET"]}}],"collection":[{"href":"https:\/\/redsemlac.com\/semmexico\/wp-json\/wp\/v2\/posts"}],"about":[{"href":"https:\/\/redsemlac.com\/semmexico\/wp-json\/wp\/v2\/types\/post"}],"author":[{"embeddable":true,"href":"https:\/\/redsemlac.com\/semmexico\/wp-json\/wp\/v2\/users\/3"}],"replies":[{"embeddable":true,"href":"https:\/\/redsemlac.com\/semmexico\/wp-json\/wp\/v2\/comments?post=35461"}],"version-history":[{"count":0,"href":"https:\/\/redsemlac.com\/semmexico\/wp-json\/wp\/v2\/posts\/35461\/revisions"}],"wp:featuredmedia":[{"embeddable":true,"href":"https:\/\/redsemlac.com\/semmexico\/wp-json\/wp\/v2\/media\/35462"}],"wp:attachment":[{"href":"https:\/\/redsemlac.com\/semmexico\/wp-json\/wp\/v2\/media?parent=35461"}],"wp:term":[{"taxonomy":"category","embeddable":true,"href":"https:\/\/redsemlac.com\/semmexico\/wp-json\/wp\/v2\/categories?post=35461"},{"taxonomy":"post_tag","embeddable":true,"href":"https:\/\/redsemlac.com\/semmexico\/wp-json\/wp\/v2\/tags?post=35461"}],"curies":[{"name":"wp","href":"https:\/\/api.w.org\/{rel}","templated":true}]}}