{"id":35454,"date":"2021-05-17T11:53:56","date_gmt":"2021-05-17T17:53:56","guid":{"rendered":"https:\/\/redsemlac.com\/semmexico\/?p=35454"},"modified":"2023-07-21T16:59:58","modified_gmt":"2023-07-21T21:59:58","slug":"en-mayo-florecen-las-luchas-y-reverdecen-las-esperanzas","status":"publish","type":"post","link":"https:\/\/redsemlac.com\/semmexico\/en-mayo-florecen-las-luchas-y-reverdecen-las-esperanzas\/","title":{"rendered":"En mayo florecen las luchas y reverdecen las esperanzas"},"content":{"rendered":"\n<p class=\"wp-block-paragraph\"><strong>Por: Jos\u00e9 Mart\u00ednez Cruz<\/strong><\/p>\n\n\n\n<p class=\"wp-block-paragraph\">SemM\u00e9xico. Cd. de M\u00e9xico. 17 de mayo 2021.- En mayo han crecido las luchas en todo el mundo. Se conmemoran los 10 a\u00f1os del 15M en el Estado Espa\u00f1ol que se extendi\u00f3 en protestas de indignaci\u00f3n contra las pol\u00edticas neoliberales. Se mantiene el paro nacional popular en Colombia contra la reforma tributaria y de salud que pretende imponer a sangre y fuego el gobierno derechista de Duque, dejando un reguero de sangre y dolor, con cientos de presos, desaparecidos, asesinados. El pueblo palestino se levanta contra la masacre que comete el Estado sionista de Israel, que bombardea inmisericorde la Franja de Gaza y mata civiles para imponer su pol\u00edtica genocida. En la India ha hecho crisis la pandemia del Covid19 y se invisibiliza la protesta social de millones de campesinos. En M\u00e9xico las protestas que lleva a cabo el Sindicato Mexicano de Electricistas para recuperar su empleo y reincorporaci\u00f3n a la seguridad social, el Sindicato de Telefonistas contra las violaciones a su contrato colectivo y por la defensa de las jubilaciones para trabajadores de nuevo ingreso, el Sindicato del Instituto de Investigaciones Forestales Agr\u00edcolas y Pecuarias por revisi\u00f3n de contrato y respeto a sus derechos adquiridos, estos dos \u00faltimos han emplazado a huelga que vence el 19 y 27 de mayo, as\u00ed como la lucha del magisterio democr\u00e1tico que en su d\u00eda de la maestra y del maestro reitera su compromiso por democratizar el sindicato m\u00e1s grande de Am\u00e9rica Latina, son muestras claras de que el esp\u00edritu de los M\u00e1rtires de Cananea, R\u00edo Blanco y Chicago est\u00e1n presentes en la conciencia de la clase trabajadora.<\/p>\n\n\n\n<p class=\"wp-block-paragraph\">En el caso de estallar una huelga en tel\u00e9fonos, tendr\u00eda efectos en alrededor de 22 millones de personas con l\u00ednea telef\u00f3nica, 300 mil kil\u00f3metros de fibra \u00f3ptica, que es atendida por 63 mil trabajadores telefonistas, que defienden un pasivo laboral de 240 mil millones, cuando la empresa Telmex, de uno de los m\u00e1s ricos del pa\u00eds, solo ha puesto 140 mil millones y no lo que establece la ley.<\/p>\n\n\n\n<p class=\"wp-block-paragraph\">En las \u00faltimas semanas, los palestinos de Jerusal\u00e9n se han movilizado en masa para defender su derecho fundamental a vivir en sus propias casas, los hogares de sus familias durante varias generaciones, contra los intentos del gobierno israel\u00ed y de las organizaciones de colonos extremistas de expulsarlos y sustituirlos por colonos jud\u00edos en una pol\u00edtica que s\u00f3lo puede calificarse de limpieza \u00e9tnica. En Jerusal\u00e9n y otras ciudades mixtas, adem\u00e1s de la violencia ejercida por la polic\u00eda y las Fuerzas de Defensa de Israel, grupos jud\u00edos de extrema derecha han atacado a los \u00e1rabes en las calles. S\u00f3lo en Jerusal\u00e9n, cientos de palestinos han resultado heridos y decenas han sido encarcelados. No puede haber calma en esta situaci\u00f3n de agresi\u00f3n colonial. No hay \u00abigual responsabilidad\u00bb en la violencia. El Estado colonial de colonos de Israel est\u00e1 practicando una forma de apartheid y limpieza \u00e9tnica y a los palestinos se les niegan todos los derechos democr\u00e1ticos y nacionales. No habr\u00e1 una \u00absoluci\u00f3n justa\u00bb si no se respetan todos los derechos de los palestinos. Las actuales expresiones mundiales de solidaridad con los palestinos deben reforzarse y convertirse en un poderoso movimiento continuo para que Israel rinda cuentas de sus cr\u00edmenes.<\/p>\n\n\n\n<p class=\"wp-block-paragraph\">En India las actuales movilizaciones del campesinado indio contra las tres nuevas leyes agr\u00edcolas y el precio m\u00ednimo de apoyo son solo la punta del iceberg. Se trata m\u00e1s bien de una verdadera explosi\u00f3n contra la erosi\u00f3n progresiva de sus vidas y medios de subsistencia debido a la grave crisis agraria que sufre el pa\u00eds desde hace tres d\u00e9cadas. Una simple cifra podr\u00eda bastar para explicar la magnitud de esta crisis. En poco m\u00e1s de un cuarto de siglo, 400.000 campesinos se han suicidado a causa de las fuertes deudas. Adem\u00e1s, el n\u00famero de suicidios no refleja la magnitud de los problemas, ya que categor\u00edas enteras de campesinos no figuran en la lista oficial porque no tienen t\u00edtulos de propiedad. Se trata principalmente de mujeres, dalits e ind\u00edgenas.<\/p>\n\n\n\n<p class=\"wp-block-paragraph\">En Colombia las violaciones a derechos humanos y cr\u00edmenes de lesa humanidad cometidos por la polic\u00eda y el Ej\u00e9rcito no son hechos aislados, sino que responden a un patr\u00f3n consistente de violaciones y modus operandi a lo largo de todo el pa\u00eds que se mantiene en un paro nacional, por lo que las acciones de solidaridad internacionalista deben fortalecerse para impedir que contin\u00fae esta barbarie cometida por el gobierno colombiano.<\/p>\n\n\n\n<p class=\"wp-block-paragraph\">Que lo injusto no nos sea indiferente en cualquier parte del mundo. Como lo dijimos en carta enviada a la Asamblea Nacional Popular en Ayotzinapa: Nuestra palabra va acompa\u00f1ada de sentimientos profundos que nacen del coraz\u00f3n y de la conciencia organizada.<\/p>\n","protected":false},"excerpt":{"rendered":"<p>En mayo han crecido las luchas en todo el mundo. Se conmemoran los 10 a\u00f1os del 15M en el Estado Espa\u00f1ol que se extendi\u00f3 en protestas de indignaci\u00f3n contra las pol\u00edticas neoliberales.<\/p>\n","protected":false},"author":3,"featured_media":35457,"comment_status":"open","ping_status":"open","sticky":false,"template":"","format":"standard","meta":{"_monsterinsights_skip_tracking":false,"footnotes":""},"categories":[692,110,35],"tags":[],"class_list":["post-35454","post","type-post","status-publish","format-standard","has-post-thumbnail","category-692","category-la-opinion-columnas","category-opinion"],"_links":{"self":[{"href":"https:\/\/redsemlac.com\/semmexico\/wp-json\/wp\/v2\/posts\/35454","targetHints":{"allow":["GET"]}}],"collection":[{"href":"https:\/\/redsemlac.com\/semmexico\/wp-json\/wp\/v2\/posts"}],"about":[{"href":"https:\/\/redsemlac.com\/semmexico\/wp-json\/wp\/v2\/types\/post"}],"author":[{"embeddable":true,"href":"https:\/\/redsemlac.com\/semmexico\/wp-json\/wp\/v2\/users\/3"}],"replies":[{"embeddable":true,"href":"https:\/\/redsemlac.com\/semmexico\/wp-json\/wp\/v2\/comments?post=35454"}],"version-history":[{"count":0,"href":"https:\/\/redsemlac.com\/semmexico\/wp-json\/wp\/v2\/posts\/35454\/revisions"}],"wp:featuredmedia":[{"embeddable":true,"href":"https:\/\/redsemlac.com\/semmexico\/wp-json\/wp\/v2\/media\/35457"}],"wp:attachment":[{"href":"https:\/\/redsemlac.com\/semmexico\/wp-json\/wp\/v2\/media?parent=35454"}],"wp:term":[{"taxonomy":"category","embeddable":true,"href":"https:\/\/redsemlac.com\/semmexico\/wp-json\/wp\/v2\/categories?post=35454"},{"taxonomy":"post_tag","embeddable":true,"href":"https:\/\/redsemlac.com\/semmexico\/wp-json\/wp\/v2\/tags?post=35454"}],"curies":[{"name":"wp","href":"https:\/\/api.w.org\/{rel}","templated":true}]}}