{"id":35444,"date":"2021-05-17T09:36:55","date_gmt":"2021-05-17T15:36:55","guid":{"rendered":"https:\/\/redsemlac.com\/semmexico\/?p=35444"},"modified":"2023-07-21T16:59:58","modified_gmt":"2023-07-21T21:59:58","slug":"pensamiento-critico-o-todo-bajo-sospecha","status":"publish","type":"post","link":"https:\/\/redsemlac.com\/semmexico\/pensamiento-critico-o-todo-bajo-sospecha\/","title":{"rendered":"Pensamiento cr\u00edtico o todo bajo sospecha"},"content":{"rendered":"\n<h2 class=\"wp-block-heading\">Desobediencia<\/h2>\n\n\n\n<p class=\"has-text-align-right wp-block-paragraph\"><strong><em>\u201cEl pensamiento cr\u00edtico es tener el deseo de buscar, la paciencia para dudar, la afici\u00f3n de meditar, la lentitud para afirmar, la disposici\u00f3n para considerar, el cuidado para poner en orden y el odio por todo tipo de impostura\u201d Francis Bacon (1561-1626)<\/em><\/strong><\/p>\n\n\n\n<p class=\"wp-block-paragraph\"><strong>Olimpia Flores Ortiz<\/strong><\/p>\n\n\n\n<p class=\"wp-block-paragraph\">SemM\u00e9xico. Oaxaca. 17 de mayo 2021.-  Cualquier cosa que queramos definir con la noci\u00f3n de \u201cpensamiento cr\u00edtico\u201d se refiere en todo caso al \u00e1mbito de la racionalidad humana. Expongo tres.<\/p>\n\n\n\n<p class=\"wp-block-paragraph\">El \u201cpensamiento cr\u00edtico\u201d puede ser una noci\u00f3n filos\u00f3fica que desde la interrogaci\u00f3n permite diversas perspectivas de los acontecimientos. Saber Ver.&nbsp; Puede ser un m\u00e9todo para aplicarlo pragm\u00e1ticamente a la toma asertiva de decisiones y el logro de metas de cualquier actividad, un camino al \u201c\u00e9xito\u201d. Y pedag\u00f3gica, como el fomento de la capacidad anal\u00edtica de las y los educandos.<\/p>\n\n\n\n<p class=\"wp-block-paragraph\">La noci\u00f3n de \u201cpensamiento cr\u00edtico\u201d comparte la versatilidad como atributo, con su socio el \u201cpensamiento complejo\u201d cuya teor\u00eda alcanza lo mismo a la f\u00edsica cu\u00e1ntica, la indagaci\u00f3n filos\u00f3fica, la educaci\u00f3n, que a la planeaci\u00f3n empresarial. Una vez m\u00e1s se demuestra que los saberes carecen de pureza y neutralidad, en tanto sus usos y efectos.<\/p>\n\n\n\n<p class=\"wp-block-paragraph\">El pensamiento cr\u00edtico es del cuestionamiento, como el pensamiento de la complejidad lo es del an\u00e1lisis sist\u00e9mico, nada sucede por s\u00ed, todo interact\u00faa. Nada se comprende aisladamente. Los saberes se atraviesan.&nbsp; &nbsp;&nbsp;&nbsp;&nbsp;&nbsp;<\/p>\n\n\n\n<p class=\"wp-block-paragraph\">El enunciado mismo de \u201cpensamiento cr\u00edtico\u201d alude a una actitud: en tanto mi racionalidad me remite en primer t\u00e9rmino a mi misma, (\u201cpienso, luego existo\u201d) no me queda m\u00e1s que la autocr\u00edtica como principio. \u00bfCu\u00e1l es la naturaleza de mis procederes? \u00bfQu\u00e9 es lo que me impele desde el inconsciente? Porque no toda operaci\u00f3n racional se nutre exclusivamente de la raz\u00f3n. La psique se manda sola e influye.<\/p>\n\n\n\n<p class=\"wp-block-paragraph\">El pensamiento cr\u00edtico, consiste en un permanente estado de sospecha. No hay dogmas, no hay verdades. Nada se da por v\u00e1lido si no lo problematizo: se ponen en juego an\u00e1lisis e&nbsp;&nbsp; interpretaciones acerca de lo que la realidad me dice.&nbsp; La cr\u00edtica, s\u00f3lo puede ser de la raz\u00f3n, como nos ense\u00f1\u00f3 Kant, incluida la raz\u00f3n misma.<\/p>\n\n\n\n<p class=\"wp-block-paragraph\">El pensamiento cr\u00edtico tiene una tradici\u00f3n hist\u00f3rica asociada a las utop\u00edas y se remonta hasta Plat\u00f3n en la antigua Grecia. Ejemplifico la zaga: Tom\u00e1s Moro, Francis Bacon en el Renacimiento; Babeuf del Siglo de las Luces; Robert Owen , Fourier y Sant Sim\u00f3n, los ut\u00f3picos.<\/p>\n\n\n\n<p class=\"wp-block-paragraph\">En Am\u00e9rica, por ejemplo las esforzadas utop\u00edas de Vasco de Quiroga, en el Estado de M\u00e9xico y en Michoac\u00e1n, o las de los jesuitas en Paraguay.<\/p>\n\n\n\n<p class=\"wp-block-paragraph\">Un hito determinante para el mundo, producido en Europa, es el surgimiento de los llamados fil\u00f3sofos de la sospecha, piedras angulares del pensamiento cr\u00edtico que fueron Marx (la disecci\u00f3n de las leyes del capitalismo), Freud (el descubrimiento del inconsciente; el malestar en la cultura) y Nietzsche (la vida como una obra de arte).<\/p>\n\n\n\n<p class=\"wp-block-paragraph\">Los movimientos de la historia tuvieron protagonistas mujeres de gran fuerza. En la Revoluci\u00f3n Industrial, Mary Wollstonecfrat que proclamaba \u201cEducad a las mujeres como a los hombres. Ese es el objetivo que yo propongo. No deseo que tengan poder sobre ellos, sino sobre s\u00ed mismas\u201d. La Revoluci\u00f3n Francesa, Olympia de Gougues y su Declaraci\u00f3n de los Derechos de la Mujer que le valiera la guillotina manos de la misma revoluci\u00f3n; Flora Trist\u00e1n y las reivindicaciones laborales en Francia; La Revoluci\u00f3n Sovi\u00e9tica, Alejandra Kollontai que escribiera que \u201cEn las relaciones sexuales la mujer nueva no renunciar\u00eda a su naturaleza femenina, ni al placer de la carne y elegir\u00eda libremente al hombre que quisiese como padre de su descendencia\u201d; el socialismo alem\u00e1n, Rosa Luxemburgo, te\u00f3rica marxista polaca de origen jud\u00edo y revolucionaria, fundadora del partido comunista alem\u00e1n, asesinada por grupos de choque del gobierno alem\u00e1n, estando el partido socialdem\u00f3crata en el poder, aqu\u00ed un fragmento \u201cLa libertad siempre ha sido y es la libertad para aquellos que piensen diferente\u00bb. En M\u00e9xico Hermila Galindo feminista y art\u00edfice de la Ley del Divorcio promulgada en 1914\u2026\u00a0 selecci\u00f3n incompleta de mujeres de pensamiento cr\u00edtico y determinante para la gesta por los derechos de las mujeres.<\/p>\n\n\n\n<div class=\"wp-block-image\"><figure class=\"aligncenter size-large\"><a href=\"https:\/\/redsemlac.com\/semmexico\/wp-content\/uploads\/2021\/05\/olimpia-1.png\"><img loading=\"lazy\" decoding=\"async\" width=\"740\" height=\"480\" src=\"https:\/\/redsemlac.com\/semmexico\/wp-content\/uploads\/2021\/05\/olimpia-1.png\" alt=\"\" class=\"wp-image-35445\"\/><\/a><figcaption><em><strong>Alejandra Kollontai<\/strong><\/em><\/figcaption><\/figure><\/div>\n\n\n\n<p class=\"wp-block-paragraph\">El desarrollo de la Teor\u00eda Cr\u00edtica de la Sociedad, ser\u00eda un segundo momento en el siglo XX del pensamiento cr\u00edtico con exponentes como Benjamin, Horkheimer, Fromm, Adorno y m\u00e1s.&nbsp; Esta corriente fund\u00f3 un Instituto para la Investigaci\u00f3n Social vinculado a la Universidad de Frankfurt en Alemania, por lo que se le conoce de esa manera: la Escuela de Frankfurt. Con influencia del marxismo, lo critic\u00f3 desde una perspectiva multidisciplinaria y se alej\u00f3 del oficialismo sovi\u00e9tico. La Teor\u00eda Cr\u00edtica tuvo la virtud entonces de otorgarle preminencia al an\u00e1lisis hist\u00f3rico-social que les permiti\u00f3 identificar los mecanismos de opresi\u00f3n y de exclusi\u00f3n. Esta escuela se caracteriza por la toma de posturas y la acci\u00f3n pol\u00edtica, como consecuencia de su an\u00e1lisis&nbsp; &nbsp;<\/p>\n\n\n\n<p class=\"wp-block-paragraph\">No hay manera de establecer una sola vertiente del pensamiento cr\u00edtico al que los pensadores y los transformadores llegaron por diferentes v\u00edas, seg\u00fan su tiempo. Los movimientos de independencia, las revoluciones, las aperturas democr\u00e1ticas que sucedieron a las dictaduras latinoamericanas, no hubieran sido sin las y los pensadores cr\u00edticos. La Teolog\u00edas de la Liberaci\u00f3n es pensamiento cr\u00edtico. &nbsp;&nbsp;<\/p>\n\n\n\n<p class=\"wp-block-paragraph\">El pensamiento cr\u00edtico de sustrato filos\u00f3fico, es de tendencias humanistas, socialistas, dem\u00f3cratas liberales, altercapitalistas, anticolonialistas.<\/p>\n\n\n\n<p class=\"wp-block-paragraph\">En estas tendencias del pensamiento cr\u00edtico se inscriben las corrientes del feminismo que asumen el cuestionamiento pol\u00edtico, estructural y simb\u00f3lico del orden sist\u00e9mico mundial patriarcal, capitalista, heterosexual. Es un feminismo de la resistencia.<\/p>\n\n\n\n<p class=\"wp-block-paragraph\">Del pensamiento cr\u00edtico es tambi\u00e9n el pensamiento del indianismo que cuestiona la expoliaci\u00f3n de las poblaciones ind\u00edgenas y el despojo de los recursos naturales, y cuyas organizaciones comunitarias constituyen una alternativa viviente al modo de existencia capitalista.<\/p>\n\n\n\n<p class=\"wp-block-paragraph\">Hay pues una multiplicidad de pensamientos cr\u00edticos. Ese que me cuestiona en primer orden y me moviliza la perspectiva con que miro mi contig\u00fcidad con lo otro, produce afectos, por ah\u00ed se teje la comunidad y por ah\u00ed la toma de postura, es en tanto tal, pol\u00edtica. El pensamiento cr\u00edtico conduce hacia alternativas societarias. &nbsp;<\/p>\n\n\n\n<p class=\"wp-block-paragraph\"><a href=\"https:\/\/www.facebook.com\/OlimpiaFloresMirabilia\">https:\/\/www.facebook.com\/OlimpiaFloresMirabilia<\/a><\/p>\n\n\n\n<p class=\"wp-block-paragraph\">twitter: @euphrasina (amor por la elocuencia)<\/p>\n","protected":false},"excerpt":{"rendered":"<p>El pensamiento cr\u00edtico es tener el deseo de buscar, la paciencia para dudar, la afici\u00f3n de meditar, la lentitud para afirmar<\/p>\n","protected":false},"author":3,"featured_media":18201,"comment_status":"open","ping_status":"open","sticky":false,"template":"","format":"standard","meta":{"_monsterinsights_skip_tracking":false,"footnotes":""},"categories":[692,133,134,35],"tags":[],"class_list":["post-35444","post","type-post","status-publish","format-standard","has-post-thumbnail","category-692","category-desobediencia","category-olimpia-flores-ortiz","category-opinion"],"_links":{"self":[{"href":"https:\/\/redsemlac.com\/semmexico\/wp-json\/wp\/v2\/posts\/35444","targetHints":{"allow":["GET"]}}],"collection":[{"href":"https:\/\/redsemlac.com\/semmexico\/wp-json\/wp\/v2\/posts"}],"about":[{"href":"https:\/\/redsemlac.com\/semmexico\/wp-json\/wp\/v2\/types\/post"}],"author":[{"embeddable":true,"href":"https:\/\/redsemlac.com\/semmexico\/wp-json\/wp\/v2\/users\/3"}],"replies":[{"embeddable":true,"href":"https:\/\/redsemlac.com\/semmexico\/wp-json\/wp\/v2\/comments?post=35444"}],"version-history":[{"count":0,"href":"https:\/\/redsemlac.com\/semmexico\/wp-json\/wp\/v2\/posts\/35444\/revisions"}],"wp:featuredmedia":[{"embeddable":true,"href":"https:\/\/redsemlac.com\/semmexico\/wp-json\/wp\/v2\/media\/18201"}],"wp:attachment":[{"href":"https:\/\/redsemlac.com\/semmexico\/wp-json\/wp\/v2\/media?parent=35444"}],"wp:term":[{"taxonomy":"category","embeddable":true,"href":"https:\/\/redsemlac.com\/semmexico\/wp-json\/wp\/v2\/categories?post=35444"},{"taxonomy":"post_tag","embeddable":true,"href":"https:\/\/redsemlac.com\/semmexico\/wp-json\/wp\/v2\/tags?post=35444"}],"curies":[{"name":"wp","href":"https:\/\/api.w.org\/{rel}","templated":true}]}}