{"id":3544,"date":"2017-09-20T19:45:03","date_gmt":"2017-09-20T19:45:03","guid":{"rendered":"https:\/\/redsemlac.com\/semmexico\/?p=3544"},"modified":"2023-07-21T14:25:14","modified_gmt":"2023-07-21T19:25:14","slug":"sistema-dif-michoacan-acopia-ayuda-por-sismos","status":"publish","type":"post","link":"https:\/\/redsemlac.com\/semmexico\/sistema-dif-michoacan-acopia-ayuda-por-sismos\/","title":{"rendered":"Sistema DIF Michoac\u00e1n acopia ayuda por sismos"},"content":{"rendered":"\n<p class=\"wp-block-paragraph\">Solicitan alimentos enlatados, no perecederos, pa\u00f1ales y art\u00edculo aseo personal<\/p>\n\n\n\n<h5 class=\"wp-block-heading\"> Los y las michoacanos siempre hemos brindado ayuda a quien la requiere y en esta ocasi\u00f3n no es la excepci\u00f3n<\/h5>\n\n\n\n<p class=\"wp-block-paragraph\"><a href=\"https:\/\/semmexico.com\/gallery-post.php?id=2992#\">Redacci\u00f3n<\/a><\/p>\n\n\n\n<p class=\"wp-block-paragraph\">SemM\u00e9xico, Morelia, Mich., 20 septiembre 2017.- Con un llamado a la solidaridad, el Sistema para el Desarrollo Integral de la Familia (DIF) Michoac\u00e1n invita a toda la poblaci\u00f3n a donar y apoyar a las personas que resultaron afectadas por los sismos registrados en los \u00faltimos d\u00edas en varios estados del pa\u00eds. La directora general del Sistema DIF Michoac\u00e1n, Roc\u00edo Beamonte Romero, afirm\u00f3 que ante la tragedia, los y las michoacanos siempre hemos brindado ayuda a quien la requiere y en esta ocasi\u00f3n no es la excepci\u00f3n, por lo que se abri\u00f3 un Centro de Acopio para reunir diversos productos y enviarlos a las zonas afectadas. Roc\u00edo Beamonte detall\u00f3 que se ha establecido una coordinaci\u00f3n con las instancias estatales y federales, as\u00ed como con el Sistema DIF Nacional para no duplicar los esfuerzos y que la ayuda llegue a quienes la requieren. Precis\u00f3 que en esta ocasi\u00f3n se solicitan alimentos enlatados y no perecederos, agua embotellada, pa\u00f1ales, as\u00ed como art\u00edculos de aseo personal. El Centro de Acopio se encuentra ubicado en la Av. Acueducto esquina Ventura Puente, frente a la Plaza Jard\u00edn Morelos, en un horario de 8 de la ma\u00f1ana a 7 de la noche. SEM\/gr\/sj<\/p>\n","protected":false},"excerpt":{"rendered":"<p>Solicitan alimentos enlatados, no perecederos, pa\u00f1ales y art\u00edculo aseo personal Los y las michoacanos siempre hemos brindado ayuda a quien la requiere y en esta ocasi\u00f3n no es la excepci\u00f3n Redacci\u00f3n SemM\u00e9xico, Morelia, Mich., 20 septiembre 2017.- Con un llamado a la solidaridad, el Sistema para el Desarrollo Integral de la Familia (DIF) Michoac\u00e1n invita [&hellip;]<\/p>\n","protected":false},"author":3,"featured_media":3545,"comment_status":"open","ping_status":"open","sticky":false,"template":"","format":"standard","meta":{"_monsterinsights_skip_tracking":false,"footnotes":""},"categories":[687,42],"tags":[],"class_list":["post-3544","post","type-post","status-publish","format-standard","has-post-thumbnail","category-687","category-sismos-y-reconstruccion"],"_links":{"self":[{"href":"https:\/\/redsemlac.com\/semmexico\/wp-json\/wp\/v2\/posts\/3544","targetHints":{"allow":["GET"]}}],"collection":[{"href":"https:\/\/redsemlac.com\/semmexico\/wp-json\/wp\/v2\/posts"}],"about":[{"href":"https:\/\/redsemlac.com\/semmexico\/wp-json\/wp\/v2\/types\/post"}],"author":[{"embeddable":true,"href":"https:\/\/redsemlac.com\/semmexico\/wp-json\/wp\/v2\/users\/3"}],"replies":[{"embeddable":true,"href":"https:\/\/redsemlac.com\/semmexico\/wp-json\/wp\/v2\/comments?post=3544"}],"version-history":[{"count":0,"href":"https:\/\/redsemlac.com\/semmexico\/wp-json\/wp\/v2\/posts\/3544\/revisions"}],"wp:featuredmedia":[{"embeddable":true,"href":"https:\/\/redsemlac.com\/semmexico\/wp-json\/wp\/v2\/media\/3545"}],"wp:attachment":[{"href":"https:\/\/redsemlac.com\/semmexico\/wp-json\/wp\/v2\/media?parent=3544"}],"wp:term":[{"taxonomy":"category","embeddable":true,"href":"https:\/\/redsemlac.com\/semmexico\/wp-json\/wp\/v2\/categories?post=3544"},{"taxonomy":"post_tag","embeddable":true,"href":"https:\/\/redsemlac.com\/semmexico\/wp-json\/wp\/v2\/tags?post=3544"}],"curies":[{"name":"wp","href":"https:\/\/api.w.org\/{rel}","templated":true}]}}