{"id":35424,"date":"2021-05-17T08:41:08","date_gmt":"2021-05-17T14:41:08","guid":{"rendered":"https:\/\/redsemlac.com\/semmexico\/?p=35424"},"modified":"2023-07-21T16:59:58","modified_gmt":"2023-07-21T21:59:58","slug":"las-magas-por-martha-canseco-gonzalez-opinion","status":"publish","type":"post","link":"https:\/\/redsemlac.com\/semmexico\/las-magas-por-martha-canseco-gonzalez-opinion\/","title":{"rendered":"\u00a0Las Magas"},"content":{"rendered":"<p><span style=\"font-weight: 400;\">*A las magas que est\u00e1n compartiendo su sabidur\u00eda en las plataformas, sean talleristas, terapeutas, artistas, periodistas, acad\u00e9micas.<\/span><\/p>\n<p><!--more--><\/p>\n<p>Por&nbsp;Martha Canseco Gonz\u00e1lez<\/p>\n<p><span style=\"font-weight: 400;\">SemM\u00e9xico, Pachuca, Hidalgo, 17 de mayo, 2021.- Situaciones como las que estamos viviendo desde hace m\u00e1s de un a\u00f1o a ra\u00edz de la pandemia de COVID 19, nos han estremecido a muchas y muchos hasta la m\u00e9dula. La muerte de tanta gente querida, el colapso econ\u00f3mico que est\u00e1n enfrentando muchas familias, incremento de la violencia de g\u00e9nero, pedofilia, y abuso infantil. Sin embargo, y hay que reconocerlo, tambi\u00e9n ha tra\u00eddo cosas buenas.<\/span><\/p>\n<p><span style=\"font-weight: 400;\">Una mayor conciencia sobre la necesidad urgente de cuidar el planeta, de darle sentido a nuestra existencia que no sea el impuesto por el consumismo y por descontado mejorarla, entre otras. Por eso, me encanta como el feminismo ha aprovechado esta revoluci\u00f3n que se est\u00e1 dando sobre todo en el proceso de ense\u00f1anza-aprendizaje a distancia.<\/span><\/p>\n<p><span style=\"font-weight: 400;\">Las feministas de todas las edades est\u00e1n hurgando en sus saberes adquiridos en los c\u00edrculos de mujeres, en las marchas y m\u00edtines, en la academia, en las conversaciones y an\u00e1lisis profundos que se nos dan tan bien y lo est\u00e1n compartiendo para quienes quieran.<\/span><\/p>\n<p><span style=\"font-weight: 400;\">En estos \u00faltimos meses tanto he tomado como he dado cursos como, por ejemplo: creatividad para demostrar el amor rom\u00e1ntico distinto al patriarcal, reflexolog\u00eda sexual para mujeres, gordof\u00f3bia y violencia est\u00e9tica contra las mujeres, aromaterapia, g\u00e9nero y periodismo, g\u00e9nero y comunicaci\u00f3n, autocuidado para activistas, autocuidado para mujeres en general, m\u00e1s los que se acumulen hasta que termine la pandemia.<\/span><\/p>\n<p><span style=\"font-weight: 400;\">Esta estrategia patriarcal de poner a los hombres como la medida de todas las cosas, incluido el conocimiento, ha tra\u00eddo como consecuencia que se pierda, invisibilice, difame o ridiculice la sabidur\u00eda femenina, esa que va salvar al planeta y a la humanidad, porque cuando este sistema de muerte acabe con todo, ah\u00ed vamos a estar nosotras para recomponerlo.&nbsp; \u00a1Eso s\u00ed! No volveremos a permitir que el patriarcado, cuando ya est\u00e9 todo bien nuevamente, se autoproclame en la cima del poder y vuelva a hacer lo mismo.<\/span><\/p>\n<p><span style=\"font-weight: 400;\">La negaci\u00f3n de la sabidur\u00eda femenina tambi\u00e9n ha propiciado que se pierda m\u00e1s de la mitad del conocimiento humano, lo cual es una verdadera l\u00e1stima. La actual ganadora del premio Pr\u00edncipe de Asturias de las letras Siri Hustvedt, en entrevista, refiere: \u201cLeer es una manera de abrirse a la voz de la otra, del otro. Mientras lees te ocupa, te posee literalmente la voz de esa otra, de ese otro. Para un hombre heterosexual, imbuido en la idea de masculinidad tradicional, someterse a la voz de una autora puede percibirse como una castraci\u00f3n\u201d<\/span><\/p>\n<h3 style=\"text-align: center;\"><strong>As\u00ed de rid\u00edcula puede ser la posici\u00f3n de muchos hombres, \u00a1y no saben de lo que se han perdido!<\/strong><\/h3>\n<p><span style=\"font-weight: 400;\">Hago aqu\u00ed un par\u00e9ntesis para comentar una experiencia personal, cuando gracias al feminismo decid\u00ed referirme a m\u00ed misma en femenino y usar el lenguaje incluyente experiment\u00e9 un proceso de expansi\u00f3n mental. Es decir, dej\u00e9 de ver s\u00f3lo un \u00e1rbol, el del gen\u00e9rico masculino, y me permit\u00ed ver el bosque completo, eso de entrada es fenomenal.<\/span><\/p>\n<p><span style=\"font-weight: 400;\">As\u00ed que aprovecho la oportunidad para dirigirme a mis lectores masculinos. La respuesta a la ancestral pregunta que se hacen los hombres \u00bfy qui\u00e9n entiende a las mujeres?, aqu\u00ed les va: \u00a1Qui\u00e9n se tome la molestia de escucharlas y de leerlas con atenci\u00f3n! Y por favor no nos den su opini\u00f3n que nadie ha pedido ni nadie quiere, \u00a1s\u00f3lo escuchen y lean!<\/span><\/p>\n<p><span style=\"font-weight: 400;\">A las magas que est\u00e1n compartiendo su sabidur\u00eda en las plataformas, sean talleristas, terapeutas, artistas, periodistas, acad\u00e9micas. \u00a1Sigan por favor, llenen de luz al mundo!<\/span><\/p>\n<p><span style=\"font-weight: 400;\">botellalmar2016@gmail.com<\/span><\/p>\n","protected":false},"excerpt":{"rendered":"<p>*A las magas que est\u00e1n compartiendo su sabidur\u00eda en las plataformas, sean talleristas, terapeutas, artistas, periodistas, acad\u00e9micas.<\/p>\n","protected":false},"author":3,"featured_media":9095,"comment_status":"open","ping_status":"open","sticky":false,"template":"","format":"standard","meta":{"_monsterinsights_skip_tracking":false,"footnotes":""},"categories":[692,36,84],"tags":[],"class_list":["post-35424","post","type-post","status-publish","format-standard","has-post-thumbnail","category-692","category-columnistas","category-martha-canseco"],"_links":{"self":[{"href":"https:\/\/redsemlac.com\/semmexico\/wp-json\/wp\/v2\/posts\/35424","targetHints":{"allow":["GET"]}}],"collection":[{"href":"https:\/\/redsemlac.com\/semmexico\/wp-json\/wp\/v2\/posts"}],"about":[{"href":"https:\/\/redsemlac.com\/semmexico\/wp-json\/wp\/v2\/types\/post"}],"author":[{"embeddable":true,"href":"https:\/\/redsemlac.com\/semmexico\/wp-json\/wp\/v2\/users\/3"}],"replies":[{"embeddable":true,"href":"https:\/\/redsemlac.com\/semmexico\/wp-json\/wp\/v2\/comments?post=35424"}],"version-history":[{"count":0,"href":"https:\/\/redsemlac.com\/semmexico\/wp-json\/wp\/v2\/posts\/35424\/revisions"}],"wp:featuredmedia":[{"embeddable":true,"href":"https:\/\/redsemlac.com\/semmexico\/wp-json\/wp\/v2\/media\/9095"}],"wp:attachment":[{"href":"https:\/\/redsemlac.com\/semmexico\/wp-json\/wp\/v2\/media?parent=35424"}],"wp:term":[{"taxonomy":"category","embeddable":true,"href":"https:\/\/redsemlac.com\/semmexico\/wp-json\/wp\/v2\/categories?post=35424"},{"taxonomy":"post_tag","embeddable":true,"href":"https:\/\/redsemlac.com\/semmexico\/wp-json\/wp\/v2\/tags?post=35424"}],"curies":[{"name":"wp","href":"https:\/\/api.w.org\/{rel}","templated":true}]}}