{"id":35423,"date":"2021-05-17T09:33:16","date_gmt":"2021-05-17T15:33:16","guid":{"rendered":"https:\/\/redsemlac.com\/semmexico\/?p=35423"},"modified":"2023-07-21T16:59:58","modified_gmt":"2023-07-21T21:59:58","slug":"que-hacen-socialistas-y-comunistas-antes-de-las-elecciones","status":"publish","type":"post","link":"https:\/\/redsemlac.com\/semmexico\/que-hacen-socialistas-y-comunistas-antes-de-las-elecciones\/","title":{"rendered":"Qu\u00e9 hacen socialistas y comunistas antes de las elecciones"},"content":{"rendered":"<p>&nbsp;<\/p>\n<p><b><i>Miradas de reportero<\/i><\/b><\/p>\n<p>&nbsp;<\/p>\n<p><strong>Por Rogelio Hern\u00e1ndez L\u00f3pez<\/strong><\/p>\n<p><span style=\"font-weight: 400;\">SemM\u00e9xico, Cd. de M\u00e9xico, 17 de mayo, 2021.- Son poco reporteadas las izquierdas mexicanas de ideolog\u00eda comunista y socialista. Miles de mujeres y hombres en todo el pa\u00eds con esta definici\u00f3n intensificaron su activismo ante la cercan\u00eda de los comicios del 6 de junio. Colegas que reportean la pol\u00edtica y otros observadores interesados anoten algunas novedades:<\/span><\/p>\n<p><span style=\"font-weight: 400;\">UNA. El 20 de marzo fundaron la federaci\u00f3n<\/span><i><span style=\"font-weight: 400;\"> Unidad Comunista<\/span><\/i><span style=\"font-weight: 400;\"> (UC) cuatro de los organismos pol\u00edticos m\u00e1s activos y de mayor tradici\u00f3n: el <\/span><i><span style=\"font-weight: 400;\">Movimiento Comunista Mexicano<\/span><\/i><span style=\"font-weight: 400;\"> (MCM), el <\/span><i><span style=\"font-weight: 400;\">Partido de los Comunistas Mexicanos<\/span><\/i><span style=\"font-weight: 400;\"> (PdlCM), el <\/span><i><span style=\"font-weight: 400;\">Partido Popular Socialista de M\u00e9xico<\/span><\/i><span style=\"font-weight: 400;\"> (PPSM) y el <\/span><i><span style=\"font-weight: 400;\">Frente de Izquierda Revolucionario<\/span><\/i><span style=\"font-weight: 400;\"> (FIR). Desde abril su Coordinaci\u00f3n Pol\u00edtica Nacional (CPN) es de 12 personas con tres miembros por cada organismo fundador, m\u00e1s los que se sumen.<\/span><\/p>\n<p><span style=\"font-weight: 400;\">DOS. El frente amplio de organizaciones locales y personas en lo individual llamado <\/span><i><span style=\"font-weight: 400;\">Unidad de las izquierdas<\/span><\/i><span style=\"font-weight: 400;\"> (UI) emiti\u00f3 el 18 de marzo un pronunciamiento nacional donde llama \u201c<\/span><i><span style=\"font-weight: 400;\">a votar por diputados federales y estatales de Morena para que consiga mayor\u00eda calificada o por lo menos la mayor\u00eda simple en la C\u00e1mara de diputados y obtenga mayor\u00eda por lo menos en 17 congresos locales para respaldar las reformas constitucionales de la 4T<\/span><\/i><span style=\"font-weight: 400;\">\u201d. En este frente participan militantes de Morena. UI prepara su Congreso Nacional para este mes de mayo.<\/span><\/p>\n<p><span style=\"font-weight: 400;\">TRES. El frente m\u00e1s amplio de organizaciones de las distintas izquierdas se llama <\/span><i><span style=\"font-weight: 400;\">Movimiento de Unidad Socialista (US)<\/span><\/i><span style=\"font-weight: 400;\">. Aqu\u00ed convergen 19 organismos veteranos, casi todos estatales, tanto pol\u00edticos como sindicales, campesinos, estudiantiles y sociales. A finales de abril advirti\u00f3 en un mensaje especial que <\/span><i><span style=\"font-weight: 400;\">\u201cla oligarqu\u00eda y sus representantes est\u00e1n tratando de acomodarse en la Cuarta Transformaci\u00f3n, por lo que consideramos indispensable dar la lucha ideol\u00f3gica desde el campo de la izquierda para evitar el regreso al pasado\u201d<\/span><\/i><span style=\"font-weight: 400;\">. Varias personalidades de este frente son candidatos de Morena a cargos de distinto nivel.<\/span><\/p>\n<p><b>La Federaci\u00f3n<\/b><\/p>\n<p><span style=\"font-weight: 400;\">El<\/span><i><span style=\"font-weight: 400;\"> Movimiento Comunista Mexicano<\/span><\/i><span style=\"font-weight: 400;\"> (MCM) es el agrupamiento m\u00e1s regular en sus actividades y probablemente el m\u00e1s numeroso; la mayor\u00eda de sus integrantes pertenecieron al extinto PCM. Cada semana hace circular su revista con m\u00e1s 100 p\u00e1ginas <\/span><i><span style=\"font-weight: 400;\">Tribuna Comunista<\/span><\/i><span style=\"font-weight: 400;\">. En su edici\u00f3n 434 del 9 de mayo report\u00f3 detalles de la nueva federaci\u00f3n comunista.<\/span><\/p>\n<p><i><span style=\"font-weight: 400;\">\u201cEl Partido de los Comunistas Mexicanos (PdlCM), el Partido Popular Socialista de M\u00e9xico (PPSM), el Movimiento Comunista Mexicano (MCM), y el Frente de Izquierda Revolucionario (FIR), luego de nuestro Congreso fundacional, celebrado los d\u00edas 18 y 20 de marzo de 2021, establecimos la federaci\u00f3n con una direcci\u00f3n colectiva<\/span><\/i><\/p>\n<p><i><span style=\"font-weight: 400;\">\u201cNos proponemos articular nuestras actividades unitarias en todos los frentes para impulsar la formaci\u00f3n pol\u00edtica y la organizaci\u00f3n de la clase trabajadora y el pueblo de M\u00e9xico, y avanzar hacia la liberaci\u00f3n nacional y el socialismo, realizando actividades conjuntas en los centros de trabajo y territorios, para lo cual aprobamos un Plan de acci\u00f3n inicial para el periodo marzo-diciembre de 2021.\u201d<\/span><\/i><\/p>\n<p><span style=\"font-weight: 400;\">Para vincularse m\u00e1s con sectores sociales preparan reuniones y conferencias para \u201c<\/span><i><span style=\"font-weight: 400;\">Los trabajadores del campo y la ciudad y la UC (mayo); Las mujeres y la UC (julio); Los j\u00f3venes y la UC (septiembre); El medio ambiente y la UC (noviembre); adem\u00e1s de una Agenda de 16 temas de debate que lleven a la construcci\u00f3n de un pensamiento com\u00fan para la acci\u00f3n, en un proceso de organizaci\u00f3n y movilizaci\u00f3n en todo el pa\u00eds.\u201d<\/span><\/i><\/p>\n<p><b>Unidad de las izquierdas en Morena<\/b><\/p>\n<p><span style=\"font-weight: 400;\">La <\/span><i><span style=\"font-weight: 400;\">Unidad de las Izquierdas<\/span><\/i><span style=\"font-weight: 400;\"> (UI) informa, en su cuenta de Facebook, que ya form\u00f3 cientos de Comit\u00e9s de Defensa de la 4T en m\u00e1s de 20 entidades; agrega que en mayo realizar\u00e1 su Congreso Nacional para el que llama a la unidad a otras personas y organizaciones de todas las filiaciones de izquierda socialista donde incluye a comunistas. La UI ha realizado tres encuentros nacionales.<\/span><\/p>\n<p><span style=\"font-weight: 400;\">Esto, aclara, <\/span><i><span style=\"font-weight: 400;\">\u201ctodav\u00eda no es una organizaci\u00f3n partidista sino \u201cun proceso plural y con \u00e1nimo constructivo, para integrar un frente nacional que permita a las fuerzas sociales y pol\u00edticas del pa\u00eds, que nos identificamos con los principios elementales de la izquierda, a saber, la igualdad, la democracia participativa y el imperio de los derechos para las mayor\u00edas, gestar un polo unitario para influir de modo cada vez m\u00e1s determinante en el actual contexto pol\u00edtico nacional.\u201d<\/span><\/i><\/p>\n<p><span style=\"font-weight: 400;\">El 18 de abril de 2021 los integrantes de su Comisi\u00f3n Coordinadora Nacional emitieron un <\/span><i><span style=\"font-weight: 400;\">Posicionamiento frente al proceso electoral actual. <\/span><\/i><span style=\"font-weight: 400;\">Documento en m\u00e1s de seis p\u00e1ginas que circulan en las delegaciones que tiene por entidad y en los Comit\u00e9s de Defensa de la 4T.<\/span><\/p>\n<p><span style=\"font-weight: 400;\">All\u00ed llaman a votar por los candidatos a diputados federales y estatales de Morena. Casi todo el texto es para hacer una amplia y severa cr\u00edtica a los directivos de Morena por sus \u201cgraves errores\u201d.<\/span><\/p>\n<p><i><span style=\"font-weight: 400;\">\u201cHoy en todos los estados de la Rep\u00fablica se generan inconformidades y cuestionamientos se\u00f1alando a priistas y panistas o personas alejadas de un compromiso con las causas y principios de MORENA que est\u00e1n surgiendo como candidatos de \u00e9ste.<\/span><\/i><\/p>\n<p><i><span style=\"font-weight: 400;\">\u201c\u2026 estamos frente a una elecci\u00f3n que determinar\u00e1 la fortaleza del gobierno de AMLO y de la construcci\u00f3n de la 4T, lo deseable ser\u00eda que por lo que se refiere a la C\u00e1mara de diputados se consiga la mayor\u00eda calificada o por lo menos la mayor\u00eda simple, y tambi\u00e9n se requiere tener mayor\u00eda por lo menos en 17 congresos locales para respaldar las reformas constitucionales.\u201d<\/span><\/i><\/p>\n<p><b>El abigarrado MUS<\/b><\/p>\n<p><span style=\"font-weight: 400;\">El <\/span><i><span style=\"font-weight: 400;\">Movimiento de Unidad Socialista<\/span><\/i><span style=\"font-weight: 400;\"> (MUS) no ha emitido comunicaci\u00f3n como frente respecto a las elecciones. Sus informaciones m\u00e1s recientes indican que all\u00ed se coordinan diecinueve (19) agrupamientos pol\u00edticos y sociales que se originaron en la izquierda radical: comunistas, trotskistas, mao\u00edstas; lombardistas y otros. Es el frente m\u00e1s abigarrado. Entre sus participantes, algunos avanzaron en procesos de unidad org\u00e1nica, como la federaci\u00f3n comunista.<\/span><\/p>\n<p><span style=\"font-weight: 400;\">De organismos regionales est\u00e1n: Alternativa Martiana cap\u00edtulo M\u00e9xico, Central Unitaria de Trabajadores, CUT. (Con luchas campesinas e ind\u00edgenas en Veracruz y en Guerrero, y otros movimientos en Baja California Norte, Nayarit, Jalisco, Colima, Sinaloa, Campeche y Coahuila.), Coalici\u00f3n Obrera Campesina Estudiantil del Istmo, en lucha, COCEI-ML. (Desprendimiento de la COCEI original de Oaxaca).<\/span><\/p>\n<p><span style=\"font-weight: 400;\">Otros son: Frente Amplio Socialista (FAS) Frente de Organizaciones Sociales de Veracruz (FOSVER), Frente Estatal de Trabajadores de la Educaci\u00f3n y Ciudadanos de Chiapas (FETECH), Frente Popular Francisco Villa, FPFV. (Con presencia en la CDMX y Estado de M\u00e9xico), Movimiento para la Liberaci\u00f3n Nacional y el Socialismo, MLNS. (Agrupamiento de car\u00e1cter lombardista y con presencia en Veracruz).<\/span><\/p>\n<p><span style=\"font-weight: 400;\">Tambi\u00e9n est\u00e1n: Poder de los Movimientos Sociales, PODEMOS. (Lo forman dos c\u00edrculos activos en la CDMX y Chiapas y se reivindica como filial del partido-movimiento espa\u00f1ol), Catedra \u201cAntonio Gramsci\u201d, Frente de Escuelas Democr\u00e1ticas Febrero 25 (FEDEF25), Movimiento Ciudadano del Sur (MCS), Organizaci\u00f3n Campesina Popular Independiente de la Huasteca Veracruzana (OCPIHV) y Uni\u00f3n de Juristas de M\u00e9xico (UJM).<\/span><\/p>\n<p><span style=\"font-weight: 400;\">De organismos que se asumen de la Cuarta Internacional: Coordinadora Socialista Revolucionaria (CSR), (Frente de cuatro organizaciones trotskistas como la Liga Socialista Revolucionaria (LSR), el Comit\u00e9 de militantes de la IV Internacional en la CDMX y el Colectivo Colima Anticapitalista; (Secretariado Unificado) con presencia en la Ciudad de M\u00e9xico, Chihuahua, Colima, Estado de M\u00e9xico, San Luis Potos\u00ed, Guerrero y Sinaloa), Organizaci\u00f3n Nacional del Poder Popular, ONPP. (De car\u00e1cter social con presencia en Chiapas y Oaxaca).<\/span><\/p>\n<p><span style=\"font-weight: 400;\">Los esencialmente pol\u00edticos son: Movimiento Comunista Mexicano, MCM. (N\u00facleo veterano desde la disoluci\u00f3n del PCM, Partido de los Comunistas Mexicanos, PCM. (Crisol de ex miembros del Partido Popular Socialista de Jorge Cruickshank, Partido de la Revoluci\u00f3n Socialista de Alejandro Gasc\u00f3n Mercado y otros). Partido del Trabajo, PT. (\u00danico con registro electoral, de origen mao\u00edsta y aliado de Morena en los congresos federal y locales),&nbsp;<\/span><\/p>\n<p><b>No est\u00e1n todos los que son<\/b><\/p>\n<p><span style=\"font-weight: 400;\">Son miles de personas quienes participan en estos frentes pol\u00edticos y sociales de la izquierda ideol\u00f3gica y con raigambre social. Probablemente sean otros miles quienes no participan aqu\u00ed. C\u00f3mo se percibe, a pesar de sus tendencias para realizar acciones conjuntas, esta corriente de pensamiento mexicana a\u00fan est\u00e1 muy dispersa. Habr\u00e1 que observar sus movimientos y acciones en cada entidad y su participaci\u00f3n en los comicios del 6 de junio, pero, sobre todo si demuestran capacidad de lograr sus prop\u00f3sitos de trascender al sistema de partidos y logran avances hacia lo que llaman democracia verdadera. \u2013 0 &#8212;<\/span><\/p>\n\n\n<p class=\"wp-block-paragraph\"><\/p>\n","protected":false},"excerpt":{"rendered":"<p>&nbsp; Miradas de reportero &nbsp; Por Rogelio Hern\u00e1ndez L\u00f3pez SemM\u00e9xico, Cd. de M\u00e9xico, 17 de mayo, 2021.- Son poco reporteadas las izquierdas mexicanas de ideolog\u00eda comunista y socialista. Miles de mujeres y hombres en todo el pa\u00eds con esta definici\u00f3n intensificaron su activismo ante la cercan\u00eda de los comicios del 6 de junio. Colegas que [&hellip;]<\/p>\n","protected":false},"author":3,"featured_media":8473,"comment_status":"open","ping_status":"open","sticky":false,"template":"","format":"standard","meta":{"_monsterinsights_skip_tracking":false,"footnotes":""},"categories":[692,106,35,85],"tags":[],"class_list":["post-35423","post","type-post","status-publish","format-standard","has-post-thumbnail","category-692","category-mirada-de-reportero","category-opinion","category-rogelio-hernandez-lopez"],"_links":{"self":[{"href":"https:\/\/redsemlac.com\/semmexico\/wp-json\/wp\/v2\/posts\/35423","targetHints":{"allow":["GET"]}}],"collection":[{"href":"https:\/\/redsemlac.com\/semmexico\/wp-json\/wp\/v2\/posts"}],"about":[{"href":"https:\/\/redsemlac.com\/semmexico\/wp-json\/wp\/v2\/types\/post"}],"author":[{"embeddable":true,"href":"https:\/\/redsemlac.com\/semmexico\/wp-json\/wp\/v2\/users\/3"}],"replies":[{"embeddable":true,"href":"https:\/\/redsemlac.com\/semmexico\/wp-json\/wp\/v2\/comments?post=35423"}],"version-history":[{"count":0,"href":"https:\/\/redsemlac.com\/semmexico\/wp-json\/wp\/v2\/posts\/35423\/revisions"}],"wp:featuredmedia":[{"embeddable":true,"href":"https:\/\/redsemlac.com\/semmexico\/wp-json\/wp\/v2\/media\/8473"}],"wp:attachment":[{"href":"https:\/\/redsemlac.com\/semmexico\/wp-json\/wp\/v2\/media?parent=35423"}],"wp:term":[{"taxonomy":"category","embeddable":true,"href":"https:\/\/redsemlac.com\/semmexico\/wp-json\/wp\/v2\/categories?post=35423"},{"taxonomy":"post_tag","embeddable":true,"href":"https:\/\/redsemlac.com\/semmexico\/wp-json\/wp\/v2\/tags?post=35423"}],"curies":[{"name":"wp","href":"https:\/\/api.w.org\/{rel}","templated":true}]}}