{"id":35399,"date":"2021-05-16T14:06:38","date_gmt":"2021-05-16T20:06:38","guid":{"rendered":"https:\/\/redsemlac.com\/semmexico\/?p=35399"},"modified":"2023-07-21T16:59:59","modified_gmt":"2023-07-21T21:59:59","slug":"es-imprescindible-proteger-a-los-periodistas-en-america-latina-93-por-ciento-hombres","status":"publish","type":"post","link":"https:\/\/redsemlac.com\/semmexico\/es-imprescindible-proteger-a-los-periodistas-en-america-latina-93-por-ciento-hombres\/","title":{"rendered":"Es imprescindible proteger a los periodistas en Am\u00e9rica Latina: 93 por ciento hombres"},"content":{"rendered":"<p>*El proyecto \u00abBajo riesgo- An\u00e1lisis de los programas de protecci\u00f3n de periodistas en Am\u00e9rica Latina\u00bb, que cuenta con el apoyo de la Unesco, Reporteros sin Fronteras (RSF) ha analizado los principales puntos en com\u00fan en las ejecuciones de periodistas.<!--more--><br \/>\nConcha Moreno<\/p>\n<p>SemM\u00e9xico\/Periodistas en Espa\u00f1ol, 16 de mayo, 2021.-Am\u00e9rica Latina ha sido el continente con m\u00e1s periodistas asesinados a causa de su profesi\u00f3n en 2020, y otro dato, el ochenta por ciento de los asesinatos durante la \u00faltima d\u00e9cada se han cometido en Brasil, Colombia, M\u00e9xico y Honduras: 139 periodistas y colaboradores de medios entre 2011 y 2020.<br \/>\nEn el marco del proyecto \u00abBajo riesgo- An\u00e1lisis de los programas de protecci\u00f3n de periodistas en Am\u00e9rica Latina\u00bb, que cuenta con el apoyo de la Unesco, Reporteros sin Fronteras (RSF) ha analizado los principales puntos en com\u00fan en las ejecuciones de periodistas.<br \/>\nPara este estudio, cuyo objetivo es entender mejor los desaf\u00edos que afrontan los programas de protecci\u00f3n para la profesi\u00f3n, RSF se ha basado en la informaci\u00f3n de su \u00abbar\u00f3metro\u00bb, que registra las principales agresiones cometidas contra los periodistas en todo el mundo.<\/p>\n<blockquote class=\"wp-embedded-content\" data-secret=\"ZreoDchOm4\"><p><a href=\"https:\/\/redsemlac.com\/semmexico\/periodistas-asesinados-en-mexico-juicio-a-los-asesinos-de-javier-valdez\/\">Periodistas asesinados en M\u00e9xico: juicio a los asesinos de Javier Valdez<\/a><\/p><\/blockquote>\n<p><iframe loading=\"lazy\" class=\"wp-embedded-content\" sandbox=\"allow-scripts\" security=\"restricted\" style=\"position: absolute; visibility: hidden;\" title=\"\u00abPeriodistas asesinados en M\u00e9xico: juicio a los asesinos de Javier Valdez\u00bb \u2014 SemM\u00e9xico\" src=\"https:\/\/redsemlac.com\/semmexico\/periodistas-asesinados-en-mexico-juicio-a-los-asesinos-de-javier-valdez\/embed\/#?secret=CayHEuPkjY#?secret=ZreoDchOm4\" data-secret=\"ZreoDchOm4\" width=\"600\" height=\"338\" frameborder=\"0\" marginwidth=\"0\" marginheight=\"0\" scrolling=\"no\"><\/iframe><\/p>\n<p>&nbsp;<\/p>\n<p>De ah\u00ed que haya constatado que Am\u00e9rica Latina ha sido el continente con m\u00e1s periodistas asesinados a causa de su profesi\u00f3n en 2020, y el 80 por ciento de los asesinatos de los comunicadores cometidos en esta parte del mundo durante la \u00faltima d\u00e9cada se concentran en Brasil, Colombia, M\u00e9xico y Honduras. Seg\u00fan los datos recopilados por RSF, solo en esos cuatro pa\u00edses fueron asesinados 139 periodistas y colaboradores de medios entre 2011 y 2020.<br \/>\nLa mitad de los periodistas asesinados trabajaba como reportero, fotoperiodista o camar\u00f3grafo y colaboraba con al menos un medio de comunicaci\u00f3n. El an\u00e1lisis de los datos tambi\u00e9n revela que el 39 por ciento de ellos cubr\u00eda asuntos relacionados con la pol\u00edtica. Los dem\u00e1s temas m\u00e1s habituales para los periodistas asesinados son el crimen y la corrupci\u00f3n. Los principales objetivos son los periodistas sobre el terreno que denuncian y critican la malversaci\u00f3n de fondos y los actos ilegales en su regi\u00f3n.<br \/>\nEjecuciones programadas<\/p>\n<p>El t\u00e9rmino \u00abobjetivo\u00bb se utiliza con total fundamento en este estudio, ya que en el 92 por ciento de los casos, las circunstancias del crimen revelan que los agresores atacaron a un periodista que estaba en su mira. Del total de muertes registradas entre 2011 y 2020, solo el 7,2 por ciento (10 de los 139 casos) se produjo durante una coberturas de riesgo, en las que el periodista recibi\u00f3 un disparo sin que necesariamente fuera dirigido en su contra.<br \/>\nAunque algunos de los periodistas fueron asaltados en su lugar de trabajo, mientras se encontraban en sus redacciones o frente a la sede de sus medios, la mayor\u00eda de ellos (el 58 por ciento) fueron atacados cerca de sus oficinas, en sus casas o en el trayecto entre sus domicilios y el lugar de trabajo. Las circunstancias en las que se cometieron muchos de estos cr\u00edmenes tambi\u00e9n suelen ser las mismas: los agresores segu\u00edan a los comunicadores y resulta evidente que su ejecuci\u00f3n hab\u00eda sido planeada por asesinos profesionales.<\/p>\n<blockquote class=\"wp-embedded-content\" data-secret=\"LW2qTbhMkJ\"><p><a href=\"https:\/\/redsemlac.com\/semmexico\/alerta-por-violencias-contra-poblacion-mujeres-indigena-periodistas-y-defensorxs-de-derechos-humanos-en-tlapa-guerrero\/\">Alerta por violencias contra poblaci\u00f3n, mujeres ind\u00edgena, periodistas y defensorxs de derechos humanos en Tlapa, Guerrero<\/a><\/p><\/blockquote>\n<p><iframe loading=\"lazy\" class=\"wp-embedded-content\" sandbox=\"allow-scripts\" security=\"restricted\" style=\"position: absolute; visibility: hidden;\" title=\"\u00abAlerta por violencias contra poblaci\u00f3n, mujeres ind\u00edgena, periodistas y defensorxs de derechos humanos en Tlapa, Guerrero\u00bb \u2014 SemM\u00e9xico\" src=\"https:\/\/redsemlac.com\/semmexico\/alerta-por-violencias-contra-poblacion-mujeres-indigena-periodistas-y-defensorxs-de-derechos-humanos-en-tlapa-guerrero\/embed\/#?secret=bv9a7iuc10#?secret=LW2qTbhMkJ\" data-secret=\"LW2qTbhMkJ\" width=\"600\" height=\"338\" frameborder=\"0\" marginwidth=\"0\" marginheight=\"0\" scrolling=\"no\"><\/iframe><\/p>\n<p>&nbsp;<\/p>\n<p>En cuanto al modus operandi, a uno de cada cuatro \u2013sobre todo en M\u00e9xico\u2013, lo secuestraron antes de ejecutarlo. En estos casos concretos, la mayor\u00eda de los cad\u00e1veres encontrados despu\u00e9s presentaba se\u00f1ales de tortura. A algunos, incluso los mutilaron.<\/p>\n<p><strong>Varones y residentes en pueblos peque\u00f1os<\/strong><br \/>\nLa mayor\u00eda de las v\u00edctimas (el 93 por ciento) fueron hombres. Sin embargo, esta proporci\u00f3n no permite afirmar que las mujeres periodistas est\u00e9n mejor protegidas. En el conjunto de la regi\u00f3n, donde el 41 por ciento de quienes se dedican al reporterismo son mujeres, tambi\u00e9n a ellas se las silencia con violentas campa\u00f1as de amenazas y acoso, generalmente en internet, lanzadas contra ellas y sus familias, a veces incluso directamente por las autoridades de su zona.<br \/>\nEl estudio de RSF tambi\u00e9n muestra que los riesgos son mayores para los que trabajan en ciudades peque\u00f1as. El 56 por ciento de los asesinados viv\u00eda en municipios de menos de cien mil habitantes. Al menos el 54 por ciento de los asesinados en municipios de entre cien mil y quinientos mil habitantes -que podr\u00edan considerarse ciudades medianas en Brasil, M\u00e9xico y Colombia- ya hab\u00edan recibido amenazas antes de su ejecuci\u00f3n.<\/p>\n<blockquote class=\"wp-embedded-content\" data-secret=\"mluVlgRf8M\"><p><a href=\"https:\/\/redsemlac.com\/semmexico\/turquia-marca-el-mayor-numero-de-amenazas-y-ataques-contra-mujeres-periodistas\/\">\u00abTurqu\u00eda marca el mayor n\u00famero de amenazas y ataques contra mujeres periodistas\u00bb<\/a><\/p><\/blockquote>\n<p><iframe loading=\"lazy\" class=\"wp-embedded-content\" sandbox=\"allow-scripts\" security=\"restricted\" style=\"position: absolute; visibility: hidden;\" title=\"\u00ab\u00abTurqu\u00eda marca el mayor n\u00famero de amenazas y ataques contra mujeres periodistas\u00bb\u00bb \u2014 SemM\u00e9xico\" src=\"https:\/\/redsemlac.com\/semmexico\/turquia-marca-el-mayor-numero-de-amenazas-y-ataques-contra-mujeres-periodistas\/embed\/#?secret=TmiBTO52W5#?secret=mluVlgRf8M\" data-secret=\"mluVlgRf8M\" width=\"600\" height=\"338\" frameborder=\"0\" marginwidth=\"0\" marginheight=\"0\" scrolling=\"no\"><\/iframe><\/p>\n<p>&nbsp;<\/p>\n<p>Estas cifras no coinciden necesariamente con el t\u00f3pico popular del periodista de investigaci\u00f3n que trabaja para un gran peri\u00f3dico con sede en una capital y al que asesinan por revelar informaci\u00f3n de relevancia nacional. Al contrario: en su mayor\u00eda, a quienes quitaron la vida de manera deliberada en Brasil, M\u00e9xico, Colombia y Honduras entre 2011 y 2020 viv\u00edan lejos de los grandes centros urbanos, a menudo trabajaban en situaciones precarias, para varios medios, y cubr\u00edan temas que afectaban muy de cerca a autoridades y poblaciones locales.<br \/>\n<strong>Urgen programas de protecci\u00f3n m\u00e1s eficaces<\/strong><br \/>\nOtra lecci\u00f3n del estudio de RSF es que muchos asesinatos se podr\u00edan haber evitado. Al menos el 45 por ciento de las v\u00edctimas informaron de que hab\u00edan recibido amenazas y lo hicieron de forma p\u00fablica, tanto en los medios para los que trabajaban, como desde sus cuentas en las redes sociales o, incluso, directamente ante las fuerzas de seguridad de las ciudades donde resid\u00edan.<br \/>\nSin embargo, solo diez de los 139 \u2013entre los que no se contaba ninguna mujer\u2013, se beneficiaron de las medidas de protecci\u00f3n del Estado. Dicha cifra representa el 7,2 por ciento del total de las v\u00edctimas y casi el 16 por ciento de quienes recibieron amenazas. Estos datos llevan a RSF a preguntarse y a querer comprender por qu\u00e9 solo se hab\u00edan proporcionado medidas de protecci\u00f3n a una minor\u00eda de ellos y por qu\u00e9 los diez que se beneficiaron de dichas medidas de seguridad perdieron la vida durante este per\u00edodo.<br \/>\nAunque Brasil, M\u00e9xico, Colombia y Honduras no son pa\u00edses oficialmente en guerra, estas cifras son especialmente preocupantes. A finales de 2020, el balance anual de RSF revel\u00f3 que M\u00e9xico era el pa\u00eds m\u00e1s peligroso del mundo para la profesi\u00f3n, con al menos ocho casos de periodistas ejecutados, a veces de forma salvaje, por investigar los v\u00ednculos entre el crimen organizado y la clase pol\u00edtica.<\/p>\n<p><strong>Violencia estructural<\/strong><br \/>\nConsiderada la forma m\u00e1s extrema de censura, el asesinato de periodistas es solo la parte m\u00e1s visible de la violencia contra la prensa. Esta pr\u00e1ctica se enmarca en un escenario m\u00e1s amplio de amenazas continuas y de violencia estructural en la regi\u00f3n, que afecta sistem\u00e1ticamente a los defensores de los derechos humanos y a todos aquellos que denuncian p\u00fablicamente a quienes ejercen el poder, ya sean pol\u00edticos u organizaciones criminales.<br \/>\nCuando un pa\u00eds es escenario de una situaci\u00f3n estructural de violencia contra la prensa, no solo est\u00e1 en juego la libertad de expresi\u00f3n individual de los periodistas, sino tambi\u00e9n el derecho colectivo a la informaci\u00f3n de toda la sociedad. Para la Corte Interamericana de Derechos Humanos, \u00abel ejercicio period\u00edstico solo puede efectuarse libremente cuando las personas que lo realizan no son v\u00edctimas de amenazas ni de agresiones f\u00edsicas, ps\u00edquicas o morales u otros actos de hostigamiento\u00bb.<br \/>\nEstos periodistas fueron silenciados porque el contexto pol\u00edtico y de seguridad p\u00fablica de su regi\u00f3n no garantizaba las condiciones para ejercer su profesi\u00f3n con total seguridad. Adem\u00e1s, la mayor\u00eda de los medios para los que trabajaban eran demasiado precarios o fr\u00e1giles para asegurar su protecci\u00f3n y el diez por ciento de ellos eran profesionales independientes o colaboraban con radios comunitarias.<br \/>\nUno de los desaf\u00edos del proyecto \u00abBajo Riesgo\u00bb, que cuenta con el respaldo de la Unesco, es comprender c\u00f3mo las pol\u00edticas p\u00fablicas nacionales para proteger a los periodistas pueden ayudar a cambiar esta triste realidad. El estudio tiene como objetivo evaluar la implementaci\u00f3n y la eficiencia de los mecanismos de protecci\u00f3n para los periodistas en estos cuatro pa\u00edses.<br \/>\nConsiderando que es deber de los Estados garantizar las condiciones que permitan el ejercicio libre y seguro del periodismo, al final del proyecto RSF presentar\u00e1 a las autoridades p\u00fablicas un informe detallado que incluir\u00e1 recomendaciones estrat\u00e9gicas capaces de contribuir a la consolidaci\u00f3n de estas iniciativas.<\/p>\n<p>&nbsp;<\/p>\n","protected":false},"excerpt":{"rendered":"<p>*El proyecto \u00abBajo riesgo- An\u00e1lisis de los programas de protecci\u00f3n de periodistas en Am\u00e9rica Latina\u00bb, que cuenta con el apoyo de la Unesco, Reporteros sin Fronteras (RSF) ha analizado los principales puntos en com\u00fan en las ejecuciones de periodistas.<\/p>\n","protected":false},"author":3,"featured_media":35400,"comment_status":"open","ping_status":"open","sticky":false,"template":"","format":"standard","meta":{"_monsterinsights_skip_tracking":false,"footnotes":""},"categories":[692,49,55],"tags":[348,356,354,353,291,263,355,142],"class_list":["post-35399","post","type-post","status-publish","format-standard","has-post-thumbnail","category-692","category-desde","category-periodistas","tag-cdmx","tag-concha-moreno","tag-gobernacion","tag-mecanismo-de-proteccion","tag-periodismo","tag-periodista","tag-reporteros-sin-fronteras","tag-violencia"],"_links":{"self":[{"href":"https:\/\/redsemlac.com\/semmexico\/wp-json\/wp\/v2\/posts\/35399","targetHints":{"allow":["GET"]}}],"collection":[{"href":"https:\/\/redsemlac.com\/semmexico\/wp-json\/wp\/v2\/posts"}],"about":[{"href":"https:\/\/redsemlac.com\/semmexico\/wp-json\/wp\/v2\/types\/post"}],"author":[{"embeddable":true,"href":"https:\/\/redsemlac.com\/semmexico\/wp-json\/wp\/v2\/users\/3"}],"replies":[{"embeddable":true,"href":"https:\/\/redsemlac.com\/semmexico\/wp-json\/wp\/v2\/comments?post=35399"}],"version-history":[{"count":0,"href":"https:\/\/redsemlac.com\/semmexico\/wp-json\/wp\/v2\/posts\/35399\/revisions"}],"wp:featuredmedia":[{"embeddable":true,"href":"https:\/\/redsemlac.com\/semmexico\/wp-json\/wp\/v2\/media\/35400"}],"wp:attachment":[{"href":"https:\/\/redsemlac.com\/semmexico\/wp-json\/wp\/v2\/media?parent=35399"}],"wp:term":[{"taxonomy":"category","embeddable":true,"href":"https:\/\/redsemlac.com\/semmexico\/wp-json\/wp\/v2\/categories?post=35399"},{"taxonomy":"post_tag","embeddable":true,"href":"https:\/\/redsemlac.com\/semmexico\/wp-json\/wp\/v2\/tags?post=35399"}],"curies":[{"name":"wp","href":"https:\/\/api.w.org\/{rel}","templated":true}]}}