{"id":35366,"date":"2021-05-15T12:45:00","date_gmt":"2021-05-15T18:45:00","guid":{"rendered":"https:\/\/redsemlac.com\/semmexico\/?p=35366"},"modified":"2023-07-21T17:00:00","modified_gmt":"2023-07-21T22:00:00","slug":"mision-de-la-oea-observara-elecciones-en-mexico-2","status":"publish","type":"post","link":"https:\/\/redsemlac.com\/semmexico\/mision-de-la-oea-observara-elecciones-en-mexico-2\/","title":{"rendered":"Misi\u00f3n de la OEA observar\u00e1 elecciones en M\u00e9xico"},"content":{"rendered":"<p>*La Misi\u00f3n iniciar\u00e1 sus tareas con una serie de reuniones virtuales para conocer las impresiones de distintos actores sobre el proceso electoral en curso<\/p>\n<p><!--more--><br \/>\nSemM\u00e9xico, Cd. de M\u00e9xico, 15 de mayo de 2021.- A partir de esta semana comenzar\u00e1 a llegar a nuestro pa\u00eds la misi\u00f3n de la <strong>Organizaci\u00f3n de Estados Americanos<\/strong> (OEA) para observar las elecciones federales y locales en M\u00e9xico a realizarse el pr\u00f3ximo 6 de junio.<\/p>\n<blockquote class=\"wp-embedded-content\" data-secret=\"rpgcv0VuGI\"><p><a href=\"https:\/\/redsemlac.com\/semmexico\/los-medios-de-comunicacion-siguen-omitiendo-voces-de-mujeres-en-el-proceso-electoral-con-apenas-el-19-por-ciento-del-tiempo-y-espacio\/\">Medios de comunicaci\u00f3n sin cobertura igualitaria a las mujeres; durante el proceso electoral asignan solo 19 por ciento de tiempo y espacio<\/a><\/p><\/blockquote>\n<p><iframe loading=\"lazy\" class=\"wp-embedded-content\" sandbox=\"allow-scripts\" security=\"restricted\" style=\"position: absolute; visibility: hidden;\" title=\"\u00abMedios de comunicaci\u00f3n sin cobertura igualitaria a las mujeres; durante el proceso electoral asignan solo 19 por ciento de tiempo y espacio\u00bb \u2014 SemM\u00e9xico\" src=\"https:\/\/redsemlac.com\/semmexico\/los-medios-de-comunicacion-siguen-omitiendo-voces-de-mujeres-en-el-proceso-electoral-con-apenas-el-19-por-ciento-del-tiempo-y-espacio\/embed\/#?secret=U1viRBsra8#?secret=rpgcv0VuGI\" data-secret=\"rpgcv0VuGI\" width=\"600\" height=\"338\" frameborder=\"0\" marginwidth=\"0\" marginheight=\"0\" scrolling=\"no\"><\/iframe><\/p>\n<p>&nbsp;<\/p>\n<p>Se inform\u00f3 en un comunicado de prensa que la misi\u00f3n la encabeza el abogado argentino Santiago Cant\u00f3n quien se ha desempe\u00f1ado en cargos de <strong>Derechos Humanos<\/strong> y fue en 1998 Primer Relator para la <strong>Libertad de Expresi\u00f3n<\/strong> del Sistema Interamericano.<br \/>\nLa Misi\u00f3n iniciar\u00e1 sus tareas con una serie de reuniones virtuales para conocer las impresiones de distintos actores sobre el proceso electoral en curso. Esta ser\u00e1 la quinta misi\u00f3n que la <strong>OEA<\/strong> despliega en M\u00e9xico, luego de haber observado las elecciones de 2009, 2012, 2015, y 2018.<\/p>\n<blockquote class=\"wp-embedded-content\" data-secret=\"j4iU3Jm3a7\"><p><a href=\"https:\/\/redsemlac.com\/semmexico\/la-conferencia-permanente-de-partidos-politicos-de-america-latina-y-el-caribe-comienza-su-mision-de-observacion-electoral-en-mexico\/\">La Copppal comienza su misi\u00f3n de observaci\u00f3n electoral en M\u00e9xico<\/a><\/p><\/blockquote>\n<p><iframe loading=\"lazy\" class=\"wp-embedded-content\" sandbox=\"allow-scripts\" security=\"restricted\" style=\"position: absolute; visibility: hidden;\" title=\"\u00abLa Copppal comienza su misi\u00f3n de observaci\u00f3n electoral en M\u00e9xico\u00bb \u2014 SemM\u00e9xico\" src=\"https:\/\/redsemlac.com\/semmexico\/la-conferencia-permanente-de-partidos-politicos-de-america-latina-y-el-caribe-comienza-su-mision-de-observacion-electoral-en-mexico\/embed\/#?secret=UJ7RGDkbk6#?secret=j4iU3Jm3a7\" data-secret=\"j4iU3Jm3a7\" width=\"600\" height=\"338\" frameborder=\"0\" marginwidth=\"0\" marginheight=\"0\" scrolling=\"no\"><\/iframe><\/p>\n","protected":false},"excerpt":{"rendered":"<p>*La Misi\u00f3n iniciar\u00e1 sus tareas con una serie de reuniones virtuales para conocer las impresiones de distintos actores sobre el proceso electoral en curso<\/p>\n","protected":false},"author":3,"featured_media":35368,"comment_status":"open","ping_status":"open","sticky":false,"template":"","format":"standard","meta":{"_monsterinsights_skip_tracking":false,"footnotes":""},"categories":[692,141],"tags":[],"class_list":["post-35366","post","type-post","status-publish","format-standard","has-post-thumbnail","category-692","category-elecciones-2020-2021"],"_links":{"self":[{"href":"https:\/\/redsemlac.com\/semmexico\/wp-json\/wp\/v2\/posts\/35366","targetHints":{"allow":["GET"]}}],"collection":[{"href":"https:\/\/redsemlac.com\/semmexico\/wp-json\/wp\/v2\/posts"}],"about":[{"href":"https:\/\/redsemlac.com\/semmexico\/wp-json\/wp\/v2\/types\/post"}],"author":[{"embeddable":true,"href":"https:\/\/redsemlac.com\/semmexico\/wp-json\/wp\/v2\/users\/3"}],"replies":[{"embeddable":true,"href":"https:\/\/redsemlac.com\/semmexico\/wp-json\/wp\/v2\/comments?post=35366"}],"version-history":[{"count":0,"href":"https:\/\/redsemlac.com\/semmexico\/wp-json\/wp\/v2\/posts\/35366\/revisions"}],"wp:featuredmedia":[{"embeddable":true,"href":"https:\/\/redsemlac.com\/semmexico\/wp-json\/wp\/v2\/media\/35368"}],"wp:attachment":[{"href":"https:\/\/redsemlac.com\/semmexico\/wp-json\/wp\/v2\/media?parent=35366"}],"wp:term":[{"taxonomy":"category","embeddable":true,"href":"https:\/\/redsemlac.com\/semmexico\/wp-json\/wp\/v2\/categories?post=35366"},{"taxonomy":"post_tag","embeddable":true,"href":"https:\/\/redsemlac.com\/semmexico\/wp-json\/wp\/v2\/tags?post=35366"}],"curies":[{"name":"wp","href":"https:\/\/api.w.org\/{rel}","templated":true}]}}