{"id":3535,"date":"2019-03-06T19:11:59","date_gmt":"2019-03-06T19:11:59","guid":{"rendered":"https:\/\/redsemlac.com\/semmexico\/?p=3535"},"modified":"2023-07-21T14:47:48","modified_gmt":"2023-07-21T19:47:48","slug":"disposicion-de-la-diputacion-viola-convenciones-internacionales","status":"publish","type":"post","link":"https:\/\/redsemlac.com\/semmexico\/disposicion-de-la-diputacion-viola-convenciones-internacionales\/","title":{"rendered":"Disposici\u00f3n de la diputaci\u00f3n viola convenciones internacionales."},"content":{"rendered":"\n<p class=\"wp-block-paragraph\"><a href=\"https:\/\/www.semmexico.com\/gallery-post.php?id=7409#\">Elda Montiel<\/a><\/p>\n\n\n\n<p class=\"wp-block-paragraph\">SemM\u00e9xico, Cd. de M\u00e9xico, 6 marzo 2019.- El congreso de Nuevo Le\u00f3n pas\u00f3, en segunda vuelta, el decreto que reforma el Art\u00edculo 1\u00ba sobre Derecho a la Vida, desde el momento de la fecundaci\u00f3n hasta su muerte natural, lo que viola convenciones internacionales, sobre el derecho a decidir y otros ordenamientos, con lo que tambi\u00e9n se abre la puerta para penalizar el aborto.<\/p>\n\n\n\n<p class=\"wp-block-paragraph\">La iniciativa hab\u00eda estado congelada desde mayo del 2014 con n\u00famero de expediente 8744\/LXIII, presentada en ese entonces por el diputado panista, Francisco Luis Trevi\u00f1o Cabello y esta vez la present\u00f3 la diputada panista Claudia Caballero.<\/p>\n\n\n\n<p class=\"wp-block-paragraph\">La Comisi\u00f3n de Puntos Constituciones aprob\u00f3 el decreto por 7 votos a favor del PAN, PT y Morena, cuatro abstenciones del PRI y Movimiento Ciudadano y cero en contra.<\/p>\n\n\n\n<p class=\"wp-block-paragraph\">El Decreto plantea reformar el art\u00edculo 1\u00ba. De la Constituci\u00f3n de Nuevo Le\u00f3n en materia de derecho a la vida, adicionando un p\u00e1rrafo:<\/p>\n\n\n\n<p class=\"wp-block-paragraph\">\u201cEl Estado reconoce, protege y tutela el derecho a la vida que todo ser humano tiene desde el momento de la concepci\u00f3n entra bajo la protecci\u00f3n de la ley y se le reputa como nacido para todos los efectos legales correspondientes hasta su muerte natural sin perjuicio de las excluyentes de responsabilidad previstas en el C\u00f3digo Penal para el estado de Nuevo Le\u00f3n\u201d.<\/p>\n\n\n\n<p class=\"wp-block-paragraph\">Activistas presentes como Liz Liz S\u00e1nchez, de Ciudadanos en Apoyo a los Derechos Humanos (Cadhac), pidi\u00f3 la palabra para manifestarse en contra del dictamen, por considerar que contraviene instrumentos internacionales, y contraviene tambi\u00e9n el sentido progresivo de los derechos humanos.<\/p>\n\n\n\n<p class=\"wp-block-paragraph\">Se est\u00e1 exponiendo a las mujeres para criminalizarlas por el hecho de interrumpir el embarazo, yo creo que ustedes saben que en el C\u00f3digo Penal ya hay causales que permiten la interrupci\u00f3n legal del embarazo, dijo.<\/p>\n\n\n\n<p class=\"wp-block-paragraph\">A trav\u00e9s de un comunicado la Comisi\u00f3n Estatal de Derechos Humanos (CEDH), presidida por Sof\u00eda Velasco, insisti\u00f3 al Poder Legislativo que frenara la aprobaci\u00f3n de la propuesta que es incompatible con las disposiciones establecidas por la Corte Interamericana de Derechos Humanos (CIDH), la Suprema Corte de Justicia de la Naci\u00f3n (SCJN) e incluso la Carta Magna.<\/p>\n\n\n\n<p class=\"wp-block-paragraph\">Adem\u00e1s de que la aprobaci\u00f3n de este dictamen podr\u00eda limitar el derecho de autonom\u00eda de las personas, al igual que los derechos sexuales y reproductivos de las mujeres.<\/p>\n\n\n\n<p class=\"wp-block-paragraph\">SEM\/em\/sj<\/p>\n","protected":false},"excerpt":{"rendered":"<p>Elda Montiel SemM\u00e9xico, Cd. de M\u00e9xico, 6 marzo 2019.- El congreso de Nuevo Le\u00f3n pas\u00f3, en segunda vuelta, el decreto que reforma el Art\u00edculo 1\u00ba sobre Derecho a la Vida, desde el momento de la fecundaci\u00f3n hasta su muerte natural, lo que viola convenciones internacionales, sobre el derecho a decidir y otros ordenamientos, con lo [&hellip;]<\/p>\n","protected":false},"author":3,"featured_media":3536,"comment_status":"open","ping_status":"open","sticky":false,"template":"","format":"standard","meta":{"_monsterinsights_skip_tracking":false,"footnotes":""},"categories":[690,50],"tags":[],"class_list":["post-3535","post","type-post","status-publish","format-standard","has-post-thumbnail","category-690","category-congreso"],"_links":{"self":[{"href":"https:\/\/redsemlac.com\/semmexico\/wp-json\/wp\/v2\/posts\/3535","targetHints":{"allow":["GET"]}}],"collection":[{"href":"https:\/\/redsemlac.com\/semmexico\/wp-json\/wp\/v2\/posts"}],"about":[{"href":"https:\/\/redsemlac.com\/semmexico\/wp-json\/wp\/v2\/types\/post"}],"author":[{"embeddable":true,"href":"https:\/\/redsemlac.com\/semmexico\/wp-json\/wp\/v2\/users\/3"}],"replies":[{"embeddable":true,"href":"https:\/\/redsemlac.com\/semmexico\/wp-json\/wp\/v2\/comments?post=3535"}],"version-history":[{"count":0,"href":"https:\/\/redsemlac.com\/semmexico\/wp-json\/wp\/v2\/posts\/3535\/revisions"}],"wp:featuredmedia":[{"embeddable":true,"href":"https:\/\/redsemlac.com\/semmexico\/wp-json\/wp\/v2\/media\/3536"}],"wp:attachment":[{"href":"https:\/\/redsemlac.com\/semmexico\/wp-json\/wp\/v2\/media?parent=3535"}],"wp:term":[{"taxonomy":"category","embeddable":true,"href":"https:\/\/redsemlac.com\/semmexico\/wp-json\/wp\/v2\/categories?post=3535"},{"taxonomy":"post_tag","embeddable":true,"href":"https:\/\/redsemlac.com\/semmexico\/wp-json\/wp\/v2\/tags?post=3535"}],"curies":[{"name":"wp","href":"https:\/\/api.w.org\/{rel}","templated":true}]}}