{"id":35348,"date":"2021-05-15T10:23:24","date_gmt":"2021-05-15T16:23:24","guid":{"rendered":"https:\/\/redsemlac.com\/semmexico\/?p=35348"},"modified":"2023-07-21T17:00:00","modified_gmt":"2023-07-21T22:00:00","slug":"anunciara-el-gobierno-de-guerrero-programa-de-atencion-a-mujeres-indigenas","status":"publish","type":"post","link":"https:\/\/redsemlac.com\/semmexico\/anunciara-el-gobierno-de-guerrero-programa-de-atencion-a-mujeres-indigenas\/","title":{"rendered":"Anunciar\u00e1 el gobierno de Guerrero programa de atenci\u00f3n a mujeres ind\u00edgenas"},"content":{"rendered":"<p>*En la reuni\u00f3n participaron la secretaria de la Mujer, as\u00ed como los secretarios de Asuntos Ind\u00edgenas y Afromexicanos, Desarrollo Social, Educaci\u00f3n, Salud, as\u00ed como la Titular de la Coordinaci\u00f3n T\u00e9cnica del Registro Civil.<\/p>\n<p><!--more--><\/p>\n<p>SemM\u00e9xico\/Ceprovysa. Chilpancingo, Guerrero. Mayo 13-2021.- El Gobernador del Estado de Guerrero, H\u00e9ctor Astudillo Flores anunciar\u00e1 \u00e9ste domingo en la Monta\u00f1a, un programa para desterrar todo tipo de violencia contra ni\u00f1as y mujeres Ind\u00edgenas.<\/p>\n<p>As\u00ed lo dio a conocer el Secretario General de Gobierno, Florencio Salazar Adame, al encabezar una reuni\u00f3n interinstitucional para abatir esa pr\u00e1ctica.<\/p>\n<blockquote class=\"wp-embedded-content\" data-secret=\"nkwknnMp3i\"><p><a href=\"https:\/\/redsemlac.com\/semmexico\/estructuras-de-partidos-politicos-son-un-espejo-del-racismo-y-la-discriminacion-mujeres-indigenas-militantes\/\">Estructuras de partidos pol\u00edticos son un espejo del racismo y la discriminaci\u00f3n: mujeres ind\u00edgenas militantes<\/a><\/p><\/blockquote>\n<p><iframe loading=\"lazy\" class=\"wp-embedded-content\" sandbox=\"allow-scripts\" security=\"restricted\" style=\"position: absolute; visibility: hidden;\" title=\"\u00abEstructuras de partidos pol\u00edticos son un espejo del racismo y la discriminaci\u00f3n: mujeres ind\u00edgenas militantes\u00bb \u2014 SemM\u00e9xico\" src=\"https:\/\/redsemlac.com\/semmexico\/estructuras-de-partidos-politicos-son-un-espejo-del-racismo-y-la-discriminacion-mujeres-indigenas-militantes\/embed\/#?secret=8AXfvOuShu#?secret=nkwknnMp3i\" data-secret=\"nkwknnMp3i\" width=\"600\" height=\"338\" frameborder=\"0\" marginwidth=\"0\" marginheight=\"0\" scrolling=\"no\"><\/iframe><\/p>\n<p>El Secretario General de Gobierno se\u00f1al\u00f3 que el Gobernador anunciar\u00e1 un programa que abordar\u00e1 temas como el \u201crespeto a los derechos humanos de las mujeres, nuevas masculinidades, igualdad de g\u00e9nero y c\u00f3mo hacer efectiva una denuncia\u201d y que se aplicar\u00e1 en diversos municipios de la Monta\u00f1a y Costa Chica.<\/p>\n<h4 style=\"text-align: center;\">El funcionario estatal se\u00f1al\u00f3 que ser\u00e1 necesaria la participaci\u00f3n del gobierno federal en \u00e9stas acciones.<\/h4>\n<blockquote class=\"wp-embedded-content\" data-secret=\"a9a2RAA3uN\"><p><a href=\"https:\/\/redsemlac.com\/semmexico\/mujeres-indigenas-artesanas-adultas-mayores-ninas-obreras-reciben-apoyo-de-la-4t\/\">Mujeres ind\u00edgenas, artesanas, adultas mayores, ni\u00f1as, obreras reciben apoyo de la 4T<\/a><\/p><\/blockquote>\n<p><iframe loading=\"lazy\" class=\"wp-embedded-content\" sandbox=\"allow-scripts\" security=\"restricted\" style=\"position: absolute; visibility: hidden;\" title=\"\u00abMujeres ind\u00edgenas, artesanas, adultas mayores, ni\u00f1as, obreras reciben apoyo de la 4T\u00bb \u2014 SemM\u00e9xico\" src=\"https:\/\/redsemlac.com\/semmexico\/mujeres-indigenas-artesanas-adultas-mayores-ninas-obreras-reciben-apoyo-de-la-4t\/embed\/#?secret=eRrINSznjz#?secret=a9a2RAA3uN\" data-secret=\"a9a2RAA3uN\" width=\"600\" height=\"338\" frameborder=\"0\" marginwidth=\"0\" marginheight=\"0\" scrolling=\"no\"><\/iframe><\/p>\n<p>Florencio Salazar Adame dijo que el programa contempla el reforzamiento de aquellas acciones que el gobierno del Estado \u201cya impulsa en algunos municipios y se pondr\u00e1n en marcha otras\u201d.<\/p>\n<p>En la reuni\u00f3n participaron la secretaria de la Mujer, as\u00ed como los secretarios de Asuntos Ind\u00edgenas y Afromexicanos, Desarrollo Social, Educaci\u00f3n, Salud, as\u00ed como la Titular de la Coordinaci\u00f3n T\u00e9cnica del Registro Civil.<\/p>\n<blockquote class=\"wp-embedded-content\" data-secret=\"3I5aHSpfkZ\"><p><a href=\"https:\/\/redsemlac.com\/semmexico\/oaxaca-ya-tiene-escuela-de-formacion-politica-para-mujeres-indigenas\/\">Oaxaca ya tiene Escuela de Formaci\u00f3n Pol\u00edtica para Mujeres Ind\u00edgenas<\/a><\/p><\/blockquote>\n<p><iframe loading=\"lazy\" class=\"wp-embedded-content\" sandbox=\"allow-scripts\" security=\"restricted\" style=\"position: absolute; visibility: hidden;\" title=\"\u00abOaxaca ya tiene Escuela de Formaci\u00f3n Pol\u00edtica para Mujeres Ind\u00edgenas\u00bb \u2014 SemM\u00e9xico\" src=\"https:\/\/redsemlac.com\/semmexico\/oaxaca-ya-tiene-escuela-de-formacion-politica-para-mujeres-indigenas\/embed\/#?secret=2U4F1L6kRd#?secret=3I5aHSpfkZ\" data-secret=\"3I5aHSpfkZ\" width=\"600\" height=\"338\" frameborder=\"0\" marginwidth=\"0\" marginheight=\"0\" scrolling=\"no\"><\/iframe><\/p>\n","protected":false},"excerpt":{"rendered":"<p>*En la reuni\u00f3n participaron la secretaria de la Mujer, as\u00ed como los secretarios de Asuntos Ind\u00edgenas y Afromexicanos, Desarrollo Social, Educaci\u00f3n, Salud, as\u00ed como la Titular de la Coordinaci\u00f3n T\u00e9cnica del Registro Civil.<\/p>\n","protected":false},"author":3,"featured_media":35349,"comment_status":"open","ping_status":"closed","sticky":false,"template":"","format":"standard","meta":{"_monsterinsights_skip_tracking":false,"footnotes":""},"categories":[692,49,51],"tags":[321,324,325,238,322,144,288,320,323,149,153,219,142],"class_list":["post-35348","post","type-post","status-publish","format-standard","has-post-thumbnail","category-692","category-desde","category-ejecutivo","tag-astudillo","tag-costa-chica","tag-florencio-salazar-adame","tag-genero","tag-gobernador","tag-guerrero","tag-igualdad","tag-indigenas","tag-montana","tag-mujeres","tag-mujeres-rurales","tag-ninas","tag-violencia"],"_links":{"self":[{"href":"https:\/\/redsemlac.com\/semmexico\/wp-json\/wp\/v2\/posts\/35348","targetHints":{"allow":["GET"]}}],"collection":[{"href":"https:\/\/redsemlac.com\/semmexico\/wp-json\/wp\/v2\/posts"}],"about":[{"href":"https:\/\/redsemlac.com\/semmexico\/wp-json\/wp\/v2\/types\/post"}],"author":[{"embeddable":true,"href":"https:\/\/redsemlac.com\/semmexico\/wp-json\/wp\/v2\/users\/3"}],"replies":[{"embeddable":true,"href":"https:\/\/redsemlac.com\/semmexico\/wp-json\/wp\/v2\/comments?post=35348"}],"version-history":[{"count":0,"href":"https:\/\/redsemlac.com\/semmexico\/wp-json\/wp\/v2\/posts\/35348\/revisions"}],"wp:featuredmedia":[{"embeddable":true,"href":"https:\/\/redsemlac.com\/semmexico\/wp-json\/wp\/v2\/media\/35349"}],"wp:attachment":[{"href":"https:\/\/redsemlac.com\/semmexico\/wp-json\/wp\/v2\/media?parent=35348"}],"wp:term":[{"taxonomy":"category","embeddable":true,"href":"https:\/\/redsemlac.com\/semmexico\/wp-json\/wp\/v2\/categories?post=35348"},{"taxonomy":"post_tag","embeddable":true,"href":"https:\/\/redsemlac.com\/semmexico\/wp-json\/wp\/v2\/tags?post=35348"}],"curies":[{"name":"wp","href":"https:\/\/api.w.org\/{rel}","templated":true}]}}