{"id":3532,"date":"2019-03-06T19:10:04","date_gmt":"2019-03-06T19:10:04","guid":{"rendered":"https:\/\/redsemlac.com\/semmexico\/?p=3532"},"modified":"2023-07-21T14:47:05","modified_gmt":"2023-07-21T19:47:05","slug":"ningun-poder-judicial-local-publica-todas-imposible-saber-si-cumplen-con-sus-obligaciones","status":"publish","type":"post","link":"https:\/\/redsemlac.com\/semmexico\/ningun-poder-judicial-local-publica-todas-imposible-saber-si-cumplen-con-sus-obligaciones\/","title":{"rendered":"Ning\u00fan Poder Judicial local publica todas, imposible saber si cumplen con sus obligaciones"},"content":{"rendered":"\n<p class=\"wp-block-paragraph\"><a href=\"https:\/\/www.semmexico.com\/gallery-post.php?id=7419#\">Redacci\u00f3n<\/a><\/p>\n\n\n\n<p class=\"wp-block-paragraph\"><strong>Mar\u00eda Degollado<\/strong><\/p>\n\n\n\n<p class=\"wp-block-paragraph\">SemM\u00e9xico, Cd. de M\u00e9xico, 6 marzo 2019.-&nbsp;Las diputadas Martha Tagle y Ana Luc\u00eda Riojas, junto a miembros del colectivo&nbsp;#LoJustoEsQueSepas, presentaron una propuesta de reforma al art\u00edculo 73 de la Ley General de Transparencia y Acceso a la Informaci\u00f3n P\u00fablica para obligar a los Poderes Judiciales a publicar todas sus sentencias.<\/p>\n\n\n\n<p class=\"wp-block-paragraph\">En conferencia de prensa, destacaron que&nbsp;la opacidad en la que opera el Poder Judicial en M\u00e9xico es un asunto que debe ser considerado de gravedad, ya que constituye un terreno f\u00e9rtil para actos de corrupci\u00f3n y nulifica la rendici\u00f3n de cuentas de un poder tradicionalmente cerrado a la ciudadan\u00eda. Esto se ha traducido en la obstaculizaci\u00f3n a la discusi\u00f3n p\u00fablica y el debate en torno a c\u00f3mo se interpretan y se da vigencia a los derechos de las personas.<\/p>\n\n\n\n<p class=\"wp-block-paragraph\">Actualmente, la Ley General de Transparencia y Acceso a la Informaci\u00f3n P\u00fablica obliga a los Poderes Judiciales a poner a disposici\u00f3n de la ciudadan\u00eda s\u00f3lo las sentencias de \u201cinter\u00e9s p\u00fablico\u201d, pero este concepto no est\u00e1 definido y en \u00e9l se escudan los juzgados y tribunales de muchos estados para no publicar ninguna de sus sentencias.<\/p>\n\n\n\n<p class=\"wp-block-paragraph\">De hecho,&nbsp;hasta ahora, ning\u00fan Poder Judicial local publica todas sus sentencias, por lo que resulta imposible saber si cumplen con sus obligaciones de proteger y garantizar los derechos humanos de todas las personas.<\/p>\n\n\n\n<p class=\"wp-block-paragraph\">Desde 2015, el colectivo&nbsp;#LoJustoEsQueSepas&nbsp;ha llamado a que se interprete que todas las sentencias judiciales son de inter\u00e9s p\u00fablico, porque todas sirven para monitorear c\u00f3mo se imparte la justicia en el pa\u00eds.<\/p>\n\n\n\n<p class=\"wp-block-paragraph\">Las sentencias judiciales, resultado \u00faltimo y concreto del trabajo de los \u00f3rganos jurisdiccionales, tienen un impacto directo sobre la vida de las personas, por lo que representan informaci\u00f3n necesaria para entender los criterios de interpretaci\u00f3n de la ley y evaluar el desempe\u00f1o de las y los funcionarios jurisdiccionales.<\/p>\n\n\n\n<p class=\"wp-block-paragraph\">\u201cPor ello, en el colectivo&nbsp;#LoJustoEsQueSepas, consideramos que la presente iniciativa, en t\u00e9rminos de transparencia y acceso a la informaci\u00f3n, permitir\u00eda a la ciudadan\u00eda observar la labor del Poder Judicial y exigir una mejor justicia\u201d.<\/p>\n\n\n\n<p class=\"wp-block-paragraph\">La organizaci\u00f3n EQUIS Justicia para las Mujeres ha documentado desde hace varios a\u00f1os c\u00f3mo el Poder Judicial sigue emitiendo sentencias que resultan discriminatorias y basadas en estereotipos.<\/p>\n\n\n\n<p class=\"wp-block-paragraph\">Las diputadas firmantes de esta propuesta son: &nbsp;Martha Tagle&nbsp;(MC),&nbsp;Mar\u00eda del Pilar Ortega&nbsp;(PAN),&nbsp;Ana Luc\u00eda Riojas Mart\u00ednez&nbsp;(independiente),&nbsp;Ver\u00f3nica Beatriz Ju\u00e1rez&nbsp;(PRD),&nbsp;Dulce Mar\u00eda Sauri&nbsp;(PRI), Carmen Julia Prudencio&nbsp;(MC),&nbsp;Mario A. Rodr\u00edguez&nbsp;(MC),&nbsp;Fabiola Loya Hern\u00e1ndez&nbsp;(MC),&nbsp;Marcela Torres Peimbert&nbsp;(PAN),&nbsp;Tatiana Clouthier&nbsp;(Morena),&nbsp;Lorena Villavicencio&nbsp;(Morena) y&nbsp;Wendy Brice\u00f1o (Morena).<\/p>\n\n\n\n<p class=\"wp-block-paragraph\">SEM\/md\/sj<\/p>\n","protected":false},"excerpt":{"rendered":"<p>Redacci\u00f3n Mar\u00eda Degollado SemM\u00e9xico, Cd. de M\u00e9xico, 6 marzo 2019.-&nbsp;Las diputadas Martha Tagle y Ana Luc\u00eda Riojas, junto a miembros del colectivo&nbsp;#LoJustoEsQueSepas, presentaron una propuesta de reforma al art\u00edculo 73 de la Ley General de Transparencia y Acceso a la Informaci\u00f3n P\u00fablica para obligar a los Poderes Judiciales a publicar todas sus sentencias. En conferencia [&hellip;]<\/p>\n","protected":false},"author":3,"featured_media":3533,"comment_status":"open","ping_status":"open","sticky":false,"template":"","format":"standard","meta":{"_monsterinsights_skip_tracking":false,"footnotes":""},"categories":[690,50],"tags":[],"class_list":["post-3532","post","type-post","status-publish","format-standard","has-post-thumbnail","category-690","category-congreso"],"_links":{"self":[{"href":"https:\/\/redsemlac.com\/semmexico\/wp-json\/wp\/v2\/posts\/3532","targetHints":{"allow":["GET"]}}],"collection":[{"href":"https:\/\/redsemlac.com\/semmexico\/wp-json\/wp\/v2\/posts"}],"about":[{"href":"https:\/\/redsemlac.com\/semmexico\/wp-json\/wp\/v2\/types\/post"}],"author":[{"embeddable":true,"href":"https:\/\/redsemlac.com\/semmexico\/wp-json\/wp\/v2\/users\/3"}],"replies":[{"embeddable":true,"href":"https:\/\/redsemlac.com\/semmexico\/wp-json\/wp\/v2\/comments?post=3532"}],"version-history":[{"count":0,"href":"https:\/\/redsemlac.com\/semmexico\/wp-json\/wp\/v2\/posts\/3532\/revisions"}],"wp:featuredmedia":[{"embeddable":true,"href":"https:\/\/redsemlac.com\/semmexico\/wp-json\/wp\/v2\/media\/3533"}],"wp:attachment":[{"href":"https:\/\/redsemlac.com\/semmexico\/wp-json\/wp\/v2\/media?parent=3532"}],"wp:term":[{"taxonomy":"category","embeddable":true,"href":"https:\/\/redsemlac.com\/semmexico\/wp-json\/wp\/v2\/categories?post=3532"},{"taxonomy":"post_tag","embeddable":true,"href":"https:\/\/redsemlac.com\/semmexico\/wp-json\/wp\/v2\/tags?post=3532"}],"curies":[{"name":"wp","href":"https:\/\/api.w.org\/{rel}","templated":true}]}}