{"id":35227,"date":"2021-05-13T11:09:17","date_gmt":"2021-05-13T17:09:17","guid":{"rendered":"https:\/\/redsemlac.com\/semmexico\/?p=35227"},"modified":"2023-07-21T17:00:03","modified_gmt":"2023-07-21T22:00:03","slug":"a-proposito-del-15-de-mayo","status":"publish","type":"post","link":"https:\/\/redsemlac.com\/semmexico\/a-proposito-del-15-de-mayo\/","title":{"rendered":"A prop\u00f3sito del 15 de mayo\u2026"},"content":{"rendered":"\n<p class=\"wp-block-paragraph\"><strong>Un repaso a la historia de las maestras mexicanas<\/strong><\/p>\n\n\n\n<p class=\"wp-block-paragraph\">Elvira Hern\u00e1ndez Carballido<\/p>\n\n\n\n<p class=\"wp-block-paragraph\">SemM\u00e9xico, Pachuca, Hidalgo, 13 de mayo, 2021.-Escriben en el pizarr\u00f3n, preparan sus clases d\u00eda con d\u00eda, pero tambi\u00e9n han luchado por mejores salarios y el reconocimiento justo. Han participado en momentos significativos de la historia de M\u00e9xico. No dejan su apostolado, su pasi\u00f3n, su compromiso. Son las maestras mexicanas. Hoy les invito a conocer algunas de ellas, representativas en otras \u00e9pocas, presentes por siempre en nuestra memoria.&nbsp;<\/p>\n\n\n\n<p class=\"wp-block-paragraph\">La primera que quiero mencionar en este recuento es a Mateana Murgu\u00eda (1856- 1907), quien adem\u00e1s de haber quedado al frente de varios colegios, escribi\u00f3 en el semanario \u201cVioletas del An\u00e1huac\u201d, siempre con una postura cr\u00edtica, destac\u00f3 por un texto donde denunci\u00f3 la desigualdad entre los salarios por cuestiones de g\u00e9nero:<\/p>\n\n\n\n<p class=\"wp-block-paragraph\"><em>\u201cPor una disposici\u00f3n que no nos atrevemos a calificar, los profesores disfrutan de $60. y las profesoras solo perciben 45!, y aunque los $60. no son tampoco suficientes para atender a los gastos de una familia, que adem\u00e1s de alimentaci\u00f3n necesita lavandera, criados, ropa, calzado, etc., 45 lo son mucho menos\u201d.<\/em><\/p>\n\n\n\n<p class=\"wp-block-paragraph\">A pesar de su indignaci\u00f3n y de asegurar que abogaba por \u201cla mujer que trata de emanciparse por medio del trabajo\u201d, solicit\u00f3 al Ayuntamiento de manera humilde que se les asignara, cuando menos, a las directoras de las escuelas municipales un sueldo igual al de los profesores. Argumentaba que las profesoras \u00fanicamente pod\u00edan vivir con el sueldo que este les ofrec\u00eda, pues hab\u00eda varias dificultades si alguna maestra deseaba ganarse la vida desempe\u00f1ando otro tipo de tareas que, a pesar de estar relacionadas con el magisterio, no eran sencillas de llevar a cabo por las siguientes cuestiones:<\/p>\n\n\n\n<p class=\"wp-block-paragraph\"><em>\u201cComo dijimos antes, estos [los profesores] no cubren las necesidades con la cantidad que perciben; pero tienen al menos la posibilidad de salir por la noche a dar lecciones a domicilio pudiendo llegar por este medio otros recursos; pero las profesoras, casi todas j\u00f3venes mientras su debilidad no est\u00e9 suficientemente respetada por la cultura de nuestros compatriotas, no se atreven a salir de su casa para volver a las 8 o 9 de la noche, pues bien saben que en el camino se encontrar\u00e1n mil impertinentes que las importunen y disgusten; adem\u00e1s el trabajo intelectual y f\u00edsico que han sostenido todo el d\u00eda agota sus fuerzas y no les deja \u00e1nimo para una nueva tarea.\u201d<\/em><\/p>\n\n\n\n<p class=\"wp-block-paragraph\">Fue tan cierta su inquietud por el profesorado de M\u00e9xico, que el 10 de marzo de 1889 public\u00f3 tambi\u00e9n una carta donde informaba sobre la crueldad que se hab\u00eda cometido con varias profesoras pues, de forma humillante, les hab\u00edan restringido su sueldo de 60 pesos a 45, y si con el primero a duras penas sobreviv\u00edan era obvio que el segundo ser\u00eda m\u00e1s que insuficiente. Decidida exigi\u00f3 a la Secretar\u00eda de Educaci\u00f3n que nulificara esa disposici\u00f3n, mencion\u00f3 que los profesores hombres ten\u00edan como alternativa dar lecciones a domicilio m\u00e1s no as\u00ed las maestras, \u201cporque en M\u00e9xico es todav\u00eda un delito que una se\u00f1orita ande sola por la noche y adem\u00e1s el trabajo que la obliga a tener en constante actividad todas sus facultades no le deja ya fuerzas para entregarse a nuevas tareas\u201d. Fue as\u00ed como una profesora y periodista del siglo XIX, Mateana Murgu\u00eda levant\u00f3 la voz por sus colegas.&nbsp;<\/p>\n\n\n\n<p class=\"wp-block-paragraph\">Una propuesta interesante en el contexto educativo fue la de Concepci\u00f3n Gimeno (1850-1919), que fund\u00f3 el semanario \u201cEl \u00e1lbum de la mujer\u201d y en el siglo XX colabor\u00f3 en otras publicaciones, entre ellas \u201cLa mujer mexicana\u201d. Siempre con una mirada anal\u00edtica y cr\u00edtica, su perspectiva sigui\u00f3 latente en este espacio donde sobresali\u00f3 uno de sus textos que propon\u00eda el t\u00e9rmino feminolog\u00eda o ciencia filos\u00f3fica de la mujer, as\u00ed como la creaci\u00f3n de una universidad femenina:<\/p>\n\n\n\n<p class=\"wp-block-paragraph\">\u201cFeminolog\u00eda es la historia del sexo femenino, manifestando la representaci\u00f3n que ha tenido en todos los pueblos y \u00e9pocas, tanto en la religi\u00f3n como en la ley, la poes\u00eda, el arte y la vida social. Mientras que una universidad de la mujer permitir\u00e1 entra\u00f1ar sus recursos con que contrarrestar las desdichas privadas y el mal ejemplo de una sociedad entera que no siempre ha cre\u00eddo en ella. El feminismo debe ser ya una realidad\u201d.<\/p>\n\n\n\n<p class=\"wp-block-paragraph\">Ella advert\u00eda que el feminismo no significaba masculinizarse, sino reconocer la presencia femenina en todos los \u00e1mbitos sociales, presencia que continuar\u00eda utilizando \u201cla coqueter\u00eda y la gracia para vencer al Sans\u00f3n social\u201d, pero que jam\u00e1s adoptar\u00eda los defectos ni el comportamiento de los hombres. No quer\u00eda los extremos, incluso rechaz\u00f3 rotundamente al personaje de Nora en la obra de teatro&nbsp;<em>Casa de Mu\u00f1ecas<\/em>&nbsp;de Visen: \u201cNo podemos romper abruptamente con lo que ha sido nuestra vida -aseguraba Concepci\u00f3n Gimeno- porque despu\u00e9s \u00bfQui\u00e9n seremos?\u201d.<\/p>\n\n\n\n<p class=\"wp-block-paragraph\">Durante el movimiento revolucionario, muchas de ellas se unieron a la causa, apoyaron a su manera y con sus posibilidades a cada caudillo. Se arriesgaron no solamente a llevar correspondencia o planes, sino tambi\u00e9n armas. Es muy emotivo, pero tambi\u00e9n muy loable la manera en que Julia Nava (1893-1964) enga\u00f1\u00f3 al ej\u00e9rcito mientras trataba de entregar un arsenal a los zapatistas seg\u00fan un testimonio recuperado por Mayo Murrieta:&nbsp;<\/p>\n\n\n\n<p class=\"wp-block-paragraph\"><em>\u201c&#8230;escucharon varios balazos, el capit\u00e1n enfurecido y con el temor de ser acribillado sac\u00f3 su pistola y dispar\u00f3 contra la barca llena de maestros.<\/em><\/p>\n\n\n\n<ul class=\"wp-block-list\"><li><em>\u00a1No dispare! \u00a1Somos maestros! \u2013 se oy\u00f3 la voz de Julia entre enfurecida y suplicante. El capit\u00e1n guard\u00f3 su arma y orden\u00f3 otra vez:<\/em><\/li><li><em>B\u00e1jense, desgraciados traidores, los hombres al pared\u00f3n y las mujeres al cuartel-. De la barca sal\u00edan gritos clemencia. Julia, al frente de sus compa\u00f1eros, encar\u00f3 al militar:<\/em><\/li><li><em>Capit\u00e1n, qu\u00e9 hemos hechos para que nos trate as\u00ed de alevoso. Somos maestros que huimos de la Ciudad de M\u00e9xico, vamos a nuestros pueblos. No somos ni carrancistas ni zapatistas ni nada, somos normalistas en servicio, pero han cerrado las escuelas, por eso nos vamos. Aqu\u00ed, ninguno de nosotros porta armas.<\/em><\/li><li><em>\u00bfC\u00f3mo me prueba que son maestros? \u2013 reclam\u00f3 el capit\u00e1n.<\/em><\/li><li><em>Con esto-. Y Julia sac\u00f3 de su pecho el t\u00edtulo de normalista y se lo mostr\u00f3.<\/em><\/li><\/ul>\n\n\n\n<p class=\"wp-block-paragraph\"><em>Maestra normalista del estado de Nuevo Le\u00f3n \u2013 ley\u00f3 el militar en voz alta&#8230; Normalista de Monterrey, \u00a1ch\u00f3quela somos paisanos!\u201d<\/em><\/p>\n\n\n\n<p class=\"wp-block-paragraph\">Despu\u00e9s del movimiento revolucionario, muchas maestras mexicanas se unieron al llamado de Jos\u00e9 Vasconcelos para alfabetizar al pa\u00eds. Cargadas solamente de sus cuadernos, libros y gises visitaron los poblados m\u00e1s lejanos para llevar su apostolado. Desgraciadamente no fueron bien recibidas en muchos lugares por mitos y rumores que met\u00edan miedo a la gente y la creencia de que deseaban cambiarlos, alejarlos de dios y usarlos para fines siniestros. Fue as\u00ed como enfrentaron la violencia, algunas entregaron la vida en este compromiso total de la ense\u00f1anza como lo narr\u00f3 en una de sus cr\u00f3nicas la gran reportera Elvira Vargas (1906-1967):&nbsp;<\/p>\n\n\n\n<p class=\"wp-block-paragraph\"><em>\u201cMar\u00eda Guadalupe R\u00edo de la Garza, maestra rural en San Jer\u00f3nimo, Jalisco, modestamente vestida, la cabeza cubierta con un chal negro, aun impotente para contener las l\u00e1grimas nos dijo: \u201cMi hermana Mar\u00eda Elena y yo fuimos v\u00edctimas de doscientos bandoleros que atacaron nuestra casa, la que defendimos hasta el \u00faltimo momento; pero al fin, durante la noche, nos sacaron y golpearon, dici\u00e9ndonos que \u00e9ramos ateas, con tratos con el diablo, nos llevaron al monte. Mi hermana estaba a punto de ser madre. Despu\u00e9s de golpearnos y humillarnos, se orden\u00f3 que nos fusilaran. La obscuridad me protegi\u00f3 y pude correr entre la hierba, herida. Mi hermana fue asesinada, la mutilaron horriblemente. Mar\u00eda Guadalupe no puede, cuando relata estos hechos, contener los sollozos. Alrededor de ella, un grupo de periodistas y de maestros rurales sentimos la tragedia viva de estos ap\u00f3stoles de la Revoluci\u00f3n\u201d.<\/em><\/p>\n\n\n\n<p class=\"wp-block-paragraph\">\u00bfCu\u00e1ntas historias m\u00e1s podemos encontrar de las maestras mexicanas? Sin duda, muchas m\u00e1s, siempre presentes en cada \u00e9poca, siempre atentas a ense\u00f1ar, pero tambi\u00e9n a luchar. Nada como recordarlas, nada como no olvidarlas.&nbsp;<\/p>\n","protected":false},"excerpt":{"rendered":"<p>Un repaso a la historia de las maestras mexicanas Elvira Hern\u00e1ndez Carballido SemM\u00e9xico, Pachuca, Hidalgo, 13 de mayo, 2021.-Escriben en el pizarr\u00f3n, preparan sus clases d\u00eda con d\u00eda, pero tambi\u00e9n han luchado por mejores salarios y el reconocimiento justo. Han participado en momentos significativos de la historia de M\u00e9xico. No dejan su apostolado, su pasi\u00f3n, [&hellip;]<\/p>\n","protected":false},"author":3,"featured_media":31337,"comment_status":"open","ping_status":"open","sticky":false,"template":"","format":"standard","meta":{"_monsterinsights_skip_tracking":false,"footnotes":""},"categories":[692,201,202,35],"tags":[],"class_list":["post-35227","post","type-post","status-publish","format-standard","has-post-thumbnail","category-692","category-bellas-y-airosas","category-elvira-hernandez-carballido","category-opinion"],"_links":{"self":[{"href":"https:\/\/redsemlac.com\/semmexico\/wp-json\/wp\/v2\/posts\/35227","targetHints":{"allow":["GET"]}}],"collection":[{"href":"https:\/\/redsemlac.com\/semmexico\/wp-json\/wp\/v2\/posts"}],"about":[{"href":"https:\/\/redsemlac.com\/semmexico\/wp-json\/wp\/v2\/types\/post"}],"author":[{"embeddable":true,"href":"https:\/\/redsemlac.com\/semmexico\/wp-json\/wp\/v2\/users\/3"}],"replies":[{"embeddable":true,"href":"https:\/\/redsemlac.com\/semmexico\/wp-json\/wp\/v2\/comments?post=35227"}],"version-history":[{"count":0,"href":"https:\/\/redsemlac.com\/semmexico\/wp-json\/wp\/v2\/posts\/35227\/revisions"}],"wp:featuredmedia":[{"embeddable":true,"href":"https:\/\/redsemlac.com\/semmexico\/wp-json\/wp\/v2\/media\/31337"}],"wp:attachment":[{"href":"https:\/\/redsemlac.com\/semmexico\/wp-json\/wp\/v2\/media?parent=35227"}],"wp:term":[{"taxonomy":"category","embeddable":true,"href":"https:\/\/redsemlac.com\/semmexico\/wp-json\/wp\/v2\/categories?post=35227"},{"taxonomy":"post_tag","embeddable":true,"href":"https:\/\/redsemlac.com\/semmexico\/wp-json\/wp\/v2\/tags?post=35227"}],"curies":[{"name":"wp","href":"https:\/\/api.w.org\/{rel}","templated":true}]}}