{"id":3520,"date":"2019-03-06T19:05:31","date_gmt":"2019-03-06T19:05:31","guid":{"rendered":"https:\/\/redsemlac.com\/semmexico\/?p=3520"},"modified":"2023-07-21T14:47:05","modified_gmt":"2023-07-21T19:47:05","slug":"ya-son-mas-de-15-los-congresos-locales-que-respaldan-esa-reforma","status":"publish","type":"post","link":"https:\/\/redsemlac.com\/semmexico\/ya-son-mas-de-15-los-congresos-locales-que-respaldan-esa-reforma\/","title":{"rendered":"Ya son m\u00e1s de 15 los congresos locales que respaldan esa reforma."},"content":{"rendered":"\n<p class=\"wp-block-paragraph\"><a href=\"https:\/\/www.semmexico.com\/gallery-post.php?id=7425#\">Redacci\u00f3n<\/a><\/p>\n\n\n\n<p class=\"wp-block-paragraph\"><strong>Patricia Brise\u00f1o<\/strong><\/p>\n\n\n\n<p class=\"wp-block-paragraph\">SemM\u00e9xico, Oaxaca, 6 marzo 2019.- La 64 Legislatura del Congreso del Estado aprob\u00f3 en sesi\u00f3n extraordinaria por unanimidad la reforma constitucional de la Guardia Nacional en M\u00e9xico.<\/p>\n\n\n\n<p class=\"wp-block-paragraph\">Despu\u00e9s al final, enfundados en sus camisetas con la leyenda \u201cGuardia Nacional\u201d, las y los diputados de Morena \u201ccelebraron\u201d el triunfo, como si acabaran de terminar un partido de futbol.<\/p>\n\n\n\n<p class=\"wp-block-paragraph\">Como se esperaba, el Congreso de Oaxaca se sum\u00f3 este mi\u00e9rcoles a la lista de entidades en aprobar la reforma, que ya pas\u00f3 satisfactoriamente por Guerrero, Tabasco, Campeche, Chiapas, Nuevo Le\u00f3n, Colima, Zacatecas, Hidalgo, Quer\u00e9taro, Estado de M\u00e9xico, Durango, Baja California Sur y Tlaxcala.<\/p>\n\n\n\n<p class=\"wp-block-paragraph\">La legisladora del partido Morena y presidenta de Estudios Constitucionales, Delfina Elizabeth D\u00edaz, hizo un breve resumen del contexto y contenido de la iniciativa para la reforma de diversos art\u00edculos de la Constituci\u00f3n Pol\u00edtica de los Estados Unidos Mexicanos, se dispensaron los tr\u00e1mites y de inmediato se someti\u00f3 a discusi\u00f3n por ser un asunto de urgente y obvia resoluci\u00f3n.<\/p>\n\n\n\n<p class=\"wp-block-paragraph\">Antes de realizar la votaci\u00f3n, tres legisladores tambi\u00e9n de Morena subieron a la tribuna para defenderla. Mientras que sus compa\u00f1eros y compa\u00f1eras se colocaban una playera con la frase Guardia Nacional.<\/p>\n\n\n\n<p class=\"wp-block-paragraph\">Los diputados morenistas coincidieron en la importancia de crear la Guardia Nacional, pues la seguridad es una de las principales prioridades tanto para el Estado como para el pa\u00eds.<\/p>\n\n\n\n<p class=\"wp-block-paragraph\">La reforma para la creaci\u00f3n de la Guardia Nacional fue aprobada por unanimidad de los legisladores presentes con 40 votos a favor.<\/p>\n\n\n\n<p class=\"wp-block-paragraph\">SEM\/pb\/sj<\/p>\n","protected":false},"excerpt":{"rendered":"<p>Redacci\u00f3n Patricia Brise\u00f1o SemM\u00e9xico, Oaxaca, 6 marzo 2019.- La 64 Legislatura del Congreso del Estado aprob\u00f3 en sesi\u00f3n extraordinaria por unanimidad la reforma constitucional de la Guardia Nacional en M\u00e9xico. Despu\u00e9s al final, enfundados en sus camisetas con la leyenda \u201cGuardia Nacional\u201d, las y los diputados de Morena \u201ccelebraron\u201d el triunfo, como si acabaran de [&hellip;]<\/p>\n","protected":false},"author":3,"featured_media":3522,"comment_status":"open","ping_status":"open","sticky":false,"template":"","format":"standard","meta":{"_monsterinsights_skip_tracking":false,"footnotes":""},"categories":[690,50],"tags":[],"class_list":["post-3520","post","type-post","status-publish","format-standard","has-post-thumbnail","category-690","category-congreso"],"_links":{"self":[{"href":"https:\/\/redsemlac.com\/semmexico\/wp-json\/wp\/v2\/posts\/3520","targetHints":{"allow":["GET"]}}],"collection":[{"href":"https:\/\/redsemlac.com\/semmexico\/wp-json\/wp\/v2\/posts"}],"about":[{"href":"https:\/\/redsemlac.com\/semmexico\/wp-json\/wp\/v2\/types\/post"}],"author":[{"embeddable":true,"href":"https:\/\/redsemlac.com\/semmexico\/wp-json\/wp\/v2\/users\/3"}],"replies":[{"embeddable":true,"href":"https:\/\/redsemlac.com\/semmexico\/wp-json\/wp\/v2\/comments?post=3520"}],"version-history":[{"count":0,"href":"https:\/\/redsemlac.com\/semmexico\/wp-json\/wp\/v2\/posts\/3520\/revisions"}],"wp:featuredmedia":[{"embeddable":true,"href":"https:\/\/redsemlac.com\/semmexico\/wp-json\/wp\/v2\/media\/3522"}],"wp:attachment":[{"href":"https:\/\/redsemlac.com\/semmexico\/wp-json\/wp\/v2\/media?parent=3520"}],"wp:term":[{"taxonomy":"category","embeddable":true,"href":"https:\/\/redsemlac.com\/semmexico\/wp-json\/wp\/v2\/categories?post=3520"},{"taxonomy":"post_tag","embeddable":true,"href":"https:\/\/redsemlac.com\/semmexico\/wp-json\/wp\/v2\/tags?post=3520"}],"curies":[{"name":"wp","href":"https:\/\/api.w.org\/{rel}","templated":true}]}}