{"id":35179,"date":"2021-05-12T10:33:53","date_gmt":"2021-05-12T16:33:53","guid":{"rendered":"https:\/\/redsemlac.com\/semmexico\/?p=35179"},"modified":"2023-07-21T17:00:04","modified_gmt":"2023-07-21T22:00:04","slug":"paremos-todo","status":"publish","type":"post","link":"https:\/\/redsemlac.com\/semmexico\/paremos-todo\/","title":{"rendered":"Paremos todo"},"content":{"rendered":"\n<h2 class=\"wp-block-heading\"><strong>Mirada Violeta<\/strong><\/h2>\n\n\n\n<p class=\"wp-block-paragraph\"><strong>Lupita Ramos Ponce&nbsp;<\/strong><\/p>\n\n\n\n<p class=\"wp-block-paragraph\">SemM\u00e9xico. Jalisco. 12 de mayo 2021.- Hay momentos de nuestra vida en que es necesario hacer un alto, parar, reflexionar antes de seguir andando. Este momento ha llegado tambi\u00e9n para Jalisco. Despu\u00e9s del secuestro y asesinato de Ana Karen, Jos\u00e9 Alberto y Luis \u00c1ngel, no es posible continuar con las actividades cotidianas como si nada hubiera pasado. El asesinato de los hermanos Gonz\u00e1lez Moreno termin\u00f3 de romper un tejido social ya resquebrajado desde hace muchos a\u00f1os.<\/p>\n\n\n\n<p class=\"wp-block-paragraph\">El Estado de Jalisco es el primer lugar en desapariciones y fosas clandestinas. Es tambi\u00e9n uno de los primeros diez Estados donde m\u00e1s jovencitas de entre los 10 y 18 a\u00f1os se han llevado las organizaciones criminales dedicadas a la trata de personas. Hay m\u00e1s de 12 mil 629 personas desaparecidas a la fecha, pero 3 mil 906 han desaparecido desde que comenz\u00f3 esta administraci\u00f3n.<\/p>\n\n\n\n<p class=\"wp-block-paragraph\">La Red Feminista Yo Voy 8 de marzo, hace un llamado masivo a la movilizaci\u00f3n social en la exigencia de justicia. &nbsp;Aqu\u00ed parte del comunicado que puede ser consultado completo en la p\u00e1gina de la Red:<\/p>\n\n\n\n<p class=\"wp-block-paragraph\">&nbsp;\u201cPor medio de este comunicado, desde la Red Yo Voy 8 de Marzo, HACEMOS UN LLAMADO MASIVO A LA MOVILIZACI\u00d3N SOCIAL, por la exigencia de justicia contra la desaparici\u00f3n y el brutal asesinato de lxs hermanxs Gonz\u00e1lez Moreno y por cada una de las familias que buscan incesantemente a sus seres queridxs.<\/p>\n\n\n\n<p class=\"wp-block-paragraph\">A d\u00eda de hoy, en el estado de Jalisco hay m\u00e1s de 12,629 personas desaparecidas en contra de su voluntad y en paradero desconocido\u2026Ante ello, las acciones por parte del gobierno, as\u00ed como los recursos presupuestados para la b\u00fasqueda y la reducci\u00f3n de la violencia de g\u00e9nero demuestran una total indolencia por la situaci\u00f3n\u2026la Comisi\u00f3n de B\u00fasqueda solamente cuenta con 39 millones para la localizaci\u00f3n de 12 mil 629 personas desaparecidas en el territorio con las cifras de desaparici\u00f3n forzada m\u00e1s elevadas a nivel nacional. \u00bfQu\u00e9 podemos esperar de un estado que destina solamente nueve pesos al d\u00eda a la b\u00fasqueda de cada una de las personas desaparecidas?&#8230;\u201d<\/p>\n\n\n\n<p class=\"wp-block-paragraph\">Esto es la indolencia total y la ingobernabilidad. Nos encontramos en un Estado fallido, un estado que le ha fallado a su ciudadan\u00eda ante la barbarie de los grupos delincuenciales incrustados en las entra\u00f1as del gobierno.<\/p>\n\n\n\n<p class=\"wp-block-paragraph\">Es momento de parar todo, incluso las campa\u00f1as pol\u00edticas. No hay proceso electoral v\u00e1lido en un contexto en donde las y los j\u00f3venes votantes son asesinados y el Estado no garantiza su derecho a una vida digna y libre de violencia.<\/p>\n\n\n\n<p class=\"wp-block-paragraph\">El asesinato de Ana Karen, Jos\u00e9 Alberto y Luis \u00c1ngel, nos golpea la cara y el coraz\u00f3n y enluta no solo a una familia, sino a la sociedad entera. &nbsp;Ninguna madre tiene que pasar el 10 de mayo identificando y recuperando los cuerpos de sus hijos asesinados. Ninguna madre tiene que seguir mendigando justicia a las puertas de una Fiscal\u00eda que no busca y por lo tanto, que no encuentra a sus seres queridos desaparecidos.<\/p>\n\n\n\n<p class=\"wp-block-paragraph\">Ninguna madre tiene que enterarse por las noticias del hallazgo de \u201ctres bultos que corresponden a dos hombres y una mujer\u201d.<\/p>\n\n\n\n<p class=\"wp-block-paragraph\">Antes de que nos conviertan en \u201cbultos\u201d, paremos esta barbarie. Es momento de parar todo hasta que nos devuelvan la tranquilidad, la paz y la seguridad que nos han robado. &nbsp;<\/p>\n\n\n\n<p class=\"wp-block-paragraph\">medium.com\/dra-lupitaramos<\/p>\n\n\n\n<p class=\"wp-block-paragraph\">@dralupitaramosp<\/p>\n\n\n\n<p class=\"wp-block-paragraph\">lupitaramosponce@gmail.com<\/p>\n\n\n\n<p class=\"wp-block-paragraph\">Canal de Youtube Dra. Lupita Ramos.<\/p>\n\n\n\n<p class=\"wp-block-paragraph\"><a href=\"https:\/\/www.youtube.com\/channel\/UCQ_bKrt9f4rkb7VST7-sYrg\">https:\/\/www.youtube.com\/channel\/UCQ_bKrt9f4rkb7VST7-sYrg<\/a><\/p>\n","protected":false},"excerpt":{"rendered":"<p>Hay momentos de nuestra vida en que es necesario hacer un alto, parar, reflexionar antes de seguir andando. <\/p>\n","protected":false},"author":3,"featured_media":8967,"comment_status":"open","ping_status":"open","sticky":false,"template":"","format":"standard","meta":{"_monsterinsights_skip_tracking":false,"footnotes":""},"categories":[692,91,35],"tags":[],"class_list":["post-35179","post","type-post","status-publish","format-standard","has-post-thumbnail","category-692","category-lupita-ramos-ponce","category-opinion"],"_links":{"self":[{"href":"https:\/\/redsemlac.com\/semmexico\/wp-json\/wp\/v2\/posts\/35179","targetHints":{"allow":["GET"]}}],"collection":[{"href":"https:\/\/redsemlac.com\/semmexico\/wp-json\/wp\/v2\/posts"}],"about":[{"href":"https:\/\/redsemlac.com\/semmexico\/wp-json\/wp\/v2\/types\/post"}],"author":[{"embeddable":true,"href":"https:\/\/redsemlac.com\/semmexico\/wp-json\/wp\/v2\/users\/3"}],"replies":[{"embeddable":true,"href":"https:\/\/redsemlac.com\/semmexico\/wp-json\/wp\/v2\/comments?post=35179"}],"version-history":[{"count":0,"href":"https:\/\/redsemlac.com\/semmexico\/wp-json\/wp\/v2\/posts\/35179\/revisions"}],"wp:featuredmedia":[{"embeddable":true,"href":"https:\/\/redsemlac.com\/semmexico\/wp-json\/wp\/v2\/media\/8967"}],"wp:attachment":[{"href":"https:\/\/redsemlac.com\/semmexico\/wp-json\/wp\/v2\/media?parent=35179"}],"wp:term":[{"taxonomy":"category","embeddable":true,"href":"https:\/\/redsemlac.com\/semmexico\/wp-json\/wp\/v2\/categories?post=35179"},{"taxonomy":"post_tag","embeddable":true,"href":"https:\/\/redsemlac.com\/semmexico\/wp-json\/wp\/v2\/tags?post=35179"}],"curies":[{"name":"wp","href":"https:\/\/api.w.org\/{rel}","templated":true}]}}