{"id":35169,"date":"2021-05-11T17:00:10","date_gmt":"2021-05-11T23:00:10","guid":{"rendered":"https:\/\/redsemlac.com\/semmexico\/?p=35169"},"modified":"2023-07-21T17:00:04","modified_gmt":"2023-07-21T22:00:04","slug":"dennos-un-dia-5-minutos-de-su-tiempo-piden-al-gobernador-madres-de-personas-desaparecidas","status":"publish","type":"post","link":"https:\/\/redsemlac.com\/semmexico\/dennos-un-dia-5-minutos-de-su-tiempo-piden-al-gobernador-madres-de-personas-desaparecidas\/","title":{"rendered":"\u201cDennos un d\u00eda 5 minutos de su tiempo\u201d, piden al gobernador madres de personas desaparecidas"},"content":{"rendered":"\n<p class=\"wp-block-paragraph\">SemM\u00e9xico\/Tlanesi, periodismo de derechos humanos, Colima, Col., 11 de mayo, 2021.- \u201cTenga misericordia\u2026 necesita dejar arreglados muchos asuntos antes de irse; dennos un d\u00eda 5 minutos de su tiempo\u201d, demandaron este diez de mayo al gobernador, Jos\u00e9 Ignacio Peralta S\u00e1nchez, madres de la Red Desaparecidos en Colima A.C., durante una protesta realizada frente a la Casa de Gobierno, en el trayecto de una marcha por las principales calles de esta ciudad.<br>Lo anterior, debido a que desde m\u00e1s de dos a\u00f1os familiares de hombres y mujeres desaparecidas han insistido en la petici\u00f3n de una audiencia con el mandatario estatal, pero \u00e9ste no les ha dado respuesta, de acuerdo con la presidenta el colectivo, Carmen Sep\u00falveda G\u00f3mez.<br>Mientras la Casa de Gobierno permaneci\u00f3 cerrada todo el tiempo, rodeada con vallas met\u00e1licas, brotaron a gritos algunos reclamos de manifestantes hacia Jos\u00e9 Ignacio Peralta: \u201cTe vas y nos dejas 1600 desaparecidos\u201d; \u201c\u00bfEn alg\u00fan momento antes de tu partida tendr\u00e1s la decencia de recibirnos?\u201d, \u201cGobernador, eres un cobarde\u201d y \u201cVivir felices y seguros, no qued\u00f3 m\u00e1s que en eslogan de campa\u00f1a, gracias por no recibirnos\u201d.<br>Eva Verduzco de la Cruz, fundadora de la Red, realiz\u00f3 un pase de lista de personas desaparecidas, entre cuyos nombres se escucharon: \u00c1lvaro Guardado, Alma Estela N\u00fa\u00f1ez Michel, Amador Calixto Mart\u00ednez Hern\u00e1ndez, C\u00e9sar Enrique Garc\u00eda Hern\u00e1ndez, Carlos Donaldo Campos Sep\u00falveda, David Verduzco de la Cruz, Leslie Alejandra Flores Larios, No\u00e9 Mart\u00ednez Bernal, Daniel Lucatero Orozco y Miriam Serrano Ch\u00e1vez.<br>En su pronunciamiento, le\u00eddo por Ana Silvia Larios, la Red Desaparecidos en Colima expres\u00f3:<br>\u201cHoy venimos a exigir a un gobierno que nos ha abandonado la justicia que les ha negado a nuestros hijos y a nosotras mismas. Un d\u00eda que deber\u00eda ser de alegr\u00eda, a nosotras nos llena de dolor, de impotencia y de soledad\u201d.<br>A\u00f1adi\u00f3 que \u201ccomo gran regalo, este gobierno modific\u00f3 la ley de v\u00edctimas y de paso nos ha vuelto a negar el derecho a la justicia para nuestros hijos desaparecidos; ahora en las b\u00fasquedas estaremos solos ante los delincuentes que dominan nuestros estados ante la complacencia de las autoridades de todos los niveles del gobierno\u201d.<br>Hizo alusi\u00f3n al hecho de que en estos tiempos unas autoridades dejan el cargo y otras llegan prometiendo \u201cel oro y el moro\u201d y ahora todo es promesa a cambio del voto.<br>\u201c\u00a1Tengan verg\u00fcenza! \u00a1Estamos aqu\u00ed buscando justicia! Queremos hacerles sentir nuestro cansancio y hartazgo de escuchar justificaciones a su p\u00e9simo trabajo, a su falta de resultados, pero sobre todo al desprecio por nuestros familiares. Un gobierno que desprecia a sus ciudadanos no merece estar en el poder y los ciudadanos no merecemos esos gobernantes\u201d.<br>El colectivo denunci\u00f3: \u201cLas autoridades de este pa\u00eds parecen c\u00f3mplices de los delincuentes, los dejan operar ante sus ojos y con su completa complacencia y a los ciudadanos nos obstaculizan para abrir una carpeta de investigaci\u00f3n; nos niegan informaci\u00f3n y desaparecen pruebas, no siguen el debido proceso y con el mismo argumento no colaboran entre las fiscal\u00edas estatales\u201d.<br>Tras exigir infructuosamente a Jos\u00e9 Ignacio Peralta dar la cara y atender a las familias de las personas desaparecidas, los manifestantes prosiguieron la marcha que hab\u00edan iniciado en el parque de la Piedra Lisa y se dirigieron rumbo al jard\u00edn Libertad, frente al Palacio de Gobierno, que actualmente se encuentra cerrado por obras de remodelaci\u00f3n.<br>En su mayor\u00eda con vestimenta blanca, portando lonas con fotograf\u00edas de las personas desaparecidas y coreando consignas recorrieron la Calzada Galv\u00e1n y la calle Madero, despertando la atenci\u00f3n de muchas personas que visitaban los comercios realizando sus compras por el D\u00eda de las Madres.<br>Una vez en el jard\u00edn Libertad, fue le\u00eddo nuevamente el pronunciamiento de la Red y cerraron la actividad con una misa en la Catedral.<\/p>\n","protected":false},"excerpt":{"rendered":"<p>SemM\u00e9xico\/Tlanesi, periodismo de derechos humanos, Colima, Col., 11 de mayo, 2021.- \u201cTenga misericordia\u2026 necesita dejar arreglados muchos asuntos antes de irse; dennos un d\u00eda 5 minutos de su tiempo\u201d, demandaron este diez de mayo al gobernador, Jos\u00e9 Ignacio Peralta S\u00e1nchez, madres de la Red Desaparecidos en Colima A.C., durante una protesta realizada frente a la [&hellip;]<\/p>\n","protected":false},"author":3,"featured_media":35170,"comment_status":"open","ping_status":"open","sticky":false,"template":"","format":"standard","meta":{"_monsterinsights_skip_tracking":false,"footnotes":""},"categories":[692,47],"tags":[],"class_list":["post-35169","post","type-post","status-publish","format-standard","has-post-thumbnail","category-692","category-no-mas-impunidad"],"_links":{"self":[{"href":"https:\/\/redsemlac.com\/semmexico\/wp-json\/wp\/v2\/posts\/35169","targetHints":{"allow":["GET"]}}],"collection":[{"href":"https:\/\/redsemlac.com\/semmexico\/wp-json\/wp\/v2\/posts"}],"about":[{"href":"https:\/\/redsemlac.com\/semmexico\/wp-json\/wp\/v2\/types\/post"}],"author":[{"embeddable":true,"href":"https:\/\/redsemlac.com\/semmexico\/wp-json\/wp\/v2\/users\/3"}],"replies":[{"embeddable":true,"href":"https:\/\/redsemlac.com\/semmexico\/wp-json\/wp\/v2\/comments?post=35169"}],"version-history":[{"count":0,"href":"https:\/\/redsemlac.com\/semmexico\/wp-json\/wp\/v2\/posts\/35169\/revisions"}],"wp:featuredmedia":[{"embeddable":true,"href":"https:\/\/redsemlac.com\/semmexico\/wp-json\/wp\/v2\/media\/35170"}],"wp:attachment":[{"href":"https:\/\/redsemlac.com\/semmexico\/wp-json\/wp\/v2\/media?parent=35169"}],"wp:term":[{"taxonomy":"category","embeddable":true,"href":"https:\/\/redsemlac.com\/semmexico\/wp-json\/wp\/v2\/categories?post=35169"},{"taxonomy":"post_tag","embeddable":true,"href":"https:\/\/redsemlac.com\/semmexico\/wp-json\/wp\/v2\/tags?post=35169"}],"curies":[{"name":"wp","href":"https:\/\/api.w.org\/{rel}","templated":true}]}}