{"id":35166,"date":"2021-05-11T14:42:58","date_gmt":"2021-05-11T20:42:58","guid":{"rendered":"https:\/\/redsemlac.com\/semmexico\/?p=35166"},"modified":"2023-07-21T17:00:04","modified_gmt":"2023-07-21T22:00:04","slug":"plagian-a-exalcaldesa-de-san-andres-tuxtla-marina-garay","status":"publish","type":"post","link":"https:\/\/redsemlac.com\/semmexico\/plagian-a-exalcaldesa-de-san-andres-tuxtla-marina-garay\/","title":{"rendered":"Plagian a exalcaldesa de San Andr\u00e9s Tuxtla, Marina Garay"},"content":{"rendered":"\n<ul class=\"wp-block-list\"><li><strong>El gobernador Cuitl\u00e1huac Garc\u00eda Jim\u00e9nez confirma el secuestro de la mam\u00e1 del alcalde de San Andr\u00e9s Tuxtla, Octavio P\u00e9rez Garay.<\/strong><\/li><\/ul>\n\n\n\n<p class=\"wp-block-paragraph\"><strong>Redacci\u00f3n<\/strong><\/p>\n\n\n\n<p class=\"wp-block-paragraph\">SemM\u00e9xico\/Billie Parker Noticias. San Andr\u00e9s Tuxtla. 11 mayo 2021.- Sujetos desconocidos privaron de la libertad a la exalcaldesa de San Andr\u00e9s Tuxtla, Marina Garay Cabada, la ma\u00f1ana de este martes, lo cual fue confirmado por el gobernador Cuitl\u00e1huac Garc\u00eda Jim\u00e9nez en conferencia de prensa.<\/p>\n\n\n\n<p class=\"wp-block-paragraph\">El reporte preliminar indica que la madre del actual Presidente Municipal Tavo P\u00e9rez Garay (PRI) se encontraba en una instalaci\u00f3n de su negocio de materiales para la construcci\u00f3n, cuando un grupo armado lleg\u00f3 al lugar y la levantaron para luego emprender la huida a bordo de una camioneta.<\/p>\n\n\n\n<p class=\"wp-block-paragraph\">De acuerdo a las autoridades la Secretar\u00eda de Seguridad ha montado un operativo terrestre con un helic\u00f3ptero para dar con la ex alcaldesa y los plagiarios sin que hasta el momento haya resultado alguno.<\/p>\n\n\n\n<p class=\"wp-block-paragraph\">El Gobernador Veracruzano ratific\u00f3 que los hechos ocurrieron durante la ma\u00f1ana del martes 11 de mayo.<\/p>\n\n\n\n<p class=\"wp-block-paragraph\">&nbsp;\u201cEstamos de frente contra la delincuencia y vamos a actuar de manera contundente. La prioridad es la localizaci\u00f3n\u201d indic\u00f3, Garc\u00eda Jim\u00e9nez al detallar que fue el mismo presidente municipal, Octavio P\u00e9rez quien pidi\u00f3 el apoyo por lo que se despleg\u00f3 un operativo de todas las fuerzas del orden.<\/p>\n\n\n\n<p class=\"wp-block-paragraph\">En la conferencia de prensa, convocada a las 11 de la ma\u00f1ana el mandatario estatal refiri\u00f3 que se comunic\u00f3 con la titular de la Fiscal\u00eda General del Estado de Veracruz (FGE) Ver\u00f3nica Hern\u00e1ndez Giad\u00e1ns y se le pidi\u00f3 a P\u00e9rez Gara ponga la denuncia formal, pero de los resultados de su \u201coperativo\u201d no report\u00f3 nada.<\/p>\n\n\n\n<p class=\"wp-block-paragraph\">&nbsp;\u201cEs real y se atender\u00e1 durante el trascurso del d\u00eda. Se va a investigar a fondo\u201d y agreg\u00f3 lo que repite en estos mismos casos \u201cse va a dar con los presuntos responsables\u201d, sin que hasta el momento haya responsables en casos como el de Gladys Merlin y sus hija Karla o en el de la alcaldesa de Jamapa, donde el caso actual recuerda el mismo modo de operar ante una poblaci\u00f3n con polic\u00eda desarmada.<\/p>\n\n\n\n<p class=\"wp-block-paragraph\">Marina Garay Cabada fue alcaldesa por el PRI de San Andr\u00e9s Tuxtla de 2008 a 2010 y diputada federal por el distrito 19 con cabecera en la regi\u00f3n de Los Tuxtlas, en la LXII Legislatura del Congreso de la Uni\u00f3n (2012-2015)<\/p>\n\n\n\n<p class=\"wp-block-paragraph\">Luego de que la Polic\u00eda Municipal fue desarmada en la localidad al sureste veracruzano el pasado 4 de mayo el alcalde Octavio P\u00e9rez Garay respondi\u00f3 en rueda de prensa al Secretario de Gobierno del estado de Veracruz, Eric Cisneros , quien se\u00f1al\u00f3 que se le investigaba por la evasi\u00f3n de un reo identificado como Marcelo \u201cN\u201d, acusado de abigeato.<\/p>\n\n\n\n<p class=\"wp-block-paragraph\">El alcalde de San Andr\u00e9s habr\u00eda urgido a que se le regresar\u00e1n las armas a la polic\u00eda por lo que el funcionario de Cuitl\u00e1huac Garc\u00eda infiri\u00f3 que el edil pudiera estar involucrado por lo que Tavo P\u00e9rez Gara lament\u00f3 que solicitar informes sobre la Polic\u00eda Municipal derivara en agresiones en su contra y responsabiliz\u00f3 a Eric Cisneros de cualquier cosa que le pudiera suceder a \u00e9l o a su familia.<\/p>\n","protected":false},"excerpt":{"rendered":"<p>El gobernador Cuitl\u00e1huac Garc\u00eda Jim\u00e9nez confirma el secuestro de la mam\u00e1 del alcalde de San Andr\u00e9s Tuxtla, Octavio P\u00e9rez Garay.<\/p>\n","protected":false},"author":3,"featured_media":35167,"comment_status":"open","ping_status":"open","sticky":false,"template":"","format":"standard","meta":{"_monsterinsights_skip_tracking":false,"footnotes":""},"categories":[692,51],"tags":[],"class_list":["post-35166","post","type-post","status-publish","format-standard","has-post-thumbnail","category-692","category-ejecutivo"],"_links":{"self":[{"href":"https:\/\/redsemlac.com\/semmexico\/wp-json\/wp\/v2\/posts\/35166","targetHints":{"allow":["GET"]}}],"collection":[{"href":"https:\/\/redsemlac.com\/semmexico\/wp-json\/wp\/v2\/posts"}],"about":[{"href":"https:\/\/redsemlac.com\/semmexico\/wp-json\/wp\/v2\/types\/post"}],"author":[{"embeddable":true,"href":"https:\/\/redsemlac.com\/semmexico\/wp-json\/wp\/v2\/users\/3"}],"replies":[{"embeddable":true,"href":"https:\/\/redsemlac.com\/semmexico\/wp-json\/wp\/v2\/comments?post=35166"}],"version-history":[{"count":0,"href":"https:\/\/redsemlac.com\/semmexico\/wp-json\/wp\/v2\/posts\/35166\/revisions"}],"wp:featuredmedia":[{"embeddable":true,"href":"https:\/\/redsemlac.com\/semmexico\/wp-json\/wp\/v2\/media\/35167"}],"wp:attachment":[{"href":"https:\/\/redsemlac.com\/semmexico\/wp-json\/wp\/v2\/media?parent=35166"}],"wp:term":[{"taxonomy":"category","embeddable":true,"href":"https:\/\/redsemlac.com\/semmexico\/wp-json\/wp\/v2\/categories?post=35166"},{"taxonomy":"post_tag","embeddable":true,"href":"https:\/\/redsemlac.com\/semmexico\/wp-json\/wp\/v2\/tags?post=35166"}],"curies":[{"name":"wp","href":"https:\/\/api.w.org\/{rel}","templated":true}]}}