{"id":35164,"date":"2021-05-11T14:12:34","date_gmt":"2021-05-11T20:12:34","guid":{"rendered":"https:\/\/redsemlac.com\/semmexico\/?p=35164"},"modified":"2023-07-21T17:00:04","modified_gmt":"2023-07-21T22:00:04","slug":"las-madres-una-prioridad-otro-desacierto-de-amlo-y-su-4t","status":"publish","type":"post","link":"https:\/\/redsemlac.com\/semmexico\/las-madres-una-prioridad-otro-desacierto-de-amlo-y-su-4t\/","title":{"rendered":"\u00bfLas madres una prioridad? Otro desacierto de AMLO y su 4T"},"content":{"rendered":"\n<h2 class=\"wp-block-heading\"><strong>Mujeres y pol\u00edtica<\/strong><\/h2>\n\n\n\n<p class=\"wp-block-paragraph\"><strong>Soledad Jarqu\u00edn Edgar<\/strong><\/p>\n\n\n\n<p class=\"wp-block-paragraph\">SemM\u00e9xico, 11 de mayo, 2021.- Andr\u00e9s Manuel L\u00f3pez Obrador, presidente de M\u00e9xico, se para frente a las y los representantes de los medios que cada d\u00eda acuden a la ma\u00f1anera para escucharlo y les dice: -Hoy no habr\u00e1 conferencia, lo primero son las madres.<\/p>\n\n\n\n<p class=\"wp-block-paragraph\">Detr\u00e1s un tel\u00f3n y Eugenia Le\u00f3n contribuye al espect\u00e1culo-homenaje.<\/p>\n\n\n\n<p class=\"wp-block-paragraph\">En los a\u00f1os veinte del siglo pasado, esos que tanto odia el presidente mexicano, es decir, los conservadores inventaron el d\u00eda de las madres. La historia ha sido repetida hasta el cansancio, fue escrito por la historiadora Martha Acevedo hace varias d\u00e9cadas. Un director de un diario y un gobernante en turno buscan con esta acci\u00f3n detener la toma de conciencia de las mexicanas sobre sus derechos: desde los pol\u00edticos, hasta los del cuerpo y a la educaci\u00f3n. Reci\u00e9n estaban los Congresos Feministas de Yucat\u00e1n en 1916 y las movilizaciones de mujeres por el derecho al sufragio persist\u00edan de una y otra forma. Reci\u00e9n tambi\u00e9n se hab\u00eda puesto en la mesa el derecho a decidir de las mujeres\u2026as\u00ed la historia.<\/p>\n\n\n\n<p class=\"wp-block-paragraph\">Frente a esas grandes movilizaciones de las mujeres, LOS CONSERVADORES inventaron el d\u00eda de la madre, el mismo que fanfarronamente festej\u00f3 el se\u00f1or presidente mexicano, mientras en la puerta de palacio nacional, donde festejaba L\u00f3pez Obrador, madres de desaparecidos y desaparecidas de todo el pa\u00eds le tocaban insistentemente. Pero \u00e9l decidi\u00f3 no abrir la puerta. \u00a1Presidente No tenemos nada que festejar!&#8230; pero sus gritos no se escuchaban.<\/p>\n\n\n\n<p class=\"wp-block-paragraph\">Sin duda esta acci\u00f3n del 10 de mayo, es la suma de muchas tropel\u00edas cometidas contra las mujeres y, sobre todo, contra sus derechos. L\u00f3pez Obrador no quiere seguir escuchando m\u00e1s reclamos, no quiere seguir oyendo a las madres lament\u00e1ndose de los asesinatos de sus hijas, ni quiere saber nada sobre el feminicidio, ni sobre la desaparici\u00f3n de personas, porque dir\u00e1 es parte de lo que hicieron los otros, tienen a\u00f1os de haber sucedido\u2026omite con ello que siguen sucediendo, que se enga\u00f1a y lo enga\u00f1an.<\/p>\n\n\n\n<p class=\"wp-block-paragraph\">Hace tiempo el presidente perdi\u00f3 la punta del hilo en materia de igualdad para las mujeres, para el ejercicio de derechos fundamentales como la no violencia, obstaculiz\u00f3 su acceso al trabajo al cerrar guarder\u00edas, las puso en riesgo al pretender dejar fuera el financiamiento a refugios y al negar sistem\u00e1ticamente la participaci\u00f3n de la sociedad civil organizada en las instituciones p\u00fablicas como el Inmujeres, instancia que va en picada.<\/p>\n\n\n\n<p class=\"wp-block-paragraph\">El monopolio de la palabra del presidente L\u00f3pez Obrador no tiene resonancia en las familias desquebrajadas y deshechas por el dolor, por la p\u00e9rdida de sus hijas e hijos, como acaba de suceder en Jalisco, donde tres integrantes de una familia fueron asesinados, dos hombres y una mujer, tres j\u00f3venes universitarios con futuro y que se sabe fueron sustra\u00eddos de su casa por personas que podr\u00edan pertenecer a un cartel.<\/p>\n\n\n\n<p class=\"wp-block-paragraph\">\u00bfLos va a perdonar presidente? Me refiero si va a perdonar a los criminales y tambi\u00e9n me gustar\u00eda que personalmente pudieran, usted y el gobernador de Jalisco, ver a la cara a la mam\u00e1 de Ana Karen, Luis Alberto y Jos\u00e9 \u00c1ngel Gonz\u00e1lez Moreno.<\/p>\n\n\n\n<p class=\"wp-block-paragraph\">Nos queda claro a las y los mexicanos. Los gobiernos estatales han fracasado en la b\u00fasqueda de justicia para miles y miles de j\u00f3venes en este pa\u00eds desde que el narcotr\u00e1fico, la misoginia y el machismo gobiernan disfrazados de los partidos pol\u00edticos de siempre. De ah\u00ed que la 4T ERA una esperanza, la misma que cierra la puerta en la cara de las madres que piden justicia.<\/p>\n\n\n\n<p class=\"wp-block-paragraph\">Y esa que parece una figura \u201ccerrar la puerta en la cara a las madres\u201d se da as\u00ed, literalmente, o se da bajo subterfugios. Lo que parec\u00eda que le quedaba claro al presidente era que en el caso de personas desaparecidas y feminicidios y\/o asesinatos violentos de mujeres, quienes han fallado son las fiscal\u00edas generales de casi todos los estados del pa\u00eds. Al menos as\u00ed lo dijo la Secretaria de Gobernaci\u00f3n, Olga S\u00e1nchez Cordero, el 25 de noviembre del a\u00f1o pasado.<\/p>\n\n\n\n<p class=\"wp-block-paragraph\">Y es que un d\u00eda antes, esta que escribe, en su calidad de mam\u00e1 y periodista estuve en la famosa ma\u00f1anera, donde adem\u00e1s de llevarle una carta con 18 mil firmas que exig\u00edan #AltoAlFeminicidio, como parte de la campa\u00f1a #NosVanAVerJuntas al que nos invit\u00f3 el Observatorio Ciudadano Nacional del Feminicidio, le expliqu\u00e9 al presidente mexicano c\u00f3mo en Oaxaca el ahora ex fiscal hab\u00eda obstaculizado toda investigaci\u00f3n, los errores cometidos, las omisiones del gobernador Alejandro Murat que se ampara en la \u201cautonom\u00eda\u201d de la Fiscal\u00eda para no poder hacer absolutamente nada y de c\u00f3mo las cuatro carpetas de investigaci\u00f3n -feminicidio, robo, delito electoral y anticorrupci\u00f3n- estaban \u201cen veremos\u201d despu\u00e9s de dos a\u00f1os y medio de los hechos en que mi hija Mar\u00eda del Sol Cruz Jarqu\u00edn hab\u00eda sido asesinada en un atentado realizado en un contexto pol\u00edtico-electoral.<\/p>\n\n\n\n<p class=\"wp-block-paragraph\">Bueno, el presidente dio a instrucci\u00f3n S\u00e1nchez Cordero de atenderme y \u00e9sta a su vez gir\u00f3 la misma instrucci\u00f3n a la titular de Conavim, Fabiola Alan\u00eds, seis meses despu\u00e9s y varias reuniones virtuales, quiero decirles que el resultado es id\u00e9ntico al anterior, NO HA PASADO GRAN COSA. Solo y es importante, se activaron las audiencias y eso coincidi\u00f3 con la apertura de estos procesos suspendidos de manera presencial por la pandemia de Covid 19.<\/p>\n\n\n\n<p class=\"wp-block-paragraph\">De ah\u00ed que el dicho del presidente L\u00f3pez Obrador de que las m\u00e1s madres somos la prioridad, es otro desacierto m\u00e1s de la actual administraci\u00f3n. Y conste que lo digo con las pruebas en la mano.<\/p>\n","protected":false},"excerpt":{"rendered":"<p>Andr\u00e9s Manuel L\u00f3pez Obrador, presidente de M\u00e9xico, se para frente a las y los representantes de los medios que cada d\u00eda acuden a la ma\u00f1anera para escucharlo y les dice: -Hoy no habr\u00e1 conferencia, lo primero son las madres.<\/p>\n","protected":false},"author":3,"featured_media":8460,"comment_status":"open","ping_status":"open","sticky":false,"template":"","format":"standard","meta":{"_monsterinsights_skip_tracking":false,"footnotes":""},"categories":[692,96,35,75],"tags":[],"class_list":["post-35164","post","type-post","status-publish","format-standard","has-post-thumbnail","category-692","category-mujeres-y-politica","category-opinion","category-soledad-jarquin-edgar"],"_links":{"self":[{"href":"https:\/\/redsemlac.com\/semmexico\/wp-json\/wp\/v2\/posts\/35164","targetHints":{"allow":["GET"]}}],"collection":[{"href":"https:\/\/redsemlac.com\/semmexico\/wp-json\/wp\/v2\/posts"}],"about":[{"href":"https:\/\/redsemlac.com\/semmexico\/wp-json\/wp\/v2\/types\/post"}],"author":[{"embeddable":true,"href":"https:\/\/redsemlac.com\/semmexico\/wp-json\/wp\/v2\/users\/3"}],"replies":[{"embeddable":true,"href":"https:\/\/redsemlac.com\/semmexico\/wp-json\/wp\/v2\/comments?post=35164"}],"version-history":[{"count":0,"href":"https:\/\/redsemlac.com\/semmexico\/wp-json\/wp\/v2\/posts\/35164\/revisions"}],"wp:featuredmedia":[{"embeddable":true,"href":"https:\/\/redsemlac.com\/semmexico\/wp-json\/wp\/v2\/media\/8460"}],"wp:attachment":[{"href":"https:\/\/redsemlac.com\/semmexico\/wp-json\/wp\/v2\/media?parent=35164"}],"wp:term":[{"taxonomy":"category","embeddable":true,"href":"https:\/\/redsemlac.com\/semmexico\/wp-json\/wp\/v2\/categories?post=35164"},{"taxonomy":"post_tag","embeddable":true,"href":"https:\/\/redsemlac.com\/semmexico\/wp-json\/wp\/v2\/tags?post=35164"}],"curies":[{"name":"wp","href":"https:\/\/api.w.org\/{rel}","templated":true}]}}