{"id":35161,"date":"2021-05-11T14:03:01","date_gmt":"2021-05-11T20:03:01","guid":{"rendered":"https:\/\/redsemlac.com\/semmexico\/?p=35161"},"modified":"2023-07-21T17:00:05","modified_gmt":"2023-07-21T22:00:05","slug":"sally-buzbee-la-primera-mujer-en-liderar-the-washington-post","status":"publish","type":"post","link":"https:\/\/redsemlac.com\/semmexico\/sally-buzbee-la-primera-mujer-en-liderar-the-washington-post\/","title":{"rendered":"Sally Buzbee, la primera mujer en liderar The Washington Post"},"content":{"rendered":"\n<ul class=\"wp-block-list\"><li><strong> A partir de junio, la ahora vicepresidenta de AP, se pondr\u00e1 al frente de una redacci\u00f3n que conforman cerca de un millar de periodistas<\/strong><\/li><\/ul>\n\n\n\n<p class=\"wp-block-paragraph\"><strong>Redacci\u00f3n<\/strong><\/p>\n\n\n\n<p class=\"wp-block-paragraph\">SemM\u00e9xico\/El Sol de M\u00e9xico\/Agencias. 11 de mayo 2021.- The Washington Post anunci\u00f3 este martes el nombramiento de Sally Buzbee como nueva directora del peri\u00f3dico, la primera mujer que llevar\u00e1 las riendas del prestigioso diario estadounidense.<\/p>\n\n\n\n<p class=\"wp-block-paragraph\">Buzbee, hasta ahora directora ejecutiva y vicepresidenta de la agencia Associated Press, se pondr\u00e1 al frente a partir de junio de una redacci\u00f3n que conforman cerca de un millar de periodistas, seg\u00fan ha informado el propio rotativo.<\/p>\n\n\n\n<p class=\"wp-block-paragraph\">El editor y director ejecutivo del peri\u00f3dico, Fred Ryan, anunci\u00f3 este martes a la redacci\u00f3n el nombramiento de Buzbee en sustituci\u00f3n de Martin Baron, quien estuvo al frente del peri\u00f3dico desde 2013 y se jubil\u00f3 el pasado mes de febrero.<\/p>\n\n\n\n<p class=\"wp-block-paragraph\">La elecci\u00f3n de Buzbee se produce tras un proceso de selecci\u00f3n que comenz\u00f3 hace diez semanas, nada m\u00e1s dejar Baron el cargo y en el que ha competido un grupo peque\u00f1o de candidatos.<\/p>\n\n\n\n<p class=\"wp-block-paragraph\">Todos ellos fueron entrevistados la semana pasada por el due\u00f1o del peri\u00f3dico y fundador de Amazon, el magnate Jeff Bezos. Ryan no quiso identificar qui\u00e9nes han sido los otros nombres que han aspirado al puesto.<\/p>\n\n\n\n<p class=\"wp-block-paragraph\">El de Buzbee es el primer fichaje directivo que hace el diario desde que Bezos lo comprara en 2013.<\/p>\n","protected":false},"excerpt":{"rendered":"<p> A partir de junio, la ahora vicepresidenta de AP, se pondr\u00e1 al frente de una redacci\u00f3n que conforman cerca de un millar de periodistas<\/p>\n","protected":false},"author":3,"featured_media":35162,"comment_status":"open","ping_status":"open","sticky":false,"template":"","format":"standard","meta":{"_monsterinsights_skip_tracking":false,"footnotes":""},"categories":[692,55],"tags":[],"class_list":["post-35161","post","type-post","status-publish","format-standard","has-post-thumbnail","category-692","category-periodistas"],"_links":{"self":[{"href":"https:\/\/redsemlac.com\/semmexico\/wp-json\/wp\/v2\/posts\/35161","targetHints":{"allow":["GET"]}}],"collection":[{"href":"https:\/\/redsemlac.com\/semmexico\/wp-json\/wp\/v2\/posts"}],"about":[{"href":"https:\/\/redsemlac.com\/semmexico\/wp-json\/wp\/v2\/types\/post"}],"author":[{"embeddable":true,"href":"https:\/\/redsemlac.com\/semmexico\/wp-json\/wp\/v2\/users\/3"}],"replies":[{"embeddable":true,"href":"https:\/\/redsemlac.com\/semmexico\/wp-json\/wp\/v2\/comments?post=35161"}],"version-history":[{"count":0,"href":"https:\/\/redsemlac.com\/semmexico\/wp-json\/wp\/v2\/posts\/35161\/revisions"}],"wp:featuredmedia":[{"embeddable":true,"href":"https:\/\/redsemlac.com\/semmexico\/wp-json\/wp\/v2\/media\/35162"}],"wp:attachment":[{"href":"https:\/\/redsemlac.com\/semmexico\/wp-json\/wp\/v2\/media?parent=35161"}],"wp:term":[{"taxonomy":"category","embeddable":true,"href":"https:\/\/redsemlac.com\/semmexico\/wp-json\/wp\/v2\/categories?post=35161"},{"taxonomy":"post_tag","embeddable":true,"href":"https:\/\/redsemlac.com\/semmexico\/wp-json\/wp\/v2\/tags?post=35161"}],"curies":[{"name":"wp","href":"https:\/\/api.w.org\/{rel}","templated":true}]}}