{"id":35156,"date":"2021-05-11T13:53:21","date_gmt":"2021-05-11T19:53:21","guid":{"rendered":"https:\/\/redsemlac.com\/semmexico\/?p=35156"},"modified":"2023-07-21T17:00:05","modified_gmt":"2023-07-21T22:00:05","slug":"seguridad-interpol-busca-a-andres-roemer-por-violacion","status":"publish","type":"post","link":"https:\/\/redsemlac.com\/semmexico\/seguridad-interpol-busca-a-andres-roemer-por-violacion\/","title":{"rendered":"Seguridad Interpol busca a Andr\u00e9s Roemer por violaci\u00f3n"},"content":{"rendered":"\n<ul class=\"wp-block-list\"><li><strong>Interpol busca a Andr\u00e9s Roemer por violaci\u00f3n, quien tiene una orden de aprehensi\u00f3n en M\u00e9xico<\/strong><\/li><li><strong>Esta instancia&nbsp; emiti\u00f3 una ficha roja de b\u00fasqueda internacional. Aunque se busca en 194 pa\u00edses no se garantiza su detenci\u00f3n.<\/strong><\/li><\/ul>\n\n\n\n<p class=\"wp-block-paragraph\"><strong>Redacci\u00f3n<\/strong><\/p>\n\n\n\n<p class=\"wp-block-paragraph\">SemM\u00e9xico, Cd. de M\u00e9xico, 11 de mayo, 2021.- El peri\u00f3dico oficial de la 4T, Regeneraci\u00f3n inform\u00f3 esta ma\u00f1ana que la Organizaci\u00f3n Internacional de Polic\u00eda Criminal (Interpol) emiti\u00f3 una ficha roja de b\u00fasqueda internacional contra Andr\u00e9s Roemer, pues la Fiscal\u00eda General de Justicia de la Ciudad de M\u00e9xico (FGJCDMX) emiti\u00f3 una orden de aprehensi\u00f3n en su contra por la probable comisi\u00f3n de violaci\u00f3n sexual.<\/p>\n\n\n\n<p class=\"wp-block-paragraph\">Seg\u00fan esta informaci\u00f3n&nbsp; funcionarios federales informaron que la petici\u00f3n de localizaci\u00f3n se formaliz\u00f3 por la Fiscal\u00eda General de la Rep\u00fablica, ya que la FGJCDMX as\u00ed lo solicit\u00f3. Por lo que el exembajador de M\u00e9xico en la Unesco es buscado en 194 pa\u00edses por &nbsp;miembros de la Interpol; sin embargo, s\u00f3lo es un aviso internacional de b\u00fasqueda, no una orden de detenci\u00f3n.<\/p>\n\n\n\n<p class=\"wp-block-paragraph\">Actualmente, Andr\u00e9s Roemer se encuentra en Israel, pa\u00eds con el que M\u00e9xico no tiene tratado de extradici\u00f3n. El individuo &nbsp;fue captado por el periodista Amir Shuan, de Hazinor y Canal 13, en Ge\u2019ula, cerca de la playa de Jerusal\u00e9n.<\/p>\n\n\n\n<p class=\"wp-block-paragraph\">\u00ab \u00bfEs propio que uses tu juda\u00edsmo para permanecer en Israel y escapar de M\u00e9xico?\u00bb, le pregunt\u00f3 y Roemer respondi\u00f3 que no escap\u00f3; tambi\u00e9n afirm\u00f3 que es inocente y que m\u00e1s de 400 mujeres lo respaldan.<\/p>\n\n\n\n<h2 class=\"wp-block-heading\"><strong>\u00bfC\u00f3mo se supo del paradero de Roemer?<\/strong><\/h2>\n\n\n\n<p class=\"wp-block-paragraph\">El paradero del se\u00f1alado por violaci\u00f3n y m\u00faltiples se\u00f1alamientos de abuso a mujeres mexicanas se dio a conocer el pasado 29 de abril, cuando Reporte \u00cdndigo public\u00f3 el testimonio de una mujer estadounidense que sufri\u00f3 acoso sexual por parte de \u00e9l en Israel.<\/p>\n\n\n\n<p class=\"wp-block-paragraph\">Aunado a ello, la Fiscal\u00eda General de Justicia de la CDMX tambi\u00e9n integr\u00f3 ocho carpetas de investigaci\u00f3n que involucran a Roemer por delitos sexuales. Adem\u00e1s, la colectiva Periodistas Unidas Mexicanas recibi\u00f3 y difundi\u00f3 m\u00e1s de 60 testimonios que lo se\u00f1alan como agresor sexual.<\/p>\n\n\n\n<p class=\"wp-block-paragraph\">Por ello, m\u00e1s de 60 organizaciones feministas enviaron una carta al embajador de Israel en la Rep\u00fablica Mexicana, Zvi Tal, para pedirle que env\u00ede toda la informaci\u00f3n del caso al gobierno de M\u00e9xico.<\/p>\n","protected":false},"excerpt":{"rendered":"<p>Interpol busca a Andr\u00e9s Roemer por violaci\u00f3n, quien tiene una orden de aprehensi\u00f3n en M\u00e9xico<\/p>\n","protected":false},"author":3,"featured_media":35157,"comment_status":"open","ping_status":"open","sticky":false,"template":"","format":"standard","meta":{"_monsterinsights_skip_tracking":false,"footnotes":""},"categories":[692,51],"tags":[],"class_list":["post-35156","post","type-post","status-publish","format-standard","has-post-thumbnail","category-692","category-ejecutivo"],"_links":{"self":[{"href":"https:\/\/redsemlac.com\/semmexico\/wp-json\/wp\/v2\/posts\/35156","targetHints":{"allow":["GET"]}}],"collection":[{"href":"https:\/\/redsemlac.com\/semmexico\/wp-json\/wp\/v2\/posts"}],"about":[{"href":"https:\/\/redsemlac.com\/semmexico\/wp-json\/wp\/v2\/types\/post"}],"author":[{"embeddable":true,"href":"https:\/\/redsemlac.com\/semmexico\/wp-json\/wp\/v2\/users\/3"}],"replies":[{"embeddable":true,"href":"https:\/\/redsemlac.com\/semmexico\/wp-json\/wp\/v2\/comments?post=35156"}],"version-history":[{"count":0,"href":"https:\/\/redsemlac.com\/semmexico\/wp-json\/wp\/v2\/posts\/35156\/revisions"}],"wp:featuredmedia":[{"embeddable":true,"href":"https:\/\/redsemlac.com\/semmexico\/wp-json\/wp\/v2\/media\/35157"}],"wp:attachment":[{"href":"https:\/\/redsemlac.com\/semmexico\/wp-json\/wp\/v2\/media?parent=35156"}],"wp:term":[{"taxonomy":"category","embeddable":true,"href":"https:\/\/redsemlac.com\/semmexico\/wp-json\/wp\/v2\/categories?post=35156"},{"taxonomy":"post_tag","embeddable":true,"href":"https:\/\/redsemlac.com\/semmexico\/wp-json\/wp\/v2\/tags?post=35156"}],"curies":[{"name":"wp","href":"https:\/\/api.w.org\/{rel}","templated":true}]}}