{"id":35152,"date":"2021-05-11T13:50:47","date_gmt":"2021-05-11T19:50:47","guid":{"rendered":"https:\/\/redsemlac.com\/semmexico\/?p=35152"},"modified":"2023-07-21T17:00:05","modified_gmt":"2023-07-21T22:00:05","slug":"12-millones-de-embarazadas-recibiran-la-vacunacion-contra-el-covid-19-anuncia-secretaria-de-salud-en-la-mananera","status":"publish","type":"post","link":"https:\/\/redsemlac.com\/semmexico\/12-millones-de-embarazadas-recibiran-la-vacunacion-contra-el-covid-19-anuncia-secretaria-de-salud-en-la-mananera\/","title":{"rendered":"2 Millones de embarazadas recibir\u00e1n  la vacunaci\u00f3n contra el Covid 19, anuncia Secretar\u00eda de Salud en la ma\u00f1anera"},"content":{"rendered":"\n<ul class=\"wp-block-list\"><li><strong>La determinaci\u00f3n para considerarlo &nbsp;grupo prioritario &nbsp;cuando ya se acumularon 335 defunciones, atribuidas a &nbsp;la pandemia<\/strong><\/li><li><strong>El anuncio y reconocimiento del problema, 55 por ciento superior s\u00f3lo en mayo y luego de un a\u00f1o de advertencias y demandas no atendidas<\/strong><\/li><\/ul>\n\n\n\n<p class=\"wp-block-paragraph\"><strong>Lizbeth \u00c1lvarez Mart\u00ednez y Sara Lovera.<\/strong><\/p>\n\n\n\n<p class=\"wp-block-paragraph\">SemM\u00e9xico, Cd. de M\u00e9xico, 11 de mayo, 2021.- Esta ma\u00f1ana en el informe &nbsp;Pulso de la Salud, en Palacio Nacional se anunci\u00f3 que se vacunar\u00e1 a las embarazadas como grupo prioritario. Hoy se inicia el registro, luego que la primera semana epidemiol\u00f3gica, mayo 2021, registr\u00f3 335 defunciones acumuladas con un incremento de 55 por ciento en muerte materna por Covid 19, respecto de 2020.<\/p>\n\n\n\n<p class=\"wp-block-paragraph\">As\u00ed lo dio a conocer en la ma\u00f1anera &nbsp;el director general del Centro Nacional de Programas Preventivos y Control de Enfermedades, Cenaprece, Ruy L\u00f3pez Ridaura, &nbsp;quien dijo &nbsp;que &nbsp;el Gobierno de M\u00e9xico abri\u00f3 este &nbsp;nuevo grupo prioritario de vacunaci\u00f3n contra el Covid-19 en el pa\u00eds: mujeres embarazadas. Las embarazadas, aproximadamente 12 millones, recibir\u00e1n la vacuna a partir de la novena semana de embarazo sin importar su edad y todas las vacunas son seguras.<\/p>\n\n\n\n<p class=\"wp-block-paragraph\">En la primera semana de mayo de 2021 se registraron 335 defunciones acumuladas, en tanto que para el mismo corte de 2020 se registraron 216 defunciones. Lo descrito representa un incremento de 119 defunciones (55%) en el 2021 con respecto al 2020.<\/p>\n\n\n\n<p class=\"wp-block-paragraph\">El 2 de febrero, hace 3 meses, el director General de Epidemiolog\u00eda, Jos\u00e9 Luis Alom\u00eda, advirti\u00f3 que&nbsp; las mujeres embarazadas, ya estaban&nbsp; catalogadas como un grupo &nbsp;prioritario &nbsp;ante el coronavirus. Y anunci\u00f3, entonces, que se probaban si las vacunas previstas, servir\u00e1n para protegerla. Hoy qued\u00f3 confirmado que s\u00ed, todas las vacunas son seguras para las embarazadas.<\/p>\n\n\n\n<p class=\"wp-block-paragraph\">Los informes epidemiol\u00f3gicos de la SS &nbsp;se\u00f1alan que la muerte materna, marca como en primer lugar a las embarazadas que se han infectado, m\u00e1s de 940 en este primer a\u00f1o de la pandemia,&nbsp; y &nbsp;se registraron aumentos en el n\u00famero de fallecimientos a causa del COVID-19.<\/p>\n\n\n\n<p class=\"wp-block-paragraph\">Por ello se confirm\u00f3 hoy que &nbsp;\u201cHay un nuevo grupo de vacunaci\u00f3n prioritaria que son las embarazadas. La justificaci\u00f3n principal es que este grupo existe mucha evidencia de que la infecci\u00f3n por el virus SARS-CoV-2 es m\u00e1s grave, se hospitalizan m\u00e1s y hay mayor riesgo de muerte\u201d, expres\u00f3.<\/p>\n\n\n\n<p class=\"wp-block-paragraph\">L\u00f3pez Ridaura afirm\u00f3, adem\u00e1s, &nbsp;que las mujeres embarazadas \u201cpueden recibir cualquier tipo de vacuna\u201d para prevenir el nuevo coronavirus, aunque primero&nbsp; deber\u00e1n&nbsp; registrarse en la p\u00e1gina demivacuna.salud.gob.mx y esperar a que lleguen las dosis a sus lugares de origen.<\/p>\n\n\n\n<p class=\"wp-block-paragraph\">Asegur\u00f3 \u201cTodas las vacunas que tenemos en M\u00e9xico son seguras y se pueden aplicarse durante el embarazo, el beneficio es muy importante\u201d, calific\u00f3.<\/p>\n\n\n\n<p class=\"wp-block-paragraph\">En Palacio Nacional el funcionario de la Secretar\u00eda de Salud, agreg\u00f3, que se han presentado mil 636 casos de reci\u00e9n nacidos con COVID-19 en M\u00e9xico<\/p>\n\n\n\n<p class=\"wp-block-paragraph\">Por otro lado la directora General Centro Nacional de Equidad de G\u00e9nero y Salud Reproductiva, Karla Berdichevsky Feldman, se\u00f1al\u00f3 que el riesgo de las mujeres embarazadas a contraer la enfermedad es alto, pero no inform\u00f3 el resultado de haber ubicado como prioritaria su atenci\u00f3n, como se anunci\u00f3 en mayo de 2020.<\/p>\n\n\n\n<p class=\"wp-block-paragraph\">Las embarazadas contagiadas por Covid-19 y sus hijos reci\u00e9n nacidos enfrentan mayores riesgos de complicaciones de lo que se conoc\u00eda anteriormente, se mostr\u00f3 en un estudio realizado por cient\u00edficos brit\u00e1nicos revelado en el mes de abril.<\/p>\n\n\n\n<p class=\"wp-block-paragraph\">Una infecci\u00f3n del SARS-CoV-2 en esos reci\u00e9n nacidos se asocia con un riesgo tres veces mayor de complicaciones m\u00e9dicas graves, seg\u00fan un estudio realizado por cient\u00edficos de la Universidad de Oxford.<\/p>\n\n\n\n<p class=\"wp-block-paragraph\">&nbsp;La disminuci\u00f3n de presupuesto, camas de atenci\u00f3n obst\u00e9trica, y el cierre de las \u00e1reas de maternidad, en los hospitales de maternidad, con datos oficiales, indican que el aumento de contagios y muertes en embarazadas, no dej\u00f3 de crecer desde el comienzo de la pandemia.<\/p>\n\n\n\n<p class=\"wp-block-paragraph\">Hace 4 semanas, &nbsp;en la conferencia cotidiana de Salud, donde se da la estad\u00edstica de muertes y contagios, la funcionaria Berdichevsky Feldman, recomend\u00f3 que en caso de que las embarazadas &nbsp;presenten&nbsp; s\u00edntomas como dolor intenso de cabeza, visi\u00f3n borrosa, zumbido de o\u00eddos o fiebre, acudan de inmediato &nbsp;al m\u00e9dico a recibir atenci\u00f3n. No dijo d\u00f3nde.<\/p>\n\n\n\n<p class=\"wp-block-paragraph\">Mientras el portal del Observatorio de Muerte Materna, muestra c\u00f3mo se han rebasado todas las previsiones al iniciar la pandemia,&nbsp; y no obstante las recomendaciones para abrir servicios, incluso en los hoteles y las escuelas para atender nacimientos, ello no se hizo.<\/p>\n\n\n\n<p class=\"wp-block-paragraph\"><strong>Las mujeres embarazadas podr\u00e1n iniciar el proceso de vacunaci\u00f3n en la p\u00e1gina de preregistro oficial: https:\/\/mivacuna.salud.gob.mx\/ para que sean asignadas a una fecha y una sede de vacunaci\u00f3n. Para registrarse en dicho sitio web s\u00f3lo deber\u00e1n ingresar su Clave \u00danica de Registro Poblacional (CURP) y el n\u00famero de semanas de gestaci\u00f3n al momento del registro.<\/strong><\/p>\n\n\n\n<h2 class=\"wp-block-heading\"><strong>Se sab\u00eda que el disparo de la MM era por Covid y faltas de alternativas<\/strong><\/h2>\n\n\n\n<p class=\"wp-block-paragraph\">El crecimiento exponencial de <a href=\"https:\/\/redsemlac.com\/semmexico\/?p=34079\">&nbsp;la Muerte Materna en 2021 fue de 95.5 por ciento en marzo &nbsp;seg\u00fan reporte de la SS, comparando con 2020 y el &nbsp;Covid 19 es primera causa de los decesos<\/a>, afirm\u00f3 la diputada Martha Tagle Mart\u00ednez.<\/p>\n\n\n\n<p class=\"wp-block-paragraph\">Afirm\u00f3 que la muerte materna &nbsp;en M\u00e9xico se dispar\u00f3 y que seg\u00fan los informes epidemiol\u00f3gicos de la Secretar\u00eda de Salud que se publican mensualmente, es el resultado dijo, de la indiferencia de esa secretar\u00eda y el recorte presupuestal.<\/p>\n\n\n\n<p class=\"wp-block-paragraph\">Ahora en &nbsp;la primera semana de mayo se contabilizan &nbsp;335 muertes evitables, s\u00f3lo de enero al 5 de mayo de este a\u00f1o, y de todos los decesos, &nbsp;m\u00e1s del 55 por ciento est\u00e1n &nbsp;atribuidos al COVID 19, lo que ratifica que el sector salud abandon\u00f3&nbsp; la atenci\u00f3n a las&nbsp; embarazadas y no podr\u00e1 cumplir M\u00e9xico con sus compromisos internacionales para disminuir a 11 decesos por cada cien mil nacidos para 2030,&nbsp; ya que &nbsp;se mantiene en 64.6, 35 puntos arriba de lo que se hab\u00eda logrado en 2018 con 30 decesos por cada cien mil nacimientos.<\/p>\n\n\n\n<p class=\"wp-block-paragraph\">Hoy &nbsp;el crecimiento acumulado en un a\u00f1o de la muerte materna es de &nbsp;105 por ciento, con mil 260 muertes maternas. Ello a pesar de que en 3 meses la C\u00e1mara de Diputados hizo 4 exhortos a la Secretar\u00eda de Salud para cumplir con la prevenci\u00f3n y atenci\u00f3n de las embarazadas&nbsp; y poner en marcha las propuestas, hechas &nbsp;hace m\u00e1s de un a\u00f1o, para crear un plan de atenci\u00f3n no hospitalaria, en escuelas u hoteles y salvar vidas, que le hizo el Comit\u00e9 Promotor por una Maternidad Segura CPMS.<\/p>\n\n\n\n<p class=\"wp-block-paragraph\">La Secretar\u00eda de Salud, recibi\u00f3 los exhortos de la C\u00e1mara de Diputados y no respondi\u00f3. Uno de ellos promovido por la diputada Soraya P\u00e9rez Mungu\u00eda,&nbsp; del Grupo Parlamentario del Partido Revolucionario Institucional , del 25 de marzo&nbsp; que pide &nbsp;&nbsp;dar prioridad para vacunar a las embarazadas, \u2013 12 millones-, y los otros, tambi\u00e9n del PRI, para llamar a cuentas al no cumplir con dar atenci\u00f3n &nbsp;prioritaria a la salud sexual y reproductiva de las mujeres.<\/p>\n\n\n\n<p class=\"wp-block-paragraph\">Lo m\u00e1s grave es que la Unidad Coordinadora de Vinculaci\u00f3n y Participaci\u00f3n Social y el &nbsp;Centro Nacional de Equidad de G\u00e9nero y Salud Reproductiva, de la&nbsp; &nbsp;SS, \u201coper\u00f3\u201d para &nbsp;Salud, para obstaculizar la discusi\u00f3n de una iniciativa para crear unidades de parter\u00eda, sin costo, que ya hab\u00eda programado el 5 de abril la Comisi\u00f3n de Salud en la C\u00e1mara de la Paridad. La iniciativa, que sin desecharse, \u201cqued\u00f3 pendiente\u201d, dijo la diputada Martha Tagle de Movimiento Ciudadano&nbsp; podr\u00eda quedar archivada o desecharse, puesto que no dar\u00e1 tiempo para su aprobaci\u00f3n.<\/p>\n\n\n\n<p class=\"wp-block-paragraph\">El crecimiento de la muerte materna, seg\u00fan los reportes oficiales, &nbsp;en dos a\u00f1os del gobierno de la 4T agravados &nbsp;con la pandemia, &nbsp;podr\u00eda haberse evitado, si se hubieran creado en espacios alternativos a las parturientas y salvar sus &nbsp;vidas.&nbsp; Mientras que seg\u00fan informes de Transparencia, en 2020 hubo un subejercicio presupuestal de la SS de 12 mil millones de pesos.<\/p>\n\n\n\n<p class=\"wp-block-paragraph\">La crisis de la mortalidad materna en M\u00e9xico, que hasta 2018 baj\u00f3 sistem\u00e1ticamente, se recrudeci\u00f3 al iniciar la presente administraci\u00f3n. En 8 entidades del pa\u00eds, incluida la ciudad de M\u00e9xico concentran el 60.9 por ciento de todas las defunciones registradas, y entre &nbsp;ellos s\u00f3lo Veracruz es una de las entidades con mayor pobreza. Las entidades con m\u00e1s defunciones maternas son: Edo. de M\u00e9xico, CDMX, Jalisco, Puebla, Coahuila, Michoac\u00e1n, Nuevo Le\u00f3n y Veracruz, seg\u00fan el informe semanal de Vigilancia Epidemiol\u00f3gica al 5 de abril \u00faltimo.<\/p>\n\n\n\n<h2 class=\"wp-block-heading\">Informaci\u00f3n relevante muertes maternas<\/h2>\n\n\n\n<p class=\"wp-block-paragraph\">El informe epidemiol\u00f3gico de la primera semana de mayo 2021, se\u00f1ala que la raz\u00f3n de mortalidad materna calculada es de 49.6 defunciones por cada 100 mil nacimientos estimados, lo que representa un incremento del 58.3% en la raz\u00f3n respecto a la misma semana epidemiol\u00f3gica del a\u00f1o anterior.<\/p>\n\n\n\n<p class=\"wp-block-paragraph\">Agrega que las principales causas de defunci\u00f3n son: COVID-19, registran 134 (40 por ciento) con virus SARS-Cov2 confirmado; &nbsp;COVID-19, virus no identificado 15 (4.5 por ciento; Edema, proteinuria y trastornos hipertensivos que complican el embarazo, el parto y el puerperio (11.3 por ciento).<\/p>\n\n\n\n<p class=\"wp-block-paragraph\">&nbsp;Las entidades con m\u00e1s defunciones maternas son: Edo. de M\u00e9xico (61), CDMX (28), Jalisco (25), Puebla (19), Chiapas y Michoac\u00e1n (15). En conjunto suman el 48.7 por ciento de las defunciones registradas.<\/p>\n\n\n\n<p class=\"wp-block-paragraph\">En la primera semana de mayo de 2021 se registraron 335 defunciones acumuladas, en tanto que para el mismo corte de 2020 se registraron 216 defunciones. Lo descrito representa un incremento de 119 defunciones (55 por ciento) en el 2021 con respecto al 2020.<\/p>\n\n\n\n<figure class=\"wp-block-image size-large\"><a href=\"https:\/\/redsemlac.com\/semmexico\/wp-content\/uploads\/2021\/05\/muerte-materna.png\"><img loading=\"lazy\" decoding=\"async\" width=\"964\" height=\"719\" src=\"https:\/\/redsemlac.com\/semmexico\/wp-content\/uploads\/2021\/05\/muerte-materna.png\" alt=\"\" class=\"wp-image-35154\"\/><\/a><\/figure>\n","protected":false},"excerpt":{"rendered":"<p>La determinaci\u00f3n para considerarlo  grupo prioritario  cuando ya se acumularon 335 defunciones, atribuidas a  la pandemia<\/p>\n","protected":false},"author":3,"featured_media":35153,"comment_status":"open","ping_status":"open","sticky":false,"template":"","format":"standard","meta":{"_monsterinsights_skip_tracking":false,"footnotes":""},"categories":[692,51],"tags":[],"class_list":["post-35152","post","type-post","status-publish","format-standard","has-post-thumbnail","category-692","category-ejecutivo"],"_links":{"self":[{"href":"https:\/\/redsemlac.com\/semmexico\/wp-json\/wp\/v2\/posts\/35152","targetHints":{"allow":["GET"]}}],"collection":[{"href":"https:\/\/redsemlac.com\/semmexico\/wp-json\/wp\/v2\/posts"}],"about":[{"href":"https:\/\/redsemlac.com\/semmexico\/wp-json\/wp\/v2\/types\/post"}],"author":[{"embeddable":true,"href":"https:\/\/redsemlac.com\/semmexico\/wp-json\/wp\/v2\/users\/3"}],"replies":[{"embeddable":true,"href":"https:\/\/redsemlac.com\/semmexico\/wp-json\/wp\/v2\/comments?post=35152"}],"version-history":[{"count":0,"href":"https:\/\/redsemlac.com\/semmexico\/wp-json\/wp\/v2\/posts\/35152\/revisions"}],"wp:featuredmedia":[{"embeddable":true,"href":"https:\/\/redsemlac.com\/semmexico\/wp-json\/wp\/v2\/media\/35153"}],"wp:attachment":[{"href":"https:\/\/redsemlac.com\/semmexico\/wp-json\/wp\/v2\/media?parent=35152"}],"wp:term":[{"taxonomy":"category","embeddable":true,"href":"https:\/\/redsemlac.com\/semmexico\/wp-json\/wp\/v2\/categories?post=35152"},{"taxonomy":"post_tag","embeddable":true,"href":"https:\/\/redsemlac.com\/semmexico\/wp-json\/wp\/v2\/tags?post=35152"}],"curies":[{"name":"wp","href":"https:\/\/api.w.org\/{rel}","templated":true}]}}