{"id":35150,"date":"2021-05-11T13:46:50","date_gmt":"2021-05-11T19:46:50","guid":{"rendered":"https:\/\/redsemlac.com\/semmexico\/?p=35150"},"modified":"2023-07-21T17:00:05","modified_gmt":"2023-07-21T22:00:05","slug":"mama-te-quiero","status":"publish","type":"post","link":"https:\/\/redsemlac.com\/semmexico\/mama-te-quiero\/","title":{"rendered":"Mam\u00e1, \u00a1te quiero!"},"content":{"rendered":"\n<h2 class=\"wp-block-heading\"><strong>Botella al Mar.<\/strong><\/h2>\n\n\n\n<p class=\"wp-block-paragraph\"><strong>Martha Canseco Gonz\u00e1lez<\/strong><\/p>\n\n\n\n<p class=\"wp-block-paragraph\">SemM\u00e9xico, Pachuca, Hidalgo, 11 de mayo, 2021.- Ya saben ustedes que el origen del d\u00eda de las madres fue la respuesta&nbsp; conservadora al primer congreso feminista que se llev\u00f3 a cabo en Yucat\u00e1n en 1916 y la movilizaci\u00f3n a favor de los anticonceptivos de las yucatecas. El 13 de abril de 1922 el peri\u00f3dico Exc\u00e9lsior lanz\u00f3 una invitaci\u00f3n a nivel nacional para elegir la fecha.<\/p>\n\n\n\n<p class=\"wp-block-paragraph\">A diferencia de otros pa\u00edses donde las madres se festejan el primero o segundo domingo de mayo, ac\u00e1 qued\u00f3 establecido y de manera fija el d\u00eda 10.<\/p>\n\n\n\n<p class=\"wp-block-paragraph\">Tengo ya muchos a\u00f1os cuestion\u00e1ndome la pertinencia de esta fecha. \u00bfDe qu\u00e9 sirve jurar y perjurar que se quiere a las madres s\u00ed contin\u00faan siendo v\u00edctimas de violencia?, el hecho de dar a luz no las libra de la dominaci\u00f3n y el control masculino. Es precisamente cuando est\u00e1n embarazadas el momento de mayor peligro para muchas. Hay tantos hu\u00e9rfanos que han dejado los feminicidios y tantas madres que buscan a hijas e hijos desaparecidos.<\/p>\n\n\n\n<p class=\"wp-block-paragraph\">Me parece hip\u00f3crita y de doble moral la celebraci\u00f3n que deja m\u00e1s derrama econ\u00f3mica que amor. Sobre todo, porque se les sigue cargando a las madres la responsabilidad de los cuidados y el sustento emocional de sus familias. Pero es al final de sus d\u00edas cuando una enorme cantidad de mujeres no son cuidadas como ellas cuidaron.<\/p>\n\n\n\n<p class=\"wp-block-paragraph\">Precisamente por eso, los cuidados deben convertirse en pol\u00edtica p\u00fablica, es una propuesta que est\u00e1 desde noviembre del 2020 y qued\u00f3 plasmado en el programa Pro igualdad del Instituto Nacional de las Mujeres, pero no ha pasado nada.<\/p>\n\n\n\n<p class=\"wp-block-paragraph\">Hace algunas semanas, platicando con las m\u00e1s j\u00f3venes del c\u00edrculo de lectura feminista que gu\u00edo les pregunt\u00e9 si ellas les dec\u00edan a sus madres y padres que los quer\u00edan, me respondieron que no. \u00bfPor qu\u00e9? cuestione, me dijeron algo as\u00ed como qu\u00e9 ellas en su no muy lejana edad escolar, no se sintieron, por parte de sus progenitores, lo suficientemente reconocidas y recompensadas por el esfuerzo y resultados de su desempe\u00f1o en la escuela. Qu\u00e9, si bien sacar buenas notas era su compromiso en casa, se quedaron esperando m\u00e1s.<\/p>\n\n\n\n<p class=\"wp-block-paragraph\">\u00bfEntonces es una especie de venganza?, pregunt\u00e9. Me dijeron que s\u00ed<\/p>\n\n\n\n<p class=\"wp-block-paragraph\">Miren hace casi 20 a\u00f1os con el entonces Instituto Hidalguense de las Mujeres, trabaj\u00e9 meses en la zona de Ixmiquilpan dando conferencias sobre g\u00e9nero, equidad de g\u00e9nero, comunicaci\u00f3n no violenta y entre padres e hijos.<\/p>\n\n\n\n<p class=\"wp-block-paragraph\">Imag\u00ednense un auditorio lleno de madres, padres y adolescentes de secundaria quienes hab\u00edan tomado toda la bater\u00eda de capacitaciones, se hab\u00edan escrito cartas mutuamente y como corolario, los invit\u00e9 a que se dijeran que se quer\u00edan.<\/p>\n\n\n\n<p class=\"wp-block-paragraph\">\u00a1Qu\u00e9 dif\u00edcil fue!, Fuerte muy fuerte decir \u00a1te quiero!<\/p>\n\n\n\n<p class=\"wp-block-paragraph\">Algunos adolescentes huyeron sus madres y padres se quedaron esperando, pero cuando empez\u00f3 la primera joven a decirle a su madre que la quer\u00eda, se volcaron las emociones, terminamos llorando todas y todos.<\/p>\n\n\n\n<p class=\"wp-block-paragraph\">En este mundo patriarcal, decir te quiero parece ser sin\u00f3nimo de debilidad, de derrota, porque se considera que s\u00f3lo las mujeres somos emocionales, se liga estrechamente con lo femenino, cuando y simple y llanamente es una capacidad humana, es la de sentir amor y empat\u00eda.<\/p>\n\n\n\n<p class=\"wp-block-paragraph\">S\u00ed nos sigue costando tanto trabajo expresar esas sencillas palabras, seguiremos siendo ni\u00f1as, ni\u00f1os, adolescentes y adultos hambrientos de amor.<\/p>\n\n\n\n<p class=\"wp-block-paragraph\">Hoy, dese la oportunidad de no ser mezquina, mezquino, mande a volar al machismo y d\u00edganles a sus mam\u00e1s que las quieren.<\/p>\n\n\n\n<p class=\"wp-block-paragraph\">botellalmar2017@gmail.com<\/p>\n","protected":false},"excerpt":{"rendered":"<p>Los cuidados deben convertirse en pol\u00edtica p\u00fablica, es una propuesta que est\u00e1 desde noviembre del 2020 y qued\u00f3 plasmado en el programa Pro igualdad del Instituto Nacional de las Mujeres, pero no ha pasado nada.<\/p>\n","protected":false},"author":3,"featured_media":9095,"comment_status":"open","ping_status":"open","sticky":false,"template":"","format":"standard","meta":{"_monsterinsights_skip_tracking":false,"footnotes":""},"categories":[692,98,84,35],"tags":[],"class_list":["post-35150","post","type-post","status-publish","format-standard","has-post-thumbnail","category-692","category-botella-al-mar","category-martha-canseco","category-opinion"],"_links":{"self":[{"href":"https:\/\/redsemlac.com\/semmexico\/wp-json\/wp\/v2\/posts\/35150","targetHints":{"allow":["GET"]}}],"collection":[{"href":"https:\/\/redsemlac.com\/semmexico\/wp-json\/wp\/v2\/posts"}],"about":[{"href":"https:\/\/redsemlac.com\/semmexico\/wp-json\/wp\/v2\/types\/post"}],"author":[{"embeddable":true,"href":"https:\/\/redsemlac.com\/semmexico\/wp-json\/wp\/v2\/users\/3"}],"replies":[{"embeddable":true,"href":"https:\/\/redsemlac.com\/semmexico\/wp-json\/wp\/v2\/comments?post=35150"}],"version-history":[{"count":0,"href":"https:\/\/redsemlac.com\/semmexico\/wp-json\/wp\/v2\/posts\/35150\/revisions"}],"wp:featuredmedia":[{"embeddable":true,"href":"https:\/\/redsemlac.com\/semmexico\/wp-json\/wp\/v2\/media\/9095"}],"wp:attachment":[{"href":"https:\/\/redsemlac.com\/semmexico\/wp-json\/wp\/v2\/media?parent=35150"}],"wp:term":[{"taxonomy":"category","embeddable":true,"href":"https:\/\/redsemlac.com\/semmexico\/wp-json\/wp\/v2\/categories?post=35150"},{"taxonomy":"post_tag","embeddable":true,"href":"https:\/\/redsemlac.com\/semmexico\/wp-json\/wp\/v2\/tags?post=35150"}],"curies":[{"name":"wp","href":"https:\/\/api.w.org\/{rel}","templated":true}]}}