{"id":35148,"date":"2021-05-11T13:44:50","date_gmt":"2021-05-11T19:44:50","guid":{"rendered":"https:\/\/redsemlac.com\/semmexico\/?p=35148"},"modified":"2023-07-21T17:00:05","modified_gmt":"2023-07-21T22:00:05","slug":"acompanamiento","status":"publish","type":"post","link":"https:\/\/redsemlac.com\/semmexico\/acompanamiento\/","title":{"rendered":"\u201cAcompa\u00f1amiento\u201d"},"content":{"rendered":"\n<h2 class=\"wp-block-heading\"><strong>VIOLETA DEL AN\u00c1HUAC<\/strong><\/h2>\n\n\n\n<p class=\"wp-block-paragraph\"><strong>Isabel Ortega Morales<\/strong><\/p>\n\n\n\n<p class=\"wp-block-paragraph\">SemM\u00e9xico, Chilpancingo, Guerrero, 11 de mayo, 2021.- En nuestra cultura mexicana, como en otras culturas del mundo, el acompa\u00f1amiento es una acci\u00f3n de empat\u00eda, de fraternidad, de vecindad. La acci\u00f3n de \u201cestar\u201d con las personas que cruzan un problema, es una acci\u00f3n humanitaria de gran repercusi\u00f3n moral, que pes\u00f3 mucho en el a\u00f1o 2020 sobre todo, cuando se dej\u00f3 de hacer para no socializar como una medida de sanidad para evitar contagios por coronavirus.<\/p>\n\n\n\n<p class=\"wp-block-paragraph\">En 1985 cuando el sismo de septiembre 19 se convirti\u00f3 en una tragedia que dio un giro a la forma de gobierno en materia de prevenci\u00f3n civil, se hizo presente el entonces Presidente de M\u00e9xico, Miguel de la Madrid Hurtado. Fue evidente el 20 de septiembre que por algo hab\u00eda sido rebasado, la realidad lo golpe\u00f3 en el rostro y solo logr\u00f3 llegar a esa posici\u00f3n sin mayor gloria y con m\u00e1s pena. As\u00ed como su programa \u201crenovaci\u00f3n moral\u201d.<\/p>\n\n\n\n<p class=\"wp-block-paragraph\">\u00bfPor qu\u00e9 se hace necesaria la presencia de quienes gobiernan en los espacios de tragedia? Quiz\u00e1 parezca que no solucionar\u00e1n, es m\u00e1s, que debieron prevenir, pero es evidente que en un primer momento se debe trabajar en una v\u00eda paralela, la de investigar para deslindar responsabilidades y acompa\u00f1ar, como un acto que proviene de un interior de persona sensible.<\/p>\n\n\n\n<p class=\"wp-block-paragraph\">Cuando se dio la inundaci\u00f3n en Tabasco, el actual Presidente tard\u00f3 en ir al lugar de la tragedia. Cuando acudi\u00f3 presionado por la propia sociedad, no le fue tan bien, y le abon\u00f3 al hecho que \u00e9l mismo corrobor\u00f3 de que hab\u00eda sido una acci\u00f3n pensada y tomada desde el gobierno mismo. Y evidentemente qued\u00f3 la acci\u00f3n grabada en el pueblo.<\/p>\n\n\n\n<p class=\"wp-block-paragraph\">En la tragedia de la l\u00ednea 12 del Metro una nueva expresi\u00f3n del Presidente de M\u00e9xico marca lo que parece ser\u00e1 la nueva forma de gobierno. \u201cal carajo\u201d es una expresi\u00f3n usada para desde\u00f1ar algo y hasta para marcar distancia, de algo que nos es ajeno, antip\u00e1tico, molesto, estorboso. Dice que no har\u00e1 lo mismo que otros en tiempo de tragedias y tambi\u00e9n pidi\u00f3 no se haga pol\u00edtica de ellas, entendi\u00e9ndose como cr\u00edtica.<\/p>\n\n\n\n<p class=\"wp-block-paragraph\">En 1985 la sociedad mostr\u00f3 que era organizada, solidaria, atenta y afectuosa. Que el dolor no le era ajeno, que era dolor de un mismo pueblo. Que no ten\u00edan que tener parentesco para sentir la imperiosa necesidad de ayudar. Que cada vida rescatada era un ser, y que cada mano que se sumaba era el mismo M\u00e9xico.<\/p>\n\n\n\n<p class=\"wp-block-paragraph\">Ahora debemos considerar que \u201cal carajo\u201d, si proviene de un Jefe de Estado, es una indicaci\u00f3n de las formas como se deben asumir los pr\u00f3ximos eventos y que el ejemplo de ellos es una gu\u00eda a seguir. Pero afortunadamente, como en 1985, el entendimiento mexicano est\u00e1 m\u00e1s all\u00e1 de lo que nos diga<\/p>\n\n\n\n<p class=\"wp-block-paragraph\">No podemos ser insensibles, no debemos ser ajenos, ni debemos ser comparsas que no investiguen si hay m\u00e1s notas musicales que las que extraer de&nbsp; una flauta de tres orificios. Quienes murieron y quienes est\u00e1n hospitalizados, as\u00ed como aquellas y aquellos que vivieron la tragedia, incluido el conductor, merecen nuestro respeto y consideraci\u00f3n.&nbsp;<\/p>\n","protected":false},"excerpt":{"rendered":"<p>En nuestra cultura mexicana, como en otras culturas del mundo, el acompa\u00f1amiento es una acci\u00f3n de empat\u00eda, de fraternidad, de vecindad.<\/p>\n","protected":false},"author":3,"featured_media":25233,"comment_status":"open","ping_status":"open","sticky":false,"template":"","format":"standard","meta":{"_monsterinsights_skip_tracking":false,"footnotes":""},"categories":[692,198,35,197],"tags":[],"class_list":["post-35148","post","type-post","status-publish","format-standard","has-post-thumbnail","category-692","category-isabel-ortega-morales","category-opinion","category-violeta-del-anahuac"],"_links":{"self":[{"href":"https:\/\/redsemlac.com\/semmexico\/wp-json\/wp\/v2\/posts\/35148","targetHints":{"allow":["GET"]}}],"collection":[{"href":"https:\/\/redsemlac.com\/semmexico\/wp-json\/wp\/v2\/posts"}],"about":[{"href":"https:\/\/redsemlac.com\/semmexico\/wp-json\/wp\/v2\/types\/post"}],"author":[{"embeddable":true,"href":"https:\/\/redsemlac.com\/semmexico\/wp-json\/wp\/v2\/users\/3"}],"replies":[{"embeddable":true,"href":"https:\/\/redsemlac.com\/semmexico\/wp-json\/wp\/v2\/comments?post=35148"}],"version-history":[{"count":0,"href":"https:\/\/redsemlac.com\/semmexico\/wp-json\/wp\/v2\/posts\/35148\/revisions"}],"wp:featuredmedia":[{"embeddable":true,"href":"https:\/\/redsemlac.com\/semmexico\/wp-json\/wp\/v2\/media\/25233"}],"wp:attachment":[{"href":"https:\/\/redsemlac.com\/semmexico\/wp-json\/wp\/v2\/media?parent=35148"}],"wp:term":[{"taxonomy":"category","embeddable":true,"href":"https:\/\/redsemlac.com\/semmexico\/wp-json\/wp\/v2\/categories?post=35148"},{"taxonomy":"post_tag","embeddable":true,"href":"https:\/\/redsemlac.com\/semmexico\/wp-json\/wp\/v2\/tags?post=35148"}],"curies":[{"name":"wp","href":"https:\/\/api.w.org\/{rel}","templated":true}]}}