{"id":35146,"date":"2021-05-11T13:43:11","date_gmt":"2021-05-11T19:43:11","guid":{"rendered":"https:\/\/redsemlac.com\/semmexico\/?p=35146"},"modified":"2023-07-21T17:00:05","modified_gmt":"2023-07-21T22:00:05","slug":"esta-atmosfera-de-odio-es-porque-colmaron-a-lopez-obrador","status":"publish","type":"post","link":"https:\/\/redsemlac.com\/semmexico\/esta-atmosfera-de-odio-es-porque-colmaron-a-lopez-obrador\/","title":{"rendered":"Esta atm\u00f3sfera de odio es porque colmaron a L\u00f3pez Obrador"},"content":{"rendered":"\n<h2 class=\"wp-block-heading\"><strong>Miradas de reportero<\/strong><\/h2>\n\n\n\n<p class=\"wp-block-paragraph\"><strong>Por Rogelio Hern\u00e1ndez L\u00f3pez<\/strong><\/p>\n\n\n\n<p class=\"wp-block-paragraph\">SemM\u00e9xico, Cd. de M\u00e9xico, 11 de mayo, 2021.- Un joven maestro de educaci\u00f3n f\u00edsica, interesado en la pol\u00edtica desde p\u00faber, extern\u00f3 dos preguntas que seguramente mucha gente se hace:<\/p>\n\n\n\n<p class=\"wp-block-paragraph\"><em>&#8212; \u00bfPor qu\u00e9 hay tanta agresividad en los medios contra Andr\u00e9s Manuel?<\/em><\/p>\n\n\n\n<p class=\"wp-block-paragraph\"><em>&#8212; \u00bfQui\u00e9n y cu\u00e1ndo comenz\u00f3 esto? \u2014<\/em><\/p>\n\n\n\n<p class=\"wp-block-paragraph\">Como reportero veterano, ya con 43 a\u00f1os observando a los pol\u00edticos mexicanos, le respond\u00ed:<\/p>\n\n\n\n<p class=\"wp-block-paragraph\"><em>&#8212; Desde 2005, m\u00e1s o menos, comenz\u00f3, en M\u00e9xico esta era de acciones oscuras, para impedir que creciera el liderazgo social de un pol\u00edtico que conoc\u00eda las entra\u00f1as del r\u00e9gimen de partido hegem\u00f3nico con altas dosis de corrupci\u00f3n, porque proven\u00eda de all\u00ed.<\/em><\/p>\n\n\n\n<p class=\"wp-block-paragraph\"><em>&#8212; Hay que recordar<\/em> \u2013 prosegu\u00ed&#8211; <em>el desafuero que le promovieron entonces, cuando era Jefe de Gobierno del entonces Distrito Federal, para impedirle que fuese candidato presidencial. En esos d\u00edas aparecieron las primeras se\u00f1ales de juego sucio, de lodazal y tambi\u00e9n de c\u00f3mo los grandes medios de prensa aceptaban ser parte al difundir. Por ejemplo, los videos filtrados que golpeaban al discrepante. Tambi\u00e9n aqu\u00ed empeque\u00f1eci\u00f3 la \u00e9tica en la prensa. Fueron los v\u00eddeos del llamado Se\u00f1or de las Ligas y el de un funcionario capitalino en Las Vegas (Gustavo Ponce).<\/em><\/p>\n\n\n\n<p class=\"wp-block-paragraph\"><em>&#8212; Ese tiempo de canallas, ha seguido desde entonces. Y empeor\u00f3 porque lo que deber\u00eda ser debate por modelos de pa\u00eds o por soluciones a los grandes problemas nacionales, el medio ambiente se envileci\u00f3 m\u00e1s, porque quienes quer\u00edan anular a Andr\u00e9s Manuel comenzaron a meterse con su persona, con su familia, a tratarlo como enemigo mortal y no como adversario pol\u00edtico. Ese envilecimiento de la pol\u00edtica cre\u00f3 una atm\u00f3sfera, m\u00e1s que polarizada por las ideas, de odio a las personas. L\u00f3pez Obrador es causa y tambi\u00e9n efecto porque no se ha dejado. Lo tienen colmado.<\/em><\/p>\n\n\n\n<h2 class=\"wp-block-heading\"><strong>Demasiados pol\u00edticos envilecieron<\/strong><\/h2>\n\n\n\n<p class=\"wp-block-paragraph\">El ambiente de odio se hizo atm\u00f3sfera nacional al seguir creciendo al grado que ahora los m\u00e1s canallas aprovechan cualquier circunstancia, sin temor a parecer como animales.<\/p>\n\n\n\n<p class=\"wp-block-paragraph\">El concepto de atm\u00f3sfera, en sentido coloquial, seg\u00fan afirma la&nbsp; academia de la lengua espa\u00f1ola, hace referencia al ambiente o \u00e1nimo que rodea a una persona o comunidades. En este caso ya envuelve a toda la ciudan\u00eda mexicana. En ambientes de odio cualquier \u00e9tica se desfigura.<\/p>\n\n\n\n<p class=\"wp-block-paragraph\">Otro ejemplo m\u00e1s reciente, que no refer\u00ed al joven maestro de educaci\u00f3n f\u00edsica, ocurri\u00f3 a prop\u00f3sito de la tragedia humana por el accidente en la l\u00ednea 12 del metro.<\/p>\n\n\n\n<p class=\"wp-block-paragraph\">Debimos guardar tres d\u00edas el duelo nacional por las v\u00edctimas. Pero la canalla pol\u00edtica tampoco eso respet\u00f3.<\/p>\n\n\n\n<p class=\"wp-block-paragraph\">Lo extremoso fue de panistas que llegaron al lugar de la desgracia &#8211;cuando a\u00fan ol\u00eda a muerte&#8211; para ofrecer conferencia de prensa y pedir desafueros para sus adversarios, todos cercanos al Presidente L\u00f3pez Obrador.<\/p>\n\n\n\n<p class=\"wp-block-paragraph\">En minutos tambi\u00e9n, medios convencionales y digitales al tiempo que ofrec\u00edan informaci\u00f3n necesaria &#8211;como debe ser\u2014se fueron atiborrando de especulaciones, juicios morales y acusaciones de \u201cl\u00edderes de opini\u00f3n\u201d y de pol\u00edticos, en buena parte contra el gobierno federal y sus principales personajes.<\/p>\n\n\n\n<p class=\"wp-block-paragraph\">Todo esto que dije al joven profesor son observaciones emp\u00edricas, como reportero pol\u00edtico. Pero ya ha sido documentado por investigadores que han estudiado durante a\u00f1os al sistema pol\u00edtico mexicano y a sus medios de comunicaci\u00f3n.<\/p>\n\n\n\n<h2 class=\"wp-block-heading\"><strong>Dispositivo de poder vs AMLO<\/strong><\/h2>\n\n\n\n<p class=\"wp-block-paragraph\">La soci\u00f3loga de la Universidad Iberoamericana Ivonne Acu\u00f1a difundi\u00f3 dos ensayos en el sitio de <em>Julio Astillero<\/em> con el nombre de \u201c<em>La ciudadan\u00eda: reh\u00e9n de una clase pol\u00edtica en crisis\u201d<\/em> y \u201c<em>Sigue operando el dispositivo de poder en contra de AMLO.\u201d<\/em><\/p>\n\n\n\n<p class=\"wp-block-paragraph\">La soci\u00f3loga explica que la polarizaci\u00f3n obedece a las embestidas que ha sufrido Andr\u00e9s Manuel L\u00f3pez Obrador de una vasta red de opositores desde 2005, red a la que llama \u201c<em>Dispositivo de poder\u201d<\/em>:<\/p>\n\n\n\n<p class=\"wp-block-paragraph\"><em>\u201cUn dispositivo de poder<\/em> \u2013explica&#8211; <em>de acuerdo con el pensador franc\u00e9s Michel Foucault, es \u00b4Una red que vincula elementos heterog\u00e9neos como discursos, instituciones, disposiciones arquitect\u00f3nicas, decisiones reglamentarias, leyes, medidas administrativas, enunciados cient\u00edficos, proposiciones filantr\u00f3picas, filos\u00f3ficas y morales.\u201d<\/em><\/p>\n\n\n\n<p class=\"wp-block-paragraph\">Quienes han sobresalido, dice, son publicistas como Antonio Sola, creador de la campa\u00f1a <em>\u201cL\u00f3pez Obrador es un peligro para M\u00e9xico\u201d<\/em>: intelectuales como Enrique Krauze con su texto <em>\u201cEl mes\u00edas tropical\u201d<\/em>, como Roger Bartra con su libro, <em>\u201cRegreso a la jaula\u201d<\/em>, como la odont\u00f3loga Laurie Ann Xim\u00e9nez-Fyvie y su libro reciente <em>\u201cUn da\u00f1o irreparable\u201d,<\/em> como Gilberto Guevara Niebla y su ensayo <em>\u201cLa decepci\u00f3n y la esperanza\u201d.<\/em><\/p>\n\n\n\n<p class=\"wp-block-paragraph\">La acad\u00e9mica recuenta tambi\u00e9n un sinf\u00edn de declaraciones, art\u00edculos y comentarios que agreden a lo personal, entre los que sobresalen <em>Gilberto Lozano<\/em> l\u00edder del Frente Anti-AMLO (FRENAA), Fernanda Familiar relacionada con la esposa de Genaro Garc\u00eda Luna, Felipe Calder\u00f3n, Roberto Madrazo, Carlos Loret de Mola, el payaso Brozo y, en especial H\u00e9ctor Aguilar Cam\u00edn, quien llamando pendejo al Presidente ha logrado nuclear a escritores, artistas y otros para firmar desplegados de inconformidad.<\/p>\n\n\n\n<p class=\"wp-block-paragraph\">La acad\u00e9mica tambi\u00e9n refiere como parte del <em>\u201cDispositivo de Poder<\/em>\u201d al Instituto Nacional Electoral (INE), por sus excesos pol\u00edticos. Refiere al fraude electoral de 2006; los candados para evitar una sobrerrepresentaci\u00f3n mayor al 8% en la C\u00e1mara de Diputados \u201c<em>que, si fueron permitidas en 2012, 2015 y 2018 bajo las mismas leyes electorales<\/em>.\u201d<\/p>\n\n\n\n<p class=\"wp-block-paragraph\">En ese contexto ubica ella el retiro de las candidaturas a gobernador de Ra\u00fal Mor\u00f3n, en Michoac\u00e1n y de F\u00e9lix Salgado Macedonio, en Guerrero que fueron aplicando la ley con <em>\u201cun rigor nunca visto\u201d<\/em> y porque <em>no se dio el mismo trato a institutos como el Partido Revolucionario Institucional y el Partido Verde Ecologista de M\u00e9xico cuando violaron abiertamente la ley electoral a trav\u00e9s de las Tarjetas Monex y Soriana del PRI y los kits propagand\u00edsticos, papel para envolver tortillas y cine minutos del Verde, durante los procesos electorales de 2012 y 2015, o en el 2017 cuando el PRI gast\u00f3 a manos llenas, superando con mucho los topes de campa\u00f1a, para seguir gobernando el Estado de M\u00e9xico.\u201d<\/em><\/p>\n\n\n\n<p class=\"wp-block-paragraph\">Lugar especial tiene en esta red, el bloque <em>\u201cVa por M\u00e9xico\u201d,<\/em> argumenta la investigadora, que es la alianza apoyada por los empresarios Claudio X. Gonz\u00e1lez y Gustavo de Hoyos Walther, ex presidente de la Coparmex, quienes olvidan \u201c<em>los hechos de enorme corrupci\u00f3n y mala administraci\u00f3n que les hicieron convertirse en una d\u00e9bil oposici\u00f3n pol\u00edtica\u201d<\/em><\/p>\n\n\n\n<p class=\"wp-block-paragraph\"><em>\u201cHabr\u00eda que a\u00f1adir a las partes de este dispositivo de poder, el importante papel de los medios de comunicaci\u00f3n, cuyos due\u00f1os han sido francamente antilopezobradoristas\u201d,<\/em> asegura.<\/p>\n\n\n\n<h2 class=\"wp-block-heading\"><strong>El Odio en los medios<\/strong><\/h2>\n\n\n\n<p class=\"wp-block-paragraph\">Otra investigaci\u00f3n reciente es del doctor Rodrigo Pe\u00f1a del <em>Seminario sobre Violencia y Paz de El Colegio de M\u00e9xico<\/em> quien coment\u00f3 hallazgos de una grave y preocupante polarizaci\u00f3n pol\u00edtica con odio en las redes sociales. Un resumen de estas conclusiones fue expuesto en el sitio de la revista Expansi\u00f3n el 11 de abril<\/p>\n\n\n\n<p class=\"wp-block-paragraph\"><em>\u00abSabemos que las publicaciones a las que se les invierte dinero p\u00fablico vienen de todos los espectros, y todas generan el mismo debate pobre, falso, <strong>basado en insultos y descalificaciones<\/strong>, en reducciones de temas de mayor complejidad\u201d. (Subrayados de RHL).<\/em><\/p>\n\n\n\n<p class=\"wp-block-paragraph\"><em>\u00abHay espacios muy concretos a los que le estamos poniendo atenci\u00f3n, desde la ma\u00f1anera (del presidente L\u00f3pez Obrador) hasta las r\u00e9plicas que hacen los &#8216;adversarios&#8217;. Esta polarizaci\u00f3n y discurso de odio se genera de ambos lados, y es un tanto artificial\u2026\u201d<\/em><\/p>\n\n\n\n<p class=\"wp-block-paragraph\">El Frente com\u00fan anti-AMLO\u00bb &#8212; dijo en una conferencia de prensa&#8211; <em>\u201cque opera desde junio de 2017,<\/em> <em>gana seguidores gracias a insultos y descalificaciones hacia el presidente Andr\u00e9s Manuel L\u00f3pez Obrador, refiri\u00e9ndose a \u00e9l como: \u00abbasura\u00bb, \u00abpendejo\u00bb o \u00abel cacas\u00bb.<\/em><\/p>\n\n\n\n<p class=\"wp-block-paragraph\"><em>\u201cAdem\u00e1s, se emplean hashtags como #AMLOenfermomental #Amlocausto y #Lopezgenocida. El n\u00famero de miembros del grupo pas\u00f3 de 12,758 en marzo de 2020 a 33,263 en marzo de este a\u00f1o, lo que representa un crecimiento del 160.72%.<\/em><\/p>\n\n\n\n<p class=\"wp-block-paragraph\"><em>\u00abLa difusi\u00f3n de mensajes de rechazo a AMLO para aumentar el n\u00famero de miembros es similar al comportamiento de otros veinte grupos en la red social Facebook. Juntos conforman una comunidad de usuarios opositores a la 4T, que coinciden gracias a las c\u00e1maras de eco que propician las plataformas digitales\u201d.<\/em><\/p>\n\n\n\n<p class=\"wp-block-paragraph\">Ese eco, se repite una y otra vez en medios de prensa de corporativos, en su mayor\u00eda confrontados con el gobierno federal pero que no lo dicen abiertamente, comenta este reportero.<\/p>\n\n\n\n<p class=\"wp-block-paragraph\"><strong>Disfraz de \u00e9tica<\/strong><\/p>\n\n\n\n<p class=\"wp-block-paragraph\">Respecto a ese comportamiento general y el que han tenido los grandes medios tras el accidente del metro lo interpret\u00f3 as\u00ed en su muro de Facebook el veterano periodista, experto en \u00e9tica period\u00edstica, Gerardo Albarr\u00e1n de Alba:<\/p>\n\n\n\n<p class=\"wp-block-paragraph\"><em>\u201cLo grave no es que la gran prensa tradicional asuma posiciones pol\u00edticas (eso no s\u00f3lo es esperable, sino hasta necesario), lo que es peligroso es que lo haga desde falsas neutralidades para ocultar su vergonzante parcialidad. Al pervertir su funci\u00f3n vigilante, esa prensa atenta contra la democracia que dice defender e incurre en un populismo fascista. <\/em><em>\uff5e<\/em><em> #HeDicho\u201d<\/em><\/p>\n\n\n\n<p class=\"wp-block-paragraph\">A ese comentario este reportero a\u00f1adi\u00f3:<\/p>\n\n\n\n<p class=\"wp-block-paragraph\">Esa perversi\u00f3n es porque, aparte de omitir normas como la verificaci\u00f3n, el equilibrio y justeza tambi\u00e9n estimulan esa atm\u00f3sfera de caos para sumarse, en los hechos, a quienes err\u00f3neamente tratan como enemigo mortal (con odio) a un adversario pol\u00edtico que supo conquistar m\u00e1s atractores sociales para corregir lo que ellos arruinaron.<\/p>\n\n\n\n<p class=\"wp-block-paragraph\">Faltan 27 d\u00edas para las elecciones contempor\u00e1neas en M\u00e9xico. Lo que debiera ser una fiesta c\u00edvica y en paz se ha convertido en una atm\u00f3sfera de odio por pol\u00edticos decadentes en todos los partidos. El odio, como se ha probado hist\u00f3ricamente es el causal m\u00e1s recurrente de la violencia. Seguiremos observando. <\/p>\n","protected":false},"excerpt":{"rendered":"<p>El ambiente de odio se hizo atm\u00f3sfera nacional al seguir creciendo al grado que ahora los m\u00e1s canallas aprovechan cualquier circunstancia, sin temor a parecer como animales.<\/p>\n","protected":false},"author":3,"featured_media":8473,"comment_status":"open","ping_status":"open","sticky":false,"template":"","format":"standard","meta":{"_monsterinsights_skip_tracking":false,"footnotes":""},"categories":[692,106,35,85],"tags":[],"class_list":["post-35146","post","type-post","status-publish","format-standard","has-post-thumbnail","category-692","category-mirada-de-reportero","category-opinion","category-rogelio-hernandez-lopez"],"_links":{"self":[{"href":"https:\/\/redsemlac.com\/semmexico\/wp-json\/wp\/v2\/posts\/35146","targetHints":{"allow":["GET"]}}],"collection":[{"href":"https:\/\/redsemlac.com\/semmexico\/wp-json\/wp\/v2\/posts"}],"about":[{"href":"https:\/\/redsemlac.com\/semmexico\/wp-json\/wp\/v2\/types\/post"}],"author":[{"embeddable":true,"href":"https:\/\/redsemlac.com\/semmexico\/wp-json\/wp\/v2\/users\/3"}],"replies":[{"embeddable":true,"href":"https:\/\/redsemlac.com\/semmexico\/wp-json\/wp\/v2\/comments?post=35146"}],"version-history":[{"count":0,"href":"https:\/\/redsemlac.com\/semmexico\/wp-json\/wp\/v2\/posts\/35146\/revisions"}],"wp:featuredmedia":[{"embeddable":true,"href":"https:\/\/redsemlac.com\/semmexico\/wp-json\/wp\/v2\/media\/8473"}],"wp:attachment":[{"href":"https:\/\/redsemlac.com\/semmexico\/wp-json\/wp\/v2\/media?parent=35146"}],"wp:term":[{"taxonomy":"category","embeddable":true,"href":"https:\/\/redsemlac.com\/semmexico\/wp-json\/wp\/v2\/categories?post=35146"},{"taxonomy":"post_tag","embeddable":true,"href":"https:\/\/redsemlac.com\/semmexico\/wp-json\/wp\/v2\/tags?post=35146"}],"curies":[{"name":"wp","href":"https:\/\/api.w.org\/{rel}","templated":true}]}}