{"id":35143,"date":"2021-05-11T13:39:50","date_gmt":"2021-05-11T19:39:50","guid":{"rendered":"https:\/\/redsemlac.com\/semmexico\/?p=35143"},"modified":"2023-07-21T17:00:05","modified_gmt":"2023-07-21T22:00:05","slug":"piden-internas-de-pachuca-seguridad-para-el-cuidado-de-sus-hijos","status":"publish","type":"post","link":"https:\/\/redsemlac.com\/semmexico\/piden-internas-de-pachuca-seguridad-para-el-cuidado-de-sus-hijos\/","title":{"rendered":"Piden internas de Pachuca seguridad para el cuidado de sus hijos"},"content":{"rendered":"\n<ul class=\"wp-block-list\"><li><strong>Falta capacitaci\u00f3n al&nbsp; personal de los penales&nbsp; para garantizar los derechos humanos: defensora<\/strong><\/li><\/ul>\n\n\n\n<ul class=\"wp-block-list\"><li><strong>&nbsp;Las malas condiciones se profundizaron con el inicio de la pandemia.<\/strong><\/li><\/ul>\n\n\n\n<p class=\"wp-block-paragraph\"><strong>Por Ignacio Garc\u00eda<\/strong><\/p>\n\n\n\n<p class=\"wp-block-paragraph\">SemM\u00e9xico, Pachuca, Hidalgo, 11 de mayo, 2021.- Internas del Centro de Readaptaci\u00f3n Social (Cereso) de Pachuca pidieron a la Secretar\u00eda de Seguridad P\u00fablica estatal (SSPH) para que se garantice un adecuado trato a sus hijos, pues desde que comenz\u00f3 la contingencia sanitaria por Covid-19 han padecido constantes restricciones para estar en contacto con ellos.<\/p>\n\n\n\n<p class=\"wp-block-paragraph\">Por medio de una carta, las internas del penal de la capital del estado solicitaron a las autoridades penitenciarias que se les permitan estar en contacto con sus hijos, pues la mayor\u00eda de ellos son menores de edad y se encuentran en la indefensi\u00f3n, por lo que requieren de una atenci\u00f3n permanente.<\/p>\n\n\n\n<p class=\"wp-block-paragraph\">Aunque reconocieron los errores que cometieron y que est\u00e1n pagando en prisi\u00f3n, pidieron que sus hijos sean atendidos por las autoridades estatales y se les brinden facilidades para verlos de forma m\u00e1s regular, ya que consideraron que se encuentran en mayor vulnerabilidad por la pandemia.<\/p>\n\n\n\n<p class=\"wp-block-paragraph\">Al respecto, Ang\u00e9lica Cort\u00e9s Guevara, defensora legal y activista de las mujeres en prisi\u00f3n, se\u00f1al\u00f3 que el lazo emocional que tienen los infantes con sus madres es m\u00e1s importante que el existente con los padres, por lo que al estar recluidas, los menores pueden presentar problemas psicosociales a mediano y largo plazo y por ello requieren del inter\u00e9s de las autoridades para atender esta problem\u00e1tica.<\/p>\n\n\n\n<p class=\"wp-block-paragraph\">La abogada sostuvo que hay una falta de capacitaci\u00f3n del personal de los penales de la entidad para garantizar los derechos humanos tanto de las internas como de sus familiares, por lo que estas condiciones se profundizaron con el inicio de la pandemia.<\/p>\n\n\n\n<p class=\"wp-block-paragraph\">Asimismo, pidi\u00f3 la intervenci\u00f3n de la Comisi\u00f3n Nacional de Derechos Humanos (CNDH) para que revise las condiciones en las que se encuentran las mujeres en el interior de los penales, principalmente en Pachuca, donde acus\u00f3 que existe una elevada sobrepoblaci\u00f3n y no se respetan las medidas preventivas correspondientes.<\/p>\n\n\n\n<p class=\"wp-block-paragraph\">Seg\u00fan el diagn\u00f3stico de los penales de Hidalgo, elaborado por la CNDH, existe sobrepoblaci\u00f3n y hacinamiento en los espacios femeninos, donde tambi\u00e9n se ha detectado violencia y corrupci\u00f3n por parte del personal penitenciario con las internas.<\/p>\n","protected":false},"excerpt":{"rendered":"<p>Falta capacitaci\u00f3n al  personal de los penales  para garantizar los derechos humanos: defensora<\/p>\n","protected":false},"author":3,"featured_media":35144,"comment_status":"open","ping_status":"open","sticky":false,"template":"","format":"standard","meta":{"_monsterinsights_skip_tracking":false,"footnotes":""},"categories":[692,54],"tags":[],"class_list":["post-35143","post","type-post","status-publish","format-standard","has-post-thumbnail","category-692","category-mujeres"],"_links":{"self":[{"href":"https:\/\/redsemlac.com\/semmexico\/wp-json\/wp\/v2\/posts\/35143","targetHints":{"allow":["GET"]}}],"collection":[{"href":"https:\/\/redsemlac.com\/semmexico\/wp-json\/wp\/v2\/posts"}],"about":[{"href":"https:\/\/redsemlac.com\/semmexico\/wp-json\/wp\/v2\/types\/post"}],"author":[{"embeddable":true,"href":"https:\/\/redsemlac.com\/semmexico\/wp-json\/wp\/v2\/users\/3"}],"replies":[{"embeddable":true,"href":"https:\/\/redsemlac.com\/semmexico\/wp-json\/wp\/v2\/comments?post=35143"}],"version-history":[{"count":0,"href":"https:\/\/redsemlac.com\/semmexico\/wp-json\/wp\/v2\/posts\/35143\/revisions"}],"wp:featuredmedia":[{"embeddable":true,"href":"https:\/\/redsemlac.com\/semmexico\/wp-json\/wp\/v2\/media\/35144"}],"wp:attachment":[{"href":"https:\/\/redsemlac.com\/semmexico\/wp-json\/wp\/v2\/media?parent=35143"}],"wp:term":[{"taxonomy":"category","embeddable":true,"href":"https:\/\/redsemlac.com\/semmexico\/wp-json\/wp\/v2\/categories?post=35143"},{"taxonomy":"post_tag","embeddable":true,"href":"https:\/\/redsemlac.com\/semmexico\/wp-json\/wp\/v2\/tags?post=35143"}],"curies":[{"name":"wp","href":"https:\/\/api.w.org\/{rel}","templated":true}]}}