{"id":35120,"date":"2021-05-11T10:01:31","date_gmt":"2021-05-11T16:01:31","guid":{"rendered":"https:\/\/redsemlac.com\/semmexico\/?p=35120"},"modified":"2023-07-21T17:00:06","modified_gmt":"2023-07-21T22:00:06","slug":"datos-para-la-historia-guerrerense","status":"publish","type":"post","link":"https:\/\/redsemlac.com\/semmexico\/datos-para-la-historia-guerrerense\/","title":{"rendered":"Datos para la historia guerrerense"},"content":{"rendered":"\n<p class=\"has-text-align-right wp-block-paragraph\"><strong><em>Trabajar, todos unidos, por el progreso del estado de Guerrero, la tierra donde se forj\u00f3 el esp\u00edritu nacional.<\/em><\/strong><\/p>\n\n\n\n<p class=\"has-text-align-right wp-block-paragraph\"><strong><em>Mois\u00e9s Ochoa Campos.<\/em><\/strong><\/p>\n\n\n\n<p class=\"wp-block-paragraph\"><strong>Florencio Salazar Adame<\/strong><\/p>\n\n\n\n<p class=\"wp-block-paragraph\">SemM\u00e9xico. Chilpancingo, Guerrero. 11 de mayo 2021.- El 6 de mayo se present\u00f3 en la sede del Poder Ejecutivo el primer volumen de As\u00ed somos, cartel miscel\u00e1neo con diversas investigaciones sobre Guerrero y los guerrerenses. Este cuaderno contiene 200 carteles, publicado por Anaya Editores con el patrocinio de la SEG, y tiene el material de sus primeros nueve a\u00f1os (1991-200). En el acto, el gobernador H\u00e9ctor Astudillo se comprometi\u00f3 a la publicaci\u00f3n de los textos correspondientes hasta este 2021. Qu\u00e9 bueno que as\u00ed sea, pues estas gotas ya han llenado un lago de conocimiento, gracias al tiempo y disposici\u00f3n del investigador\/escritor Juan S\u00e1nchez Andracka. De sus p\u00e1ginas, he obtenido datos significativos. En algunos casos sintetic\u00e9 por razones de espacio, siempre tratando de conservar el lenguaje empleado. Algunos hallazgos:<\/p>\n\n\n\n<p class=\"wp-block-paragraph\">Quien gobernara a M\u00e9xico durante 30 a\u00f1os, Porfirio D\u00edaz Mori, naci\u00f3 en Xochistlahuaca. Sus padres Jos\u00e9 Faustino D\u00edaz y Petrona Mori, con sus hijos Cayetano, F\u00e9lix y Silverio, llegaron al lugar protegido por el cura Nicol\u00e1s Carrera. Despu\u00e9s naci\u00f3 un cuarto hijo al que pusieron el nombre de Porfirio. Existe el acta de bautismo firmada por el padre Carrera. Los hermanos del pap\u00e1 Jos\u00e9 Faustino, firmaron como testigos: Francisco Bartolo, Jos\u00e9 Mar\u00eda y Vicente. Vicente muri\u00f3 en Amuzgos y Francisco en Tlacoachistlahuaca; en este \u00faltimo lugar y en Cosoyoapan viven algunos descendientes. La informaci\u00f3n procede del Diccionario Hist\u00f3rico, Geogr\u00e1fico y Folkl\u00f3rico del Distrito de Abasolo de Epigmenio L\u00f3pez Barroso (No. 3, Marzo de 1991).<\/p>\n\n\n\n<p class=\"wp-block-paragraph\">Agust\u00edn I dispuso el establecimiento de la V Capitan\u00eda Militar General, que comprend\u00eda los municipios de Chilapa, Tixtla, Ajuchitl\u00e1n y Tecpan, encomendando su jefatura al Mariscal de Campo Vicente Guerrero. Nicol\u00e1s Bravo y Vicente Guerrero, en 1822, proclaman la Rep\u00fablica y desconocen al Imperio iturbidista para \u201cRestituir los derechos de la libertad de la Naci\u00f3n\u201d. (No. 1, 1991).<\/p>\n\n\n\n<p class=\"wp-block-paragraph\">La \u201cN\u201d de don Juan mereci\u00f3 un estudio de don Hermilo Castorena Noriega con motivo del Bicentenario del natalicio de don Juan \u00c1lvarez, en 1990. En ninguno de los documentos firmados por don Juan aparece la \u201cN\u201d, del supuesto nombre Nepomuceno. El historiador Ricardo \u00c1lvarez Heredia, bisnieto del ex Presidente de M\u00e9xico, se\u00f1ala: \u201cQue se le quite la mentada \u201cN\u201d intermedia al nombre de don Juan, ya que este jam\u00e1s lo us\u00f3\u201d. (No. 108, 1996).<\/p>\n\n\n\n<p class=\"wp-block-paragraph\">Un diputado mexicano de origen indio, ha llamado la atenci\u00f3n por su vehemencia del lenguaje y su inflexibilidad de principios, el se\u00f1or Altamirano. Es conciso y de una firmeza notable. Su lenguaje, exento de met\u00e1foras ex\u00f3ticas, va derecho al fondo de la idea sin extraviarse en periodos retumbantes y en circunlocuciones superfluas. La fuerza de su palabra consiste sobre todo en una argumentaci\u00f3n encadenada, sin arte aparente, pero vigorosamente apoyada en citas hist\u00f3ricas tan oportunas como bien elegidas, y el secreto de sus triunfos oratorios est\u00e1 basado en el movimiento r\u00e1pido y a vivo brusco de sus raciocinios mezclados de sarcasmos y a vivas emociones pol\u00edticas de interpretaciones a quemarropa y de sombr\u00edos estallidos de c\u00f3lera. A menudo se oyen en la tribuna mexicana discursos agradables por diversos t\u00edtulos, pero nunca se ha mostrado en ella un orador tan nervioso y apasionado como el se\u00f1or Altamirano, que apenas hace a\u00f1os se dio a conocer, y hoy es una esperanza para la Patria. (No. 29, 1992).<\/p>\n\n\n\n<p class=\"wp-block-paragraph\">Don Eduardo Neri expres\u00f3 su c\u00e9lebre discurso en la C\u00e1mara de Diputados (1913), en el cual llam\u00f3 \u201cChacal\u201d a Victoriano Huerta. Por ese motivo, la C\u00e1mara de Diputados decidi\u00f3 crear la Medalla al M\u00e9rito Civil que lleva su nombre. En As\u00ed Somos se consigna haber dejado en su testamento el encargo a su hijo Eduardo Neri Acevedo para que: \u201cPocos d\u00edas despu\u00e9s de mi sepelio entregue al Congreso del Estado de Guerrero que la recibir\u00e1 con la representaci\u00f3n que&nbsp; de nuestro pueblo tiene, la medalla que me fue impuesta el veintinueve de diciembre de mil novecientos sesenta y nueve, por el Presidente de la C\u00e1mara de Diputados al Congreso de la Uni\u00f3n. As\u00ed quedar\u00e1n enlazadas para siempre (\u2026) Los alumbrar\u00e1 el sol del Sur, ante el ejemplo que nos dejaron los paladines de la Libertad y la Democracia y a la vista de nuestras majestuosas monta\u00f1as de occidente\u201d (No. 110, 1996).<\/p>\n\n\n\n<p class=\"wp-block-paragraph\">La familia de Jos\u00e9 Agust\u00edn Ram\u00edrez vivi\u00f3 en diversas poblaciones de la Costa Grande. Cuando preguntaban al cantor de Guerrero su lugar de nacimiento, dec\u00eda: \u201cSoy de Acapulco, de Tecpan, de Atoyac y de San Jer\u00f3nimo\u201d. Incluso, hubo quien dijera que hab\u00eda nacido en Puebla, pero su familia sit\u00faa su origen en Acapulco. En As\u00ed somos no se da cuenta del d\u00eda y a\u00f1o de su venida a la m\u00fasica, es decir, a la vida. Agust\u00edn Ram\u00edrez no tuvo hijos. Sus hijos \u2013dec\u00eda\u2013 fueron sus canciones. Su \u00faltima voluntad fue donar el producto de sus canciones al pueblo de Guerrero para una Escuela de M\u00fasica\u2026 Desgraciadamente la voluntad del cantor no se ha cumplido. Ser\u00eda el mejor homenaje a nuestro Agust\u00edn Ram\u00edrez. (No. 52, 1993).<\/p>\n\n\n\n<p class=\"wp-block-paragraph\">El doctor Rodolfo Neri Vela, es el primer mexicano que logr\u00f3 viajar al espacio y quien en su libro El planeta azul, nos relata las vivencias de su viaje en el orbitador Atlantis, con una duraci\u00f3n de 7 d\u00edas terrenales, en el cual la nave logr\u00f3 dar 109 vueltas alrededor de la tierra en la Misi\u00f3n 61-B de la NASA y por lo que fue galardonado con la Medalla de Vuelo Espacial y un certificado. En su libro nos hace conocer interesantes aspectos de la Conquista del Espacio. Hace evocaciones, en las que para nuestro orgullo se\u00f1ala haber nacido en Chilpancingo el 19 de febrero de 1952. (No. 97, 2\u00aa. Parte, 1995).<\/p>\n\n\n\n<p class=\"wp-block-paragraph\">Con motivo del Primer Centenario del Estado, por Decreto del gobernador Baltazar R. Leyva Mancilla del 2 de agosto de 1949, se adopt\u00f3 como Escudo Oficial el que lleva la frase \u201cMI PATRIA ES PRIMERO\u201d, y como Figura central el Gral. Vicente Guerrero enarbolando la Ense\u00f1a Patria y empu\u00f1ando el machete suriano, en vigor hasta el 20 de diciembre de 1951. Actualmente, es el mismo que en 1926 propuso el pintor Diego Rivera en un concurso&nbsp; auspiciado por la SEP. Alejandro G\u00f3mez Maganda \u2013sucesor del Gral. Leyva\u2013 deroga por Decreto No. 20 de agosto de 1949 el Escudo con Vicente Guerrero, y adopta \u201cal que tiene como figura Central al tradicional Caballero Tigre\u201d. Este Escudo fue reconocido hasta 1963, cuando el Gobernador Raymundo Abarca Alarc\u00f3n ordena su uso oficial.<\/p>\n\n\n\n<p class=\"wp-block-paragraph\">Conversando con Enrique Krauze me dijo que en la historia todo es posible.<\/p>\n","protected":false},"excerpt":{"rendered":"<p>El 6 de mayo se present\u00f3 en la sede del Poder Ejecutivo el primer volumen de As\u00ed somos, cartel miscel\u00e1neo con diversas investigaciones sobre Guerrero y los guerrerenses.<\/p>\n","protected":false},"author":3,"featured_media":30273,"comment_status":"open","ping_status":"open","sticky":false,"template":"","format":"standard","meta":{"_monsterinsights_skip_tracking":false,"footnotes":""},"categories":[692,199,35],"tags":[],"class_list":["post-35120","post","type-post","status-publish","format-standard","has-post-thumbnail","category-692","category-florencio-salazar-adame","category-opinion"],"_links":{"self":[{"href":"https:\/\/redsemlac.com\/semmexico\/wp-json\/wp\/v2\/posts\/35120","targetHints":{"allow":["GET"]}}],"collection":[{"href":"https:\/\/redsemlac.com\/semmexico\/wp-json\/wp\/v2\/posts"}],"about":[{"href":"https:\/\/redsemlac.com\/semmexico\/wp-json\/wp\/v2\/types\/post"}],"author":[{"embeddable":true,"href":"https:\/\/redsemlac.com\/semmexico\/wp-json\/wp\/v2\/users\/3"}],"replies":[{"embeddable":true,"href":"https:\/\/redsemlac.com\/semmexico\/wp-json\/wp\/v2\/comments?post=35120"}],"version-history":[{"count":0,"href":"https:\/\/redsemlac.com\/semmexico\/wp-json\/wp\/v2\/posts\/35120\/revisions"}],"wp:featuredmedia":[{"embeddable":true,"href":"https:\/\/redsemlac.com\/semmexico\/wp-json\/wp\/v2\/media\/30273"}],"wp:attachment":[{"href":"https:\/\/redsemlac.com\/semmexico\/wp-json\/wp\/v2\/media?parent=35120"}],"wp:term":[{"taxonomy":"category","embeddable":true,"href":"https:\/\/redsemlac.com\/semmexico\/wp-json\/wp\/v2\/categories?post=35120"},{"taxonomy":"post_tag","embeddable":true,"href":"https:\/\/redsemlac.com\/semmexico\/wp-json\/wp\/v2\/tags?post=35120"}],"curies":[{"name":"wp","href":"https:\/\/api.w.org\/{rel}","templated":true}]}}