{"id":35048,"date":"2021-05-06T11:36:53","date_gmt":"2021-05-06T17:36:53","guid":{"rendered":"https:\/\/redsemlac.com\/semmexico\/?p=35048"},"modified":"2023-07-21T16:59:19","modified_gmt":"2023-07-21T21:59:19","slug":"hay-13-millones-de-menores-invisibilizados-en-agenda-de-partidos-y-candidaturas-acusa-iniciativa-civil","status":"publish","type":"post","link":"https:\/\/redsemlac.com\/semmexico\/hay-13-millones-de-menores-invisibilizados-en-agenda-de-partidos-y-candidaturas-acusa-iniciativa-civil\/","title":{"rendered":"Hay 13 millones de menores invisibilizados en agenda de partidos y candidaturas, acusa iniciativa civil"},"content":{"rendered":"\n<p class=\"wp-block-paragraph\">Revela que 6 millones de menores de 3 a\u00f1os no fueron vacunados en 2020<\/p>\n\n\n\n<p class=\"wp-block-paragraph\">El Pacto Primera Infancia intenta dialogar con \u00f3rganos e instituciones del estado, sin \u00e9xito<\/p>\n\n\n\n<p class=\"wp-block-paragraph\">Sara Lovera<\/p>\n\n\n\n<p class=\"wp-block-paragraph\">SemM\u00e9xico, Cd. de M\u00e9xico, 6 de mayo, 2021.-La agenda de partidos y candidatos omite a la infancia, a pesar de que 6 millones de ni\u00f1as y ni\u00f1os no fueron vacunados en el \u00faltimo a\u00f1o, 7 millones est\u00e1n en condici\u00f3n de pobreza y m\u00e1s de 13 millones, por la pandemia, viven violencia familiar,&nbsp;&nbsp;desinter\u00e9s escolar y trastornos en su salud mental.<\/p>\n\n\n\n<p class=\"wp-block-paragraph\">As\u00ed diagnostica la situaci\u00f3n de menores de 6 a\u00f1os,&nbsp;&nbsp;Pacto Primera Infancia, que afirm\u00f3 que los y las candidatas para acceder a puestos de elecci\u00f3n han invisibilizado a ni\u00f1os y ni\u00f1as, en la etapa fundamental para su vida futura. No les importan, porque no votan.<\/p>\n\n\n\n<p class=\"wp-block-paragraph\">&nbsp;\u201cEst\u00e1n completamente invisibilizados de la agenda y la infancia no est\u00e1 incluida en las plataformas pol\u00edticas y en las de campa\u00f1a de los candidatos y candidatas, porque las ni\u00f1as y los ni\u00f1os no votan\u201d, afirm\u00f3&nbsp;&nbsp;Aranzazu Alonso, coordinadora general del Pacto por la Primera Infancia.<\/p>\n\n\n\n<p class=\"wp-block-paragraph\">Entrevistada a distancia, luego de algunas presentaciones en radio y agencias, respondi\u00f3 a SemM\u00e9xico que el pacto, es necesario en un momento en el que la primera infancia se encuentra en una situaci\u00f3n vulnerable, misma que, advirti\u00f3 Alonso, se agudiz\u00f3&nbsp;&nbsp;con la pandemia causada por la Covid-19.<\/p>\n\n\n\n<p class=\"wp-block-paragraph\">Por ejemplo, mencion\u00f3 que \u201cla prevalencia de la lactancia materna es extremadamente baja, s\u00f3lo tres de cada 10 ni\u00f1os son alimentados con leche materna en sus primeros seis meses de vida\u201d. Esto, pese a que se ha demostrado la importancia que tiene la misma en el desarrollo de los menores de seis a\u00f1os.<\/p>\n\n\n\n<p class=\"wp-block-paragraph\">Otro problema que enfrenta la infancia en el pa\u00eds es la cobertura de educaci\u00f3n b\u00e1sica. La coordinadora del Pacto por la Primera Infancia mencion\u00f3 que s\u00f3lo 3 por ciento de los ni\u00f1os y ni\u00f1as, es decir, s\u00f3lo tres de cada 100, tienen acceso a ella, aunque la Constituci\u00f3n la establece como obligatoria.<\/p>\n\n\n\n<p class=\"wp-block-paragraph\">En cuestiones sanitarias, Aranzazu Alonso indic\u00f3 que s\u00f3lo tres de cada 10 ni\u00f1os menores de un a\u00f1o cuentan con el esquema de vacunaci\u00f3n completa correspondiente a su edad. Por escases y cierre de servicios.<\/p>\n\n\n\n<p class=\"wp-block-paragraph\">Por ello, el Pacto por la Primera Infancia exhort\u00f3 a los candidatos de todos los partidos, as\u00ed como a representantes de todos los niveles de gobierno, a adherirse a los planteamientos que han realizado.<\/p>\n\n\n\n<p class=\"wp-block-paragraph\">\u201cEsas situaciones deben aterrizar en el marco program\u00e1tico, porque si s\u00f3lo se quedan en el marco discursivo, no llegan hasta abajo. Esto tiene que estar visible en el presupuesto de egresos de los estados para que podamos evaluar cu\u00e1nto se est\u00e1 invirtiendo y sepamos si el tema se est\u00e1 volviendo o no una realidad. Si no hay inversi\u00f3n, no hay prioridad\u201d, dijo Alonso&nbsp;<\/p>\n\n\n\n<p class=\"wp-block-paragraph\">Como parte del pacto, Alonso relat\u00f3 que se ofrece asistencia t\u00e9cnica a los candidatos para la elaboraci\u00f3n de las pol\u00edticas p\u00fablicas que beneficien a los menores de seis a\u00f1os, propuesta inscrita en su portal digital.<\/p>\n\n\n\n<p class=\"wp-block-paragraph\">\u201cTodos los poderes y los \u00f3rdenes de gobierno tienen que hacer un esfuerzo para reponer, reparar, recuperar, revertir el da\u00f1o que esta pandemia ha hecho a los derechos de las ni\u00f1as y de los ni\u00f1os\u201d, se\u00f1al\u00f3.<\/p>\n\n\n\n<p class=\"wp-block-paragraph\">El pacto sostiene que en M\u00e9xico, m\u00e1s de&nbsp;dos millones&nbsp;de ni\u00f1os y ni\u00f1as menores de 6 a\u00f1os est\u00e1n en riesgo de&nbsp;no alcanzar su pleno potencial, casi la mitad&nbsp;de ni\u00f1os y ni\u00f1as&nbsp;no tienen completas sus vacunas, y alrededor de 7 millones de ni\u00f1os y ni\u00f1as menores de 6 a\u00f1os viven en condici\u00f3n de pobreza.<\/p>\n\n\n\n<p class=\"wp-block-paragraph\">Alonso explic\u00f3 que \u201cuna de&nbsp;nuestras prioridades como colectivo es lograr una mayor y mejor inversi\u00f3n en primera infancia. Lo anterior, con base en un cuerpo de creciente evidencia cient\u00edfica que ha demostrado que las&nbsp;inversiones de calidad en programas integrales para las ni\u00f1as y ni\u00f1os menores de 6 a\u00f1os de edad tienen altas tasas de retorno&nbsp;debido a sus efectos de corto, mediano y largo plazo sobre la salud, la capacidad de aprendizaje, la productividad, el ingreso y la paz social, entre otras m\u00faltiples variables\u201d.<\/p>\n\n\n\n<p class=\"wp-block-paragraph\">De hecho,&nbsp;las inversiones en esta etapa de la vida son una forma costo efectiva de abatir las brechas de desigualdad&nbsp;y romper el ciclo intergeneracional de la pobreza; raz\u00f3n por la cual deben privilegi\u00e1rseles frente a otras alternativas, m\u00e1xime en contextos de escasez.<\/p>\n\n\n\n<p class=\"wp-block-paragraph\">EL PACTO&nbsp;<\/p>\n\n\n\n<p class=\"wp-block-paragraph\">El Pacto por la Primera Infancia es una&nbsp;iniciativa ciudadana de abogac\u00eda e impacto colectivo&nbsp;cuyo objetivo es hacer de la primera infancia una prioridad nacional.&nbsp;El colectivo est\u00e1 formado por&nbsp;m\u00e1s de 450 organizaciones&nbsp;de la sociedad civil, fundaciones empresariales, empresas, universidades, organismos internacionales e instituciones aut\u00f3nomas provenientes de los 32 estados del pa\u00eds.<\/p>\n\n\n\n<p class=\"wp-block-paragraph\">Los y las&nbsp;&nbsp;integrantes del Pacto aportan su talento, conocimientos, experiencia, tiempo y sobre todo compromiso para el cumplimiento de una agenda com\u00fan.<\/p>\n\n\n\n<p class=\"wp-block-paragraph\">Tiene el compromiso del cumplimiento de las&nbsp;metas&nbsp;del Pacto mediante el impulso de pol\u00edticas p\u00fablicas co-creadas y el dise\u00f1o e implementaci\u00f3n de planes de impacto colectivo.<\/p>\n\n\n\n<p class=\"wp-block-paragraph\">Meta 1<\/p>\n\n\n\n<p class=\"wp-block-paragraph\">Disminuir a 45 por ciento el porcentaje de ni\u00f1as y ni\u00f1os menores de 6 a\u00f1os que viven en pobreza.<\/p>\n\n\n\n<p class=\"wp-block-paragraph\">Meta 2<\/p>\n\n\n\n<p class=\"wp-block-paragraph\">Reducir a 9 por ciento&nbsp;&nbsp;la desnutrici\u00f3n cr\u00f3nica, a 17 por ciento&nbsp;&nbsp;la anemia en menores de 5 a\u00f1os y detener el aumento en la prevalencia de sobrepeso y obesidad.<\/p>\n\n\n\n<p class=\"wp-block-paragraph\">Meta 3<\/p>\n\n\n\n<p class=\"wp-block-paragraph\">Incrementar a 75 por ciento&nbsp;&nbsp;la lactancia en la primera hora de vida y a 45 por ciento&nbsp;&nbsp;la lactancia materna exclusiva en menores de 6 meses.<\/p>\n\n\n\n<p class=\"wp-block-paragraph\">Meta 4<\/p>\n\n\n\n<p class=\"wp-block-paragraph\">Lograr que al menos 9 de cada 10 menores de un a\u00f1o reciban las vacunas que les corresponden. Un esquema fundamental, ahora negado.<\/p>\n\n\n\n<p class=\"wp-block-paragraph\">Meta 5<\/p>\n\n\n\n<p class=\"wp-block-paragraph\">Detectar de manera oportuna la discapacidad e incrementar en 20 por ciento&nbsp;&nbsp;la cobertura de educaci\u00f3n y salud para las ni\u00f1as y ni\u00f1os menores de 6 a\u00f1os con discapacidad.<\/p>\n\n\n\n<p class=\"wp-block-paragraph\">Meta 6<\/p>\n\n\n\n<p class=\"wp-block-paragraph\">Incrementar a 90 por ciento&nbsp;&nbsp;el porcentaje de ni\u00f1as y ni\u00f1os con un desarrollo infantil adecuado, a 50 por ciento&nbsp;&nbsp;la cobertura de evaluaci\u00f3n del desarrollo, y disminuir 10 por ciento&nbsp;&nbsp;las brechas de desarrollo entre ni\u00f1os ricos y ni\u00f1os pobres.<\/p>\n\n\n\n<p class=\"wp-block-paragraph\">Meta 7<\/p>\n\n\n\n<p class=\"wp-block-paragraph\">Asegurar que 4 de cada 10 ni\u00f1as y ni\u00f1os menores de 3 a\u00f1os participen en programas de Desarrollo Infantil Temprano o de Educaci\u00f3n Inicial en cualquiera de sus modalidades, y que el 80 por ciento de las criaturas&nbsp;&nbsp;mayores de 3 a\u00f1os reciban educaci\u00f3n preescolar de calidad.<\/p>\n\n\n\n<p class=\"wp-block-paragraph\">Meta 8<\/p>\n\n\n\n<p class=\"wp-block-paragraph\">Que 4 de cada 10 ni\u00f1as y ni\u00f1os menores de 6 a\u00f1os participe en programas de habilidades parentales\/ pr\u00e1cticas de crianza en cualquiera de sus modalidades.<\/p>\n\n\n\n<p class=\"wp-block-paragraph\">Meta 9<\/p>\n\n\n\n<p class=\"wp-block-paragraph\">Lograr el registro oportuno del 90 por ciento de las ni\u00f1as y ni\u00f1os.<\/p>\n\n\n\n<p class=\"wp-block-paragraph\">Meta 10<\/p>\n\n\n\n<p class=\"wp-block-paragraph\">Avanzar en la erradicaci\u00f3n de todas las formas de violencia contra la infancia al disminuir en 20 por ciento&nbsp;&nbsp;el maltrato infantil y en 50 por ciento&nbsp;&nbsp;la violencia sexual y los casos de desapariciones de ni\u00f1as y ni\u00f1os menores de 6 a\u00f1os.<\/p>\n\n\n\n<p class=\"wp-block-paragraph\">Incidir en el cumplimiento de las Condiciones Estructurales a nivel nacional y local de los estados.<\/p>\n\n\n\n<p class=\"wp-block-paragraph\">Incluir en el Plan Nacional de Desarrollo los objetivos y l\u00edneas de acci\u00f3n estrat\u00e9gicas necesarias para el cumplimiento de los compromisos del Pacto por la Primera Infancia.&nbsp;<\/p>\n\n\n\n<p class=\"wp-block-paragraph\">Establecer una pol\u00edtica para el desarrollo integral de la primera infancia basada en el principio del cuidado cari\u00f1oso y sensible a las necesidades de las ni\u00f1as y ni\u00f1os y aprovechar los instrumentos de levantamiento de informaci\u00f3n con los que cuenta el Estado y desarrollar fuentes de informaci\u00f3n externa necesarias para el monitoreo peri\u00f3dico de los indicadores del Pacto por la Primera Infancia.<\/p>\n\n\n\n<p class=\"wp-block-paragraph\">Participan: Comisi\u00f3n Nacional de Derechos Humanos,&nbsp;&nbsp;Fundaci\u00f3n Cin\u00e9polis.&nbsp;&nbsp;Fundaci\u00f3n Coppel,&nbsp;&nbsp;Fundaci\u00f3n FEMSA,&nbsp;&nbsp;Fundaci\u00f3n Compartamos,&nbsp;&nbsp;Fundaci\u00f3n Interprotecci\u00f3n Hospital Infantil Federico G\u00f3mez,&nbsp;&nbsp;Instituto Nacional de Salud P\u00fablica,&nbsp;&nbsp;Mexicanos Primero | Promotora Social M\u00e9xico,&nbsp;&nbsp;Save the Children M\u00e9xico entre una lista de m\u00e1s de 50 organizaciones.<\/p>\n","protected":false},"excerpt":{"rendered":"<p>Revela que 6 millones de menores de 3 a\u00f1os no fueron vacunados en 2020 El Pacto Primera Infancia intenta dialogar con \u00f3rganos e instituciones del estado, sin \u00e9xito Sara Lovera SemM\u00e9xico, Cd. de M\u00e9xico, 6 de mayo, 2021.-La agenda de partidos y candidatos omite a la infancia, a pesar de que 6 millones de ni\u00f1as [&hellip;]<\/p>\n","protected":false},"author":3,"featured_media":35049,"comment_status":"open","ping_status":"open","sticky":false,"template":"","format":"standard","meta":{"_monsterinsights_skip_tracking":false,"footnotes":""},"categories":[692,54],"tags":[],"class_list":["post-35048","post","type-post","status-publish","format-standard","has-post-thumbnail","category-692","category-mujeres"],"_links":{"self":[{"href":"https:\/\/redsemlac.com\/semmexico\/wp-json\/wp\/v2\/posts\/35048","targetHints":{"allow":["GET"]}}],"collection":[{"href":"https:\/\/redsemlac.com\/semmexico\/wp-json\/wp\/v2\/posts"}],"about":[{"href":"https:\/\/redsemlac.com\/semmexico\/wp-json\/wp\/v2\/types\/post"}],"author":[{"embeddable":true,"href":"https:\/\/redsemlac.com\/semmexico\/wp-json\/wp\/v2\/users\/3"}],"replies":[{"embeddable":true,"href":"https:\/\/redsemlac.com\/semmexico\/wp-json\/wp\/v2\/comments?post=35048"}],"version-history":[{"count":0,"href":"https:\/\/redsemlac.com\/semmexico\/wp-json\/wp\/v2\/posts\/35048\/revisions"}],"wp:featuredmedia":[{"embeddable":true,"href":"https:\/\/redsemlac.com\/semmexico\/wp-json\/wp\/v2\/media\/35049"}],"wp:attachment":[{"href":"https:\/\/redsemlac.com\/semmexico\/wp-json\/wp\/v2\/media?parent=35048"}],"wp:term":[{"taxonomy":"category","embeddable":true,"href":"https:\/\/redsemlac.com\/semmexico\/wp-json\/wp\/v2\/categories?post=35048"},{"taxonomy":"post_tag","embeddable":true,"href":"https:\/\/redsemlac.com\/semmexico\/wp-json\/wp\/v2\/tags?post=35048"}],"curies":[{"name":"wp","href":"https:\/\/api.w.org\/{rel}","templated":true}]}}