{"id":35043,"date":"2021-05-06T11:32:18","date_gmt":"2021-05-06T17:32:18","guid":{"rendered":"https:\/\/redsemlac.com\/semmexico\/?p=35043"},"modified":"2023-07-21T16:59:20","modified_gmt":"2023-07-21T21:59:20","slug":"no-confundir-a-don-julio-scherer-garcia-con-julio-scherer-ibarra","status":"publish","type":"post","link":"https:\/\/redsemlac.com\/semmexico\/no-confundir-a-don-julio-scherer-garcia-con-julio-scherer-ibarra\/","title":{"rendered":"No Confundir a Don Julio Scherer Garc\u00eda con julio scherer ibarra"},"content":{"rendered":"\n<p class=\"wp-block-paragraph\"><strong>Jorge Herrera Valenzuela<\/strong><\/p>\n\n\n\n<p class=\"wp-block-paragraph\"><strong>LES INVITO A MEDITAR SU VOTO, PARA EL DOMINGO 6 DE JUNIO&nbsp;&nbsp;<\/strong><\/p>\n\n\n\n<p class=\"wp-block-paragraph\">SemM\u00e9xico, Cd. de M\u00e9xico, 6 de mayo, 2021.-En la entrada al caf\u00e9 \u201cEn un Lugar de la Mancha\u201d, en Prado Norte,&nbsp;&nbsp;Lomas de Chapultepec, un grupo de amigos sal\u00edamos de desayunar y de intercambiar comentarios, cuando me fue presentado el licenciado Julio Scherer Ibarra.&nbsp;<\/p>\n\n\n\n<p class=\"wp-block-paragraph\">&#8211;\u00bfYa se conocen, Jorge?<\/p>\n\n\n\n<p class=\"wp-block-paragraph\">&#8211;No, no tengo el gusto.<\/p>\n\n\n\n<p class=\"wp-block-paragraph\">&#8211;Es Julio Scherer, el hijo de tu colega.<\/p>\n\n\n\n<p class=\"wp-block-paragraph\">Nos dimos el hoy ya desaparecido saludo de mano y, en algunos casos, el obligado \u201cmucho gusto\u201d. Todav\u00eda no terminaba el sexenio pe\u00f1ista. Desde esa ma\u00f1ana, solo he o\u00eddo el nombre y apellidos del consejero jur\u00eddico de la Presidencia de M\u00e9xico. No volvimos a entablar ni el saludo.&nbsp;<\/p>\n\n\n\n<p class=\"wp-block-paragraph\">Dud\u00e9 de su buen ejercicio como licenciado en Derecho, en una posici\u00f3n tan importante, como es la de asesor en materia jur\u00eddica del Presidente de la Republica, el d\u00eda en que en pocas horas fue reformado un art\u00edculo constitucional, a efecto de dar el nombramiento en el Fondo de Cultura Econ\u00f3mica a un no nacido en M\u00e9xico, como estaba dispuesto. No ha sido la \u00fanica ocasi\u00f3n en que el se\u00f1or&nbsp;<strong>scherer ibarra<\/strong>&nbsp;guarda silencio o pretende justificar las \u00f3rdenes que recibe, a sabiendas de que su jefe, en sesi\u00f3n del Congreso de la Uni\u00f3n, el 1 de diciembre de 2018 al asumir el m\u00e1ximo cargo, por mandato popular, prometi\u00f3 guardar y hacer guardar la Constituci\u00f3n Pol\u00edtica de los Estados Unidos Mexicanos y las Leyes que de ella emanen.<\/p>\n\n\n\n<p class=\"wp-block-paragraph\">Entiendo que la forma de trabajar del actual Presidente de M\u00e9xico dista mucho de cumplir con las funciones legales que le corresponden. En los dos a\u00f1os y cuatro meses del sexenio, hemos visto que ning\u00fan miembro del gabinete o de cualquier otra instituci\u00f3n debe discrepar con el presidente. \u201c<strong>Obedecer a ciegas<\/strong>\u201d, no es una simple frase, es la orden a todos sus colaboradores y a los legisladores les ha dicho que a las iniciativas que les env\u00eda \u201c<strong>no deben quitarle ni una coma<\/strong>\u201d.<\/p>\n\n\n\n<p class=\"wp-block-paragraph\"><strong>TAPARLE LA BOCA A REPORTEROS<\/strong><\/p>\n\n\n\n<p class=\"wp-block-paragraph\">Este es el primero y \u00faltimo comentario relacionado con el Consejero Jur\u00eddico de la Presidencia. Nadie m\u00e1s que \u00e9l para hacer y decir lo que le venga en gana, toda vez que es un adulto, un profesionista y heredero de un muy apreciado amigo y colega que tuve desde 1957, de quien recuerdo sus consejos para reportear en la C\u00e1mara de Diputados y Diputadas y que siempre me saludaba con una sonrisa y la frase \u201c\u00bfc\u00f3mo est\u00e1s hermanito?\u201d&nbsp;<\/p>\n\n\n\n<p class=\"wp-block-paragraph\">Cuando escuch\u00e9 las respuestas del licenciado&nbsp;<strong>scherer ibarra&nbsp;<\/strong>y luego le\u00ed diversas informaciones sobre la entrevista radiof\u00f3nica que le hizo una icono del diarismo mexicano,&nbsp;<strong>Carmen Arist\u00e9gui<\/strong>, reflexion\u00e9 que nada justifica, ni dar disculpas posteriores, al hijo del reportero diarista que seguir\u00e1 siendo ejemplo, para quienes le conocimos como para las nuevas generaciones del periodismo, decir que hab\u00eda que taparle la boca a los reporteros\u201d.<\/p>\n\n\n\n<p class=\"wp-block-paragraph\"><strong>\u201cEl presidente digamos tiene un problema, Carmen, hay que taparle la boca a los reporteros y decir oiga, por favor no pregunte de esto o de lo otro.<\/strong><\/p>\n\n\n\n<p class=\"wp-block-paragraph\"><strong>\u201cHay que decirle a los reporteros: usted no puede preguntar de esto&nbsp;&nbsp;y no puede preguntar de lo otro, porque entonces pone en riesgo al presidente de que el INE&nbsp;<\/strong>(Instituto Nacional Electoral)<strong>&nbsp;le ponga una multa o lo meta a la c\u00e1rcel<\/strong>\u201d.<\/p>\n\n\n\n<p class=\"wp-block-paragraph\">Estoy seguro, porque fueron muchos a\u00f1os los que compart\u00ed la tarea reporteril con&nbsp;<strong>don Julio Scherer Garc\u00eda<\/strong>, que \u00e9l jam\u00e1s hubiese aceptado una \u201crecomendaci\u00f3n\u201d de esa naturaleza. Lo escribo, porque fueron muchas las ocasiones en que \u201cme le pegaba\u201d para escuchar las entrevistas que hac\u00eda a los diputados, sin cortapisa alguna y adem\u00e1s no hubiese aceptado que le dijeran qu\u00e9 pod\u00eda y qu\u00e9 no pod\u00eda preguntar.<\/p>\n\n\n\n<p class=\"wp-block-paragraph\">Me coment\u00f3 mi compadre, amigo y colega F\u00e9lix Fuentes Medina que el Se\u00f1or Consejero Jur\u00eddico ya se hab\u00eda disculpado. Nada m\u00e1s que como dice el refr\u00e1n popular, \u201cpalo dado ni Dios lo quita\u201d.&nbsp;&nbsp;Lo malo es que \u201cdonde manda capit\u00e1n, no gobierna marinero\u201d y como alguna vez dijo mi compa\u00f1ero Arnulfo Rodr\u00edguez Arg\u00fcelles, en la redacci\u00f3n de La Prensa, \u201chasta la ignominia, antes que la renuncia\u201d.<\/p>\n\n\n\n<p class=\"wp-block-paragraph\">Manuel J. J\u00e1uregui, editorialista del diario Reforma escribi\u00f3: \u201cDon Julio padre, si viviera, se sentir\u00eda muy avergonzado de lo dicho por su reto\u00f1o, una expresi\u00f3n ANTIDEMOCR\u00c1TICA por esencia, que nos brinda una indicaci\u00f3n terrible sobre cu\u00e1l es la mentalidad tir\u00e1nica, absolutista, que revolotea en torno al presidente, una de imponer y no de convencer, de someter y no respetar\u201d.<\/p>\n\n\n\n<p class=\"wp-block-paragraph\"><strong>jherrerav@live.com.mx<\/strong><\/p>\n","protected":false},"excerpt":{"rendered":"<p>Jorge Herrera Valenzuela LES INVITO A MEDITAR SU VOTO, PARA EL DOMINGO 6 DE JUNIO&nbsp;&nbsp; SemM\u00e9xico, Cd. de M\u00e9xico, 6 de mayo, 2021.-En la entrada al caf\u00e9 \u201cEn un Lugar de la Mancha\u201d, en Prado Norte,&nbsp;&nbsp;Lomas de Chapultepec, un grupo de amigos sal\u00edamos de desayunar y de intercambiar comentarios, cuando me fue presentado el licenciado [&hellip;]<\/p>\n","protected":false},"author":3,"featured_media":7843,"comment_status":"open","ping_status":"open","sticky":false,"template":"","format":"standard","meta":{"_monsterinsights_skip_tracking":false,"footnotes":""},"categories":[692,94,35,107],"tags":[],"class_list":["post-35043","post","type-post","status-publish","format-standard","has-post-thumbnail","category-692","category-jorge-herrera-valenzuela","category-opinion","category-rafaga"],"_links":{"self":[{"href":"https:\/\/redsemlac.com\/semmexico\/wp-json\/wp\/v2\/posts\/35043","targetHints":{"allow":["GET"]}}],"collection":[{"href":"https:\/\/redsemlac.com\/semmexico\/wp-json\/wp\/v2\/posts"}],"about":[{"href":"https:\/\/redsemlac.com\/semmexico\/wp-json\/wp\/v2\/types\/post"}],"author":[{"embeddable":true,"href":"https:\/\/redsemlac.com\/semmexico\/wp-json\/wp\/v2\/users\/3"}],"replies":[{"embeddable":true,"href":"https:\/\/redsemlac.com\/semmexico\/wp-json\/wp\/v2\/comments?post=35043"}],"version-history":[{"count":0,"href":"https:\/\/redsemlac.com\/semmexico\/wp-json\/wp\/v2\/posts\/35043\/revisions"}],"wp:featuredmedia":[{"embeddable":true,"href":"https:\/\/redsemlac.com\/semmexico\/wp-json\/wp\/v2\/media\/7843"}],"wp:attachment":[{"href":"https:\/\/redsemlac.com\/semmexico\/wp-json\/wp\/v2\/media?parent=35043"}],"wp:term":[{"taxonomy":"category","embeddable":true,"href":"https:\/\/redsemlac.com\/semmexico\/wp-json\/wp\/v2\/categories?post=35043"},{"taxonomy":"post_tag","embeddable":true,"href":"https:\/\/redsemlac.com\/semmexico\/wp-json\/wp\/v2\/tags?post=35043"}],"curies":[{"name":"wp","href":"https:\/\/api.w.org\/{rel}","templated":true}]}}