{"id":35030,"date":"2021-05-05T17:04:57","date_gmt":"2021-05-05T23:04:57","guid":{"rendered":"https:\/\/redsemlac.com\/semmexico\/?p=35030"},"modified":"2023-07-21T16:59:20","modified_gmt":"2023-07-21T21:59:20","slug":"giran-orden-de-aprehension-contra-el-escritor-andres-n-por-violacion","status":"publish","type":"post","link":"https:\/\/redsemlac.com\/semmexico\/giran-orden-de-aprehension-contra-el-escritor-andres-n-por-violacion\/","title":{"rendered":"Giran orden de aprehensi\u00f3n contra el escritor Andr\u00e9s \u00abN\u00bb por violaci\u00f3n"},"content":{"rendered":"\n<ul class=\"wp-block-list\"><li><strong>En la carpeta de investigaci\u00f3n iniciada el mes de marzo se acusa al escritor por el delito de violaci\u00f3n<\/strong><\/li><\/ul>\n\n\n\n<p class=\"wp-block-paragraph\"><strong>Redacci\u00f3n<\/strong><\/p>\n\n\n\n<p class=\"wp-block-paragraph\">SemM\u00e9xico\/El Sol de M\u00e9xico. Ciudad de M\u00e9xico. 05 de mayo 2021.- La Fiscal\u00eda General de Justicia de la Ciudad de M\u00e9xico (FGJCDMX) obtuvo de un Juez de Control la orden de aprehensi\u00f3n en contra de Andr\u00e9s \u201cN\u201d por el delito de violaci\u00f3n.<\/p>\n\n\n\n<p class=\"wp-block-paragraph\">Lo anterior, una vez que el representante social obtuvo los datos de prueba necesarios para judicializar una carpeta de investigaci\u00f3n, iniciada en marzo de este a\u00f1o, indagatoria en que la v\u00edctima lo acus\u00f3 de violarla en dos ocasiones.<\/p>\n\n\n\n<p class=\"wp-block-paragraph\">La Fiscal\u00eda mantiene contacto con las v\u00edctimas y ha iniciado ocho carpetas de investigaci\u00f3n que se encuentran en etapa de integraci\u00f3n.<\/p>\n\n\n\n<figure class=\"wp-block-embed is-type-rich is-provider-twitter wp-block-embed-twitter\"><div class=\"wp-block-embed__wrapper\">\n<blockquote class=\"twitter-tweet\" data-width=\"550\" data-dnt=\"true\"><p lang=\"es\" dir=\"ltr\">La <a href=\"https:\/\/twitter.com\/hashtag\/FGJCDMXInforma?src=hash&amp;ref_src=twsrc%5Etfw\">#FGJCDMXInforma<\/a> que, luego de diligencias, as\u00ed como trabajos de gabinete y campo, realizados por personal de esta instituci\u00f3n, el Ministerio P\u00fablico de Investigaci\u00f3n de Delitos Sexuales solicit\u00f3 y obtuvo de un Juez de Control, orden de aprehensi\u00f3n en contra de Andr\u00e9s \u201cN\u201d. <a href=\"https:\/\/t.co\/4IwWSUIwGY\">pic.twitter.com\/4IwWSUIwGY<\/a><\/p>&mdash; Fiscal\u00eda CDMX (@FiscaliaCDMX) <a href=\"https:\/\/twitter.com\/FiscaliaCDMX\/status\/1390036588277768196?ref_src=twsrc%5Etfw\">May 5, 2021<\/a><\/blockquote><script async src=\"https:\/\/platform.twitter.com\/widgets.js\" charset=\"utf-8\"><\/script>\n<\/div><\/figure>\n\n\n\n<p class=\"wp-block-paragraph\">Por su parte, el titular de la Unidad de Inteligencia Financiera (UIF) de la Secretar\u00eda de Hacienda y Cr\u00e9dito P\u00fablico (SHCP), Santiago Nieto, indic\u00f3 que se proceder\u00eda al congelamiento de las cuentas a nombre del acusado.<\/p>\n\n\n\n<figure class=\"wp-block-embed is-type-rich is-provider-twitter wp-block-embed-twitter\"><div class=\"wp-block-embed__wrapper\">\n<blockquote class=\"twitter-tweet\" data-width=\"550\" data-dnt=\"true\"><p lang=\"es\" dir=\"ltr\">Felicito a la Fiscal <a href=\"https:\/\/twitter.com\/ErnestinaGodoy_?ref_src=twsrc%5Etfw\">@ErnestinaGodoy_<\/a> y a Laura Borbolla, por la orden de aprehensi\u00f3n obtenida en contra de Andr\u00e9s R. Hemos procedido con congelamiento de cuentas, de conformidad con el trabajo coordinado.<\/p>&mdash; Santiago Nieto (@SNietoCastillo) <a href=\"https:\/\/twitter.com\/SNietoCastillo\/status\/1390043985297788929?ref_src=twsrc%5Etfw\">May 5, 2021<\/a><\/blockquote><script async src=\"https:\/\/platform.twitter.com\/widgets.js\" charset=\"utf-8\"><\/script>\n<\/div><\/figure>\n\n\n\n<p class=\"wp-block-paragraph\">La Polic\u00eda de Investigaci\u00f3n (PDI) de la Fiscal\u00eda General de Justicia ya busca al imputado con la finalidad de ponerlo a disposici\u00f3n de la autoridad judicial que lo requiri\u00f3.<\/p>\n","protected":false},"excerpt":{"rendered":"<p>En la carpeta de investigaci\u00f3n iniciada el mes de marzo se acusa al escritor por el delito de violaci\u00f3n<\/p>\n","protected":false},"author":3,"featured_media":35031,"comment_status":"open","ping_status":"open","sticky":false,"template":"","format":"standard","meta":{"_monsterinsights_skip_tracking":false,"footnotes":""},"categories":[692,51],"tags":[],"class_list":["post-35030","post","type-post","status-publish","format-standard","has-post-thumbnail","category-692","category-ejecutivo"],"_links":{"self":[{"href":"https:\/\/redsemlac.com\/semmexico\/wp-json\/wp\/v2\/posts\/35030","targetHints":{"allow":["GET"]}}],"collection":[{"href":"https:\/\/redsemlac.com\/semmexico\/wp-json\/wp\/v2\/posts"}],"about":[{"href":"https:\/\/redsemlac.com\/semmexico\/wp-json\/wp\/v2\/types\/post"}],"author":[{"embeddable":true,"href":"https:\/\/redsemlac.com\/semmexico\/wp-json\/wp\/v2\/users\/3"}],"replies":[{"embeddable":true,"href":"https:\/\/redsemlac.com\/semmexico\/wp-json\/wp\/v2\/comments?post=35030"}],"version-history":[{"count":0,"href":"https:\/\/redsemlac.com\/semmexico\/wp-json\/wp\/v2\/posts\/35030\/revisions"}],"wp:featuredmedia":[{"embeddable":true,"href":"https:\/\/redsemlac.com\/semmexico\/wp-json\/wp\/v2\/media\/35031"}],"wp:attachment":[{"href":"https:\/\/redsemlac.com\/semmexico\/wp-json\/wp\/v2\/media?parent=35030"}],"wp:term":[{"taxonomy":"category","embeddable":true,"href":"https:\/\/redsemlac.com\/semmexico\/wp-json\/wp\/v2\/categories?post=35030"},{"taxonomy":"post_tag","embeddable":true,"href":"https:\/\/redsemlac.com\/semmexico\/wp-json\/wp\/v2\/tags?post=35030"}],"curies":[{"name":"wp","href":"https:\/\/api.w.org\/{rel}","templated":true}]}}