{"id":3503,"date":"2019-03-07T19:00:29","date_gmt":"2019-03-07T19:00:29","guid":{"rendered":"https:\/\/redsemlac.com\/semmexico\/?p=3503"},"modified":"2023-07-21T14:47:47","modified_gmt":"2023-07-21T19:47:47","slug":"advirtieron-que-no-se-puede-hablar-de-igualdad-y-equidad-de-genero-cuando-aun-existen-mujeres-a-quienes-no-se-les-respetan-sus-derechos","status":"publish","type":"post","link":"https:\/\/redsemlac.com\/semmexico\/advirtieron-que-no-se-puede-hablar-de-igualdad-y-equidad-de-genero-cuando-aun-existen-mujeres-a-quienes-no-se-les-respetan-sus-derechos\/","title":{"rendered":"Advirtieron que no se puede hablar de igualdad y equidad de g\u00e9nero, cuando a\u00fan existen mujeres a quienes no se les respetan sus derechos."},"content":{"rendered":"\n<p class=\"wp-block-paragraph\"><a href=\"https:\/\/www.semmexico.com\/gallery-post.php?id=7445#\">Elda Montiel<\/a><\/p>\n\n\n\n<p class=\"wp-block-paragraph\">SemM\u00e9xico. Cd. de M\u00e9xico. 7 de marzo de 2019.- Fortalecer y reivindicar los derechos de las mujeres en temas de igualdad salarial y laboral, la no criminalizaci\u00f3n de las mujeres por decidir sobre su cuerpo, el matrimonio y el trabajo infantil, las violencias feminicida y la pol\u00edtica en raz\u00f3n de g\u00e9nero fue el llamado que hizo la presidenta de la Comisi\u00f3n de Igualdad de G\u00e9nero, Wendy Brice\u00f1o Zuloaga en sesi\u00f3n solemne de la C\u00e1mara de Diputados con motivo del D\u00eda Internacional de la Mujer que se conmemora el 8 de marzo.&nbsp;<\/p>\n\n\n\n<p class=\"wp-block-paragraph\">Por su parte, a legisladora perredista, Mar\u00eda Guadalupe Almaguer Pardo en su participaci\u00f3n indic\u00f3 \u201ctenemos varios retos, como discutir el aborto para que \u00e9ste sea legal y evitar que las mujeres mueran\u201d y refiri\u00f3 que falta mucho todav\u00eda por hacer, pues M\u00e9xico ocupa el tercer lugar en la regi\u00f3n con 89 asesinatos de ni\u00f1as, de los 614 que se han presentado entre 2013 y 2016. Adem\u00e1s, se debe atender el embarazo en adolescentes y el tipo penal del feminicidio, hasta la falta de formaci\u00f3n para generar protocolos de justicia.&nbsp;<\/p>\n\n\n\n<p class=\"wp-block-paragraph\">Las diputadas de los diversos partidos que integran la C\u00e1mara de Diputados reconocieron los avances en la paridad, pero tambi\u00e9n advirtieron que no se puede hablar de igualdad y equidad de g\u00e9nero, cuando a\u00fan existen mujeres a quienes no se les respetan sus derechos reproductivos, pol\u00edticos, econ\u00f3micos y sociales como elementos para el empoderamiento.<\/p>\n\n\n\n<p class=\"wp-block-paragraph\">Lorena Villavicencio Ayala, de Morena, afirm\u00f3 que es importante reconocer los logros obtenidos por las mujeres, pero urge revisar el sistema de justicia para sentenciar a quienes las violentan y asesinan, porque a\u00fan se producen 600 mil delitos sexuales por a\u00f1o y lo \u00fanico que se ve es impunidad.&nbsp;<\/p>\n\n\n\n<p class=\"wp-block-paragraph\">Mientras que la panista diputada Ver\u00f3nica Mar\u00eda Sobrado Rodr\u00edguez, dijo que hoy se vive un retroceso. \u201cEst\u00e1n desmantelando el sistema de cuidados para que las mujeres regresen a sus casas y est\u00e9n calladitas\u201d en lugar de reconocer y respetar nuestros derechos.&nbsp;<\/p>\n\n\n\n<p class=\"wp-block-paragraph\">La diputada Lourdes Celenia Contreras Gonz\u00e1lez de Movimiento Ciudadano afirm\u00f3 que la lucha por la igualdad va m\u00e1s all\u00e1 de ideolog\u00edas y colores, es un tema de derechos humanos, de garantizar m\u00e1s participaci\u00f3n de mujeres en todos los \u00e1mbitos y crear condiciones para mejorar al pa\u00eds.<\/p>\n\n\n\n<p class=\"wp-block-paragraph\">Las diputadas sin partido Ana Luc\u00eda Riojas Mart\u00ednez y Luz Estefan\u00eda Rosas Mart\u00ednez, demandaron que las integrantes de esta Legislatura de la Paridad tienen la responsabilidad de luchar no s\u00f3lo por la mitad de los asientos de esta C\u00e1mara, sino para ejercer la igualdad en el poder.&nbsp;<\/p>\n\n\n\n<p class=\"wp-block-paragraph\">Se pronunciaron en contra de lo aprobado por el Congreso de Nuevo Le\u00f3n con su Derecho a la Vida, y rechazaron la criminalizaci\u00f3n de las mujeres.&nbsp;<\/p>\n\n\n\n<p class=\"wp-block-paragraph\"><strong>Ifigenia Mart\u00ednez recibe la primera medalla Sor Juana In\u00e9s de la Cruz<\/strong><\/p>\n\n\n\n<p class=\"wp-block-paragraph\">En sesi\u00f3n solemne el Pleno de la C\u00e1mara de Diputados otorgo la medalla Sor Juana In\u00e9s de la Cruz a Ifigenia Mart\u00ednez y Hern\u00e1ndez, presea que ser\u00e1&nbsp;entregada anualmente para reconocer a mujeres destacadas en la lucha social, cultural, pol\u00edtica, cient\u00edfica y econ\u00f3mica a favor de sus derechos humanos y de la igualdad de g\u00e9nero,<\/p>\n\n\n\n<p class=\"wp-block-paragraph\">La diputada priista Ana Lilia Herrera Anzaldo dijo que convocar a las figuras de Sor Juana e Ifigenia Mart\u00ednez representa la necesidad de reivindicaci\u00f3n, justicia y visibilidad de las mujeres.&nbsp;<\/p>\n\n\n\n<p class=\"wp-block-paragraph\">En la \u00e9poca de Ifigenia fue vivir luchando por el reconocimiento de las ideas y aspirar a un salario igual, hoy es mirar con azoro c\u00f3mo se desmantelan los programas e instituciones de protecci\u00f3n a nuestros derechos. \u201cHoy existe frustraci\u00f3n, pero nunca resignaci\u00f3n. Seguiremos insistiendo y proponiendo que se act\u00fae y restituyan los derechos esenciales\u201d.<br><\/p>\n","protected":false},"excerpt":{"rendered":"<p>Elda Montiel SemM\u00e9xico. Cd. de M\u00e9xico. 7 de marzo de 2019.- Fortalecer y reivindicar los derechos de las mujeres en temas de igualdad salarial y laboral, la no criminalizaci\u00f3n de las mujeres por decidir sobre su cuerpo, el matrimonio y el trabajo infantil, las violencias feminicida y la pol\u00edtica en raz\u00f3n de g\u00e9nero fue el [&hellip;]<\/p>\n","protected":false},"author":3,"featured_media":3507,"comment_status":"open","ping_status":"open","sticky":false,"template":"","format":"standard","meta":{"_monsterinsights_skip_tracking":false,"footnotes":""},"categories":[690,50],"tags":[],"class_list":["post-3503","post","type-post","status-publish","format-standard","has-post-thumbnail","category-690","category-congreso"],"_links":{"self":[{"href":"https:\/\/redsemlac.com\/semmexico\/wp-json\/wp\/v2\/posts\/3503","targetHints":{"allow":["GET"]}}],"collection":[{"href":"https:\/\/redsemlac.com\/semmexico\/wp-json\/wp\/v2\/posts"}],"about":[{"href":"https:\/\/redsemlac.com\/semmexico\/wp-json\/wp\/v2\/types\/post"}],"author":[{"embeddable":true,"href":"https:\/\/redsemlac.com\/semmexico\/wp-json\/wp\/v2\/users\/3"}],"replies":[{"embeddable":true,"href":"https:\/\/redsemlac.com\/semmexico\/wp-json\/wp\/v2\/comments?post=3503"}],"version-history":[{"count":0,"href":"https:\/\/redsemlac.com\/semmexico\/wp-json\/wp\/v2\/posts\/3503\/revisions"}],"wp:featuredmedia":[{"embeddable":true,"href":"https:\/\/redsemlac.com\/semmexico\/wp-json\/wp\/v2\/media\/3507"}],"wp:attachment":[{"href":"https:\/\/redsemlac.com\/semmexico\/wp-json\/wp\/v2\/media?parent=3503"}],"wp:term":[{"taxonomy":"category","embeddable":true,"href":"https:\/\/redsemlac.com\/semmexico\/wp-json\/wp\/v2\/categories?post=3503"},{"taxonomy":"post_tag","embeddable":true,"href":"https:\/\/redsemlac.com\/semmexico\/wp-json\/wp\/v2\/tags?post=3503"}],"curies":[{"name":"wp","href":"https:\/\/api.w.org\/{rel}","templated":true}]}}