{"id":35022,"date":"2021-05-05T13:49:42","date_gmt":"2021-05-05T19:49:42","guid":{"rendered":"https:\/\/redsemlac.com\/semmexico\/?p=35022"},"modified":"2023-07-21T16:59:20","modified_gmt":"2023-07-21T21:59:20","slug":"manana-entregaran-la-medalla-al-merito-hermila-galindo-2020-otorgada-por-el-congreso-de-la-ciudad-de-mexico","status":"publish","type":"post","link":"https:\/\/redsemlac.com\/semmexico\/manana-entregaran-la-medalla-al-merito-hermila-galindo-2020-otorgada-por-el-congreso-de-la-ciudad-de-mexico\/","title":{"rendered":"Ma\u00f1ana entregar\u00e1n la Medalla al M\u00e9rito Hermila Galindo 2020, otorgada por el Congreso de la Ciudad de M\u00e9xico"},"content":{"rendered":"\n<ul class=\"wp-block-list\"><li><strong>Se distingue a organizaciones y mujeres destacadas por su tarea en favor de los derechos humanos y la no discriminaci\u00f3n<\/strong><\/li><\/ul>\n\n\n\n<ul class=\"wp-block-list\"><li><strong>Puede seguirse la ceremonia v\u00eda remota por los canales y redes oficiales de la C\u00e1mara de Diputados de la capital del pa\u00eds<\/strong><\/li><\/ul>\n\n\n\n<p class=\"wp-block-paragraph\"><strong>Elda Montiel<\/strong><\/p>\n\n\n\n<p class=\"wp-block-paragraph\">SemM\u00e9xico, Cd. de M\u00e9xico, 5 de mayo, 2021.- Ma\u00f1ana, 6 de mayo se entregaran en Sesi\u00f3n Solemne, a cinco mujeres y dos organizaciones &nbsp;la Medalla al M\u00e9rito Hermila Galindo 2020, en el recinto de la C\u00e1mara de Diputados de la Ciudad de M\u00e9xico. Entre las distinguidas est\u00e1 la periodista, Sara Lovera L\u00f3pez, directora de SemM\u00e9xico.<\/p>\n\n\n\n<p class=\"wp-block-paragraph\">La Sesi\u00f3n Solemne dar\u00e1 inicio a las 9 de la ma\u00f1ana, y podr\u00e1 seguirse v\u00eda remota a trav\u00e9s de los\u00a0 canales y redes sociales oficiales del Congreso. Facebook y Twitter: @CongresoCDMX <\/p>\n\n\n\n<p class=\"wp-block-paragraph\">&nbsp;La medalla al M\u00e9rito Hermila Galindo 2020 reconoce &nbsp;la valent\u00eda, dedicaci\u00f3n, fuerza y empat\u00eda con las causas sociales que benefician a las mujeres e impactan en otros sectores de la poblaci\u00f3n. &nbsp;<\/p>\n\n\n\n<p class=\"wp-block-paragraph\">El Congreso de la Ciudad de M\u00e9xico, a trav\u00e9s de la Comisi\u00f3n de Igualdad de G\u00e9nero, otorga este &nbsp;reconocimiento por fomentar la educaci\u00f3n a las mujeres a trav\u00e9s de activa labor en los medios de comunicaci\u00f3n escritos y digitales a la periodista feminista Sara Lovera L\u00f3pez, directora de SemM\u00e9xico y Coordinadora regional del Servicio de Noticias en Am\u00e9rica Latina y el Caribe (SEMLac). Se dice que por su labor en la promoci\u00f3n, hasta ahora, de un periodismo incluyente e influyente, para garantizar los derechos y el conocimiento de las mexicanas.<\/p>\n\n\n\n<p class=\"wp-block-paragraph\">Su columna semanal, Palabra de Ant\u00edgona, se publica cada semana en las publicaciones de la Organizaci\u00f3n Editorial Mexicana OEM, en 47 diarios de la Rep\u00fablica, sus portales digitales, en SemM\u00e9xico y en &nbsp;p\u00e1ginas de mujeres, blogs, revistas electr\u00f3nicas y se distribuye internacionalmente.<\/p>\n\n\n\n<p class=\"wp-block-paragraph\">A la activista Laura Mart\u00ednez Rodr\u00edguez por su trabajo a favor de las mujeres que se mantiene en pie de lucha por la atenci\u00f3n y erradicaci\u00f3n de la violencia en contra de las mujeres, fundadora de &nbsp;ADIVAC MEXICO, organizaci\u00f3n que brinda diversos servicios con perspectiva de g\u00e9nero.<\/p>\n\n\n\n<p class=\"wp-block-paragraph\">Al Centro de Apoyo a la Mujer Margarita Mag\u00f3n A.C por defender los derechos humanos de las mujeres.<\/p>\n\n\n\n<p class=\"wp-block-paragraph\">Teresa Ixchel Alonso Garc\u00eda, campeona nacional de nado sincronizado, quien, desde sus redes sociales, dio origen al movimiento \u201cNi una Atleta M\u00e1s\u201d a favor de las atletas mexicanas v\u00edctimas de violencia al interior de sus equipos e instituciones.<\/p>\n\n\n\n<p class=\"wp-block-paragraph\">A Guadalupe Arellano Rosas y a la Red de Abogadas Violeta, las dos por fomentar el acceso de las mujeres a la planta laboral en igualdad de condiciones que los hombres e impulsar la participaci\u00f3n de las mujeres en el \u00e1mbito p\u00fablico.<\/p>\n\n\n\n<p class=\"wp-block-paragraph\">La distinci\u00f3n, &nbsp;creada&nbsp; en&nbsp; 2017 reconoce &nbsp;a las mujeres que a trav\u00e9s de su trabajo, activismo y trayectoria han destacado en la defensa, impulso, fomento y promoci\u00f3n del ejercicio efectivo de los derechos humanos de las mujeres y la igualdad sustantiva en la metr\u00f3poli.<\/p>\n\n\n\n<p class=\"wp-block-paragraph\">Hermila Galindo simboliza la lucha de las mexicanas por el voto universal y la participaci\u00f3n pol\u00edtica. Fue una &nbsp;periodista y constitucionalista que &nbsp;empuj\u00f3, a trav\u00e9s de la publicaci\u00f3n La Mujer Moderna, los derechos individuales y colectivos de las mexicanas.<\/p>\n\n\n\n<p class=\"wp-block-paragraph\">Fue una mujer &nbsp;tenaz cr\u00edtica al patriarcado, se adelant\u00f3 a su tiempo y fue capaz de mirar la importancia del futuro y las libertades de las mujeres.<\/p>\n\n\n\n<p class=\"wp-block-paragraph\">&nbsp;Se present\u00f3 a las elecciones, sin llegar a la curul, pero tambi\u00e9n, desde ah\u00ed inaugur\u00f3 la vigilancia ciudadana al actuar de los pol\u00edticos. Pudo vivir para ver cuando las mexicanas accedimos al derecho al voto y ser votadas. Fue una mujer de pensamiento visionario que afirmaba que la igualdad pol\u00edtica deb\u00eda extenderse a la educaci\u00f3n, al trabajo y al reconocimiento de sus derechos sexuales y reproductivos.<\/p>\n","protected":false},"excerpt":{"rendered":"<p>La Sesi\u00f3n Solemne dar\u00e1 inicio a las 9 de la ma\u00f1ana, y podr\u00e1 seguirse v\u00eda remota a trav\u00e9s de los  canales y redes sociales oficiales del Congreso.<\/p>\n","protected":false},"author":3,"featured_media":35023,"comment_status":"open","ping_status":"open","sticky":false,"template":"","format":"standard","meta":{"_monsterinsights_skip_tracking":false,"footnotes":""},"categories":[692,50],"tags":[],"class_list":["post-35022","post","type-post","status-publish","format-standard","has-post-thumbnail","category-692","category-congreso"],"_links":{"self":[{"href":"https:\/\/redsemlac.com\/semmexico\/wp-json\/wp\/v2\/posts\/35022","targetHints":{"allow":["GET"]}}],"collection":[{"href":"https:\/\/redsemlac.com\/semmexico\/wp-json\/wp\/v2\/posts"}],"about":[{"href":"https:\/\/redsemlac.com\/semmexico\/wp-json\/wp\/v2\/types\/post"}],"author":[{"embeddable":true,"href":"https:\/\/redsemlac.com\/semmexico\/wp-json\/wp\/v2\/users\/3"}],"replies":[{"embeddable":true,"href":"https:\/\/redsemlac.com\/semmexico\/wp-json\/wp\/v2\/comments?post=35022"}],"version-history":[{"count":0,"href":"https:\/\/redsemlac.com\/semmexico\/wp-json\/wp\/v2\/posts\/35022\/revisions"}],"wp:featuredmedia":[{"embeddable":true,"href":"https:\/\/redsemlac.com\/semmexico\/wp-json\/wp\/v2\/media\/35023"}],"wp:attachment":[{"href":"https:\/\/redsemlac.com\/semmexico\/wp-json\/wp\/v2\/media?parent=35022"}],"wp:term":[{"taxonomy":"category","embeddable":true,"href":"https:\/\/redsemlac.com\/semmexico\/wp-json\/wp\/v2\/categories?post=35022"},{"taxonomy":"post_tag","embeddable":true,"href":"https:\/\/redsemlac.com\/semmexico\/wp-json\/wp\/v2\/tags?post=35022"}],"curies":[{"name":"wp","href":"https:\/\/api.w.org\/{rel}","templated":true}]}}