{"id":35016,"date":"2021-05-05T12:01:05","date_gmt":"2021-05-05T18:01:05","guid":{"rendered":"https:\/\/redsemlac.com\/semmexico\/?p=35016"},"modified":"2023-07-21T16:59:20","modified_gmt":"2023-07-21T21:59:20","slug":"las-y-los-combatientes-de-incendios-heroinas-y-heroes-cuyo-trabajo-no-es-reconocido","status":"publish","type":"post","link":"https:\/\/redsemlac.com\/semmexico\/las-y-los-combatientes-de-incendios-heroinas-y-heroes-cuyo-trabajo-no-es-reconocido\/","title":{"rendered":"Las y los combatientes de incendios, hero\u00ednas y h\u00e9roes cuyo trabajo no es reconocido"},"content":{"rendered":"\n<ul class=\"wp-block-list\"><li><strong>Entrevista a Magaly Palacios Santiago, llam\u00f3 a productores agropecuarios a tener precauci\u00f3n y velar por la riqueza forestal<\/strong><\/li><li><strong>Oaxaca: 153 incendios en un a\u00f1o; en el pa\u00eds, s\u00f3lo la \u00faltima semana&nbsp; 253 en 18 entidades de la Rep\u00fablica<\/strong><\/li><\/ul>\n\n\n\n<p class=\"wp-block-paragraph\"><strong>Patricia Brise\u00f1o<\/strong><\/p>\n\n\n\n<p class=\"wp-block-paragraph\">SemM\u00e9xico, Oaxaca, Oax., 5 de mayo, 2021.-&nbsp; Magaly Palacios Santiago, mixteca de 28 a\u00f1os, combatiente de incendios forestales de la Comisi\u00f3n Nacional Forestal (Conafor) defini\u00f3 su trabajo como apasionante, \u201cpues se requieren nervios de acero para mantenerte en alerta y tranquilo, para dominar el tri\u00e1ngulo del fuego: calor, ox\u00edgeno y combustible\u201d.<\/p>\n\n\n\n<p class=\"wp-block-paragraph\">La joven brigadista coment\u00f3 que este es de un trabajo de riesgo por el simple hecho de enfrentar&nbsp; el fuego; para ello, pasan muchos d\u00edas, incluso meses lejos de sus hogares ya sea en actividades de prevenci\u00f3n o en la l\u00ednea de fuego, trabajando para extinguir los incendios.<\/p>\n\n\n\n<p class=\"wp-block-paragraph\">Entrevistada en el marco del D\u00eda Internacional del combatiente de incendios forestales, Magaly no lo celebr\u00f3 pues enfrent\u00f3, junto con sus compa\u00f1eros, una conflagraci\u00f3n en inmediaciones en el paraje El Polvor\u00edn, de la ciudad de Tlaxiaco, y&nbsp; esta madrugada partir\u00e1 al municipio de Coicoy\u00e1n de las Flores a sumarse a las labores de combate.<\/p>\n\n\n\n<figure class=\"wp-block-gallery columns-2 is-cropped wp-block-gallery-1 is-layout-flex wp-block-gallery-is-layout-flex\"><ul class=\"blocks-gallery-grid\"><li class=\"blocks-gallery-item\"><figure><a href=\"https:\/\/redsemlac.com\/semmexico\/wp-content\/uploads\/2021\/05\/WhatsApp-Image-2021-05-05-at-12.21.20-PM.jpeg\"><img decoding=\"async\" src=\"https:\/\/redsemlac.com\/semmexico\/wp-content\/uploads\/2021\/05\/WhatsApp-Image-2021-05-05-at-12.21.20-PM-1024x768.jpeg\" alt=\"\" data-id=\"35019\" data-full-url=\"https:\/\/redsemlac.com\/semmexico\/wp-content\/uploads\/2021\/05\/WhatsApp-Image-2021-05-05-at-12.21.20-PM.jpeg\" data-link=\"https:\/\/redsemlac.com\/semmexico\/?attachment_id=35019\" class=\"wp-image-35019\"\/><\/a><\/figure><\/li><li class=\"blocks-gallery-item\"><figure><a href=\"https:\/\/redsemlac.com\/semmexico\/wp-content\/uploads\/2021\/05\/WhatsApp-Image-2021-05-05-at-12.21.19-PM.jpeg\"><img loading=\"lazy\" decoding=\"async\" width=\"750\" height=\"1000\" src=\"https:\/\/redsemlac.com\/semmexico\/wp-content\/uploads\/2021\/05\/WhatsApp-Image-2021-05-05-at-12.21.19-PM.jpeg\" alt=\"\" data-id=\"35018\" data-full-url=\"https:\/\/redsemlac.com\/semmexico\/wp-content\/uploads\/2021\/05\/WhatsApp-Image-2021-05-05-at-12.21.19-PM.jpeg\" data-link=\"https:\/\/redsemlac.com\/semmexico\/?attachment_id=35018\" class=\"wp-image-35018\"\/><\/a><\/figure><\/li><\/ul><\/figure>\n\n\n\n<p class=\"wp-block-paragraph\">\u201cEl grupo de brigadistas debemos tomar en cuenta medidas durante el combate: informarnos sobre las condiciones del clima; comportamiento del incendio; conservar la comunicaci\u00f3n con tus compa\u00f1eros, jefes y fuerzas adjuntas de la brigada y tener control a toda hora, sobre el equipo que traes contigo, que incluye tu herramienta\u201d.<\/p>\n\n\n\n<p class=\"wp-block-paragraph\">La integrante del campamento de la ciudad de Tlaxiaco, consider\u00f3 que las y los combatientes de incendios, incluidos bomberos y elementos del ej\u00e9rcito,&nbsp; son hero\u00ednas y&nbsp; h\u00e9roes an\u00f3nimos que acuden a cada llamado sin que su trabajo sea reconocido, a pesar de los riesgos que conlleva enfrentarse al fuego.<\/p>\n\n\n\n<p class=\"wp-block-paragraph\">\u201cEs importante hacer un llamado a los productores agropecuarios a realizar con precauci\u00f3n las acciones de tumba y roza, debido a que es la principal causa de los incendios, seguido de actividades relacionadas a la caza, cultivos il\u00edcitos, fogatas, fumadores, quema de basura, entre otras\u201d, convoc\u00f3.<\/p>\n\n\n\n<p class=\"wp-block-paragraph\">Desde 1998, el cuatro de mayo, se conmemora el D\u00eda internacional del combatiente de incendios forestales, a ra\u00edz de la muerte de cinco voluntarios que perdieron la vida durante el combate de un incendio en Linton, Australia.<\/p>\n\n\n\n<p class=\"wp-block-paragraph\">\u201cLos combatientes son h\u00e9roes y hero\u00ednas an\u00f3nimos que arriesgan su vida con su labor ardua y comprometida para la protecci\u00f3n de los recursos forestales. Entregados en tan noble esfuerzo y en memoria de los compa\u00f1eros ca\u00eddos\u201d, resalt\u00f3 el director de la Comisi\u00f3n Estatal Forestal de Oaxaca (Coesfo), Aar\u00f3n Ju\u00e1rez Cruz.&nbsp;<\/p>\n\n\n\n<p class=\"wp-block-paragraph\">De acuerdo con la estad\u00edstica de la Coesfo en el transcurso del presente a\u00f1o, los combatientes han atendido 153 incendios, con un saldo estimado de m\u00e1s de 19 mil hect\u00e1reas siniestradas de matorral, producto forestal no maderable, y en menor medida ecosistemas sensibles y producto forestal maderable.<\/p>\n\n\n\n<p class=\"wp-block-paragraph\">En las tareas de combate y control de los incendios se report\u00f3 la participaci\u00f3n de&nbsp; m\u00e1s 15&nbsp; mil participantes en distintos momentos, incluyendo la l\u00ednea de fuego, y otros en la l\u00ednea de control; con una duraci\u00f3n de tres a cinco d\u00edas, aunque algunos ascendi\u00f3 a 10 d\u00edas, y descansos de menos de ocho horas, para dormir, comer e hidratarse.<\/p>\n\n\n\n<p class=\"wp-block-paragraph\">Ju\u00e1rez Cruz destac\u00f3 el valor de cada uno de los 152 combatientes de la Coesfo; los&nbsp; 64, de&nbsp; la Comisi\u00f3n Nacional Forestal (Conafor), y 24 de la Comisi\u00f3n de&nbsp; \u00c1reas Naturales Protegidas, adem\u00e1s de los soldados de la Secretar\u00eda de la Defensa Nacional.&nbsp;<\/p>\n\n\n\n<p class=\"wp-block-paragraph\">Tambi\u00e9n mencion\u00f3 el auxilio de la Coordinaci\u00f3n Estatal de Protecci\u00f3n Civil, brigadas rurales y Cuerpo de Bomberos, entre otras instituciones.<\/p>\n\n\n\n<p class=\"wp-block-paragraph\">Mujeres y hombres combatientes de incendios forestales y t\u00e9cnicos en el manejo de fuego en Oaxaca enfrentan los siniestros, evitan que las llamas se extiendan de manera descontrolada y afecte los bosques y selvas, por lo que la celebraci\u00f3n por su d\u00eda quedar\u00e1 pendiente para otro momento.<\/p>\n\n\n\n<h2 class=\"wp-block-heading\"><strong>El dato<\/strong><\/h2>\n\n\n\n<p class=\"wp-block-paragraph\">CONAGUA informa: Datos de la semana del 23 al 29 de&nbsp;<strong>abril<\/strong>&nbsp;de&nbsp;<strong>2021<\/strong>. Se presentaron 253&nbsp;<strong>incendios forestales<\/strong>&nbsp;en 18 entidades federativas, afectando un total de 17 mil 760 hect\u00e1reas. Las entidades federativas m\u00e1s afectadas fueron: Chihuahua, Michoac\u00e1n, Durango, Chiapas y Nayarit. Del total de superficie quemada en la semana, 448 hect\u00e1reas.<\/p>\n","protected":false},"excerpt":{"rendered":"<p>Entrevista a Magaly Palacios Santiago, llam\u00f3 a productores agropecuarios a tener precauci\u00f3n y velar por la riqueza forestal<\/p>\n","protected":false},"author":3,"featured_media":35017,"comment_status":"open","ping_status":"open","sticky":false,"template":"","format":"standard","meta":{"_monsterinsights_skip_tracking":false,"footnotes":""},"categories":[692,54],"tags":[],"class_list":["post-35016","post","type-post","status-publish","format-standard","has-post-thumbnail","category-692","category-mujeres"],"_links":{"self":[{"href":"https:\/\/redsemlac.com\/semmexico\/wp-json\/wp\/v2\/posts\/35016","targetHints":{"allow":["GET"]}}],"collection":[{"href":"https:\/\/redsemlac.com\/semmexico\/wp-json\/wp\/v2\/posts"}],"about":[{"href":"https:\/\/redsemlac.com\/semmexico\/wp-json\/wp\/v2\/types\/post"}],"author":[{"embeddable":true,"href":"https:\/\/redsemlac.com\/semmexico\/wp-json\/wp\/v2\/users\/3"}],"replies":[{"embeddable":true,"href":"https:\/\/redsemlac.com\/semmexico\/wp-json\/wp\/v2\/comments?post=35016"}],"version-history":[{"count":0,"href":"https:\/\/redsemlac.com\/semmexico\/wp-json\/wp\/v2\/posts\/35016\/revisions"}],"wp:featuredmedia":[{"embeddable":true,"href":"https:\/\/redsemlac.com\/semmexico\/wp-json\/wp\/v2\/media\/35017"}],"wp:attachment":[{"href":"https:\/\/redsemlac.com\/semmexico\/wp-json\/wp\/v2\/media?parent=35016"}],"wp:term":[{"taxonomy":"category","embeddable":true,"href":"https:\/\/redsemlac.com\/semmexico\/wp-json\/wp\/v2\/categories?post=35016"},{"taxonomy":"post_tag","embeddable":true,"href":"https:\/\/redsemlac.com\/semmexico\/wp-json\/wp\/v2\/tags?post=35016"}],"curies":[{"name":"wp","href":"https:\/\/api.w.org\/{rel}","templated":true}]}}