{"id":3501,"date":"2017-10-18T18:58:08","date_gmt":"2017-10-18T18:58:08","guid":{"rendered":"https:\/\/redsemlac.com\/semmexico\/?p=3501"},"modified":"2023-07-21T14:25:11","modified_gmt":"2023-07-21T19:25:11","slug":"seguro-de-desempleo-para-personas-con-discapacidad-por-sismo-en-cdmx","status":"publish","type":"post","link":"https:\/\/redsemlac.com\/semmexico\/seguro-de-desempleo-para-personas-con-discapacidad-por-sismo-en-cdmx\/","title":{"rendered":"Seguro de Desempleo para personas con discapacidad por sismo en CDMX"},"content":{"rendered":"\n<p class=\"wp-block-paragraph\">Familiares de v\u00edctimas del terremoto deben tramitar la indemnizaci\u00f3n donde trabajaban<\/p>\n\n\n\n<h5 class=\"wp-block-heading\"> Tambi\u00e9n se les respalda con capacitaci\u00f3n y v\u00ednculo laboral para obtener trabajo: Amalia Garc\u00eda<\/h5>\n\n\n\n<p class=\"wp-block-paragraph\"><a href=\"https:\/\/semmexico.com\/gallery-post.php?id=3226#\">Redacci\u00f3n<\/a><\/p>\n\n\n\n<p class=\"wp-block-paragraph\">SemM\u00e9xico, Cd. de M\u00e9xico, 18 octubre 2017.- Todas las personas que sufrieron una discapacidad temporal o permanente podr\u00e1n beneficiarse del Seguro de Desempleo \u201cy la decisi\u00f3n es que a estas personas se les respalde no s\u00f3lo con el Seguro de Desempleo sino con la capacitaci\u00f3n y el v\u00ednculo laboral puedan incorporarse a tener un trabajo\u201d. As\u00ed lo dio a conocer Amalia Garc\u00eda Medina, titular de la Secretar\u00eda de Trabajo durante la inauguraci\u00f3n de la Feria de Empleo para atenci\u00f3n a grupos prioritarios en la explanada de la delegaci\u00f3n Venustiano Carranza. Ah\u00ed se ofertaron 700 plazas laborales en distintos sectores econ\u00f3micos como hoteler\u00eda, restaurantero, industrial, entre otros los que est\u00e1n a disposici\u00f3n a trav\u00e9s de 60 empresas que participan dentro de esta feria. Garc\u00eda Medina se\u00f1al\u00f3 que como parte de los trabajos de reconstrucci\u00f3n de la capital del pa\u00eds, a consecuencia del sismo del 19 de septiembre, las personas con oficios como carpinter\u00eda, electricidad, herrer\u00eda, plomer\u00eda entre otros y que busquen trabajo puedan incorporarse a las fuentes de empleo temporal que ofrece esta dependencia mediante los m\u00f3dulos instalados en las 16 delegaciones. \u201cEntre las capacitaciones adicionales que daremos a las personas que ya tienen un oficio por ejemplo en plomer\u00eda, alba\u00f1iler\u00eda y dem\u00e1s, tambi\u00e9n en la colocaci\u00f3n de paneles y calentadores solares\u201d, dijo. Amalia Garc\u00eda resalt\u00f3 que estas ferias del empleo brindan no s\u00f3lo la oportunidad de colocar a las personas en un trabajo sino de capacitarlas para lograr un mejor desempe\u00f1o. Asimismo, la Secretaria de Trabajo CDMX hizo un llamado a los familiares de las v\u00edctimas del sismo del 19 de septiembre que contaban con seguridad social para que soliciten las indemnizaciones correspondientes y a las personas fallecidas que carec\u00edan de ella, sus familiares pueden exigir de igual forma al empleador o la empresa, la indemnizaci\u00f3n hasta por 5 mil d\u00edas de salario m\u00ednimo. SEM\/gr\/lr<\/p>\n","protected":false},"excerpt":{"rendered":"<p>Familiares de v\u00edctimas del terremoto deben tramitar la indemnizaci\u00f3n donde trabajaban Tambi\u00e9n se les respalda con capacitaci\u00f3n y v\u00ednculo laboral para obtener trabajo: Amalia Garc\u00eda Redacci\u00f3n SemM\u00e9xico, Cd. de M\u00e9xico, 18 octubre 2017.- Todas las personas que sufrieron una discapacidad temporal o permanente podr\u00e1n beneficiarse del Seguro de Desempleo \u201cy la decisi\u00f3n es que a [&hellip;]<\/p>\n","protected":false},"author":3,"featured_media":3504,"comment_status":"open","ping_status":"open","sticky":false,"template":"","format":"standard","meta":{"_monsterinsights_skip_tracking":false,"footnotes":""},"categories":[687,42],"tags":[],"class_list":["post-3501","post","type-post","status-publish","format-standard","has-post-thumbnail","category-687","category-sismos-y-reconstruccion"],"_links":{"self":[{"href":"https:\/\/redsemlac.com\/semmexico\/wp-json\/wp\/v2\/posts\/3501","targetHints":{"allow":["GET"]}}],"collection":[{"href":"https:\/\/redsemlac.com\/semmexico\/wp-json\/wp\/v2\/posts"}],"about":[{"href":"https:\/\/redsemlac.com\/semmexico\/wp-json\/wp\/v2\/types\/post"}],"author":[{"embeddable":true,"href":"https:\/\/redsemlac.com\/semmexico\/wp-json\/wp\/v2\/users\/3"}],"replies":[{"embeddable":true,"href":"https:\/\/redsemlac.com\/semmexico\/wp-json\/wp\/v2\/comments?post=3501"}],"version-history":[{"count":0,"href":"https:\/\/redsemlac.com\/semmexico\/wp-json\/wp\/v2\/posts\/3501\/revisions"}],"wp:featuredmedia":[{"embeddable":true,"href":"https:\/\/redsemlac.com\/semmexico\/wp-json\/wp\/v2\/media\/3504"}],"wp:attachment":[{"href":"https:\/\/redsemlac.com\/semmexico\/wp-json\/wp\/v2\/media?parent=3501"}],"wp:term":[{"taxonomy":"category","embeddable":true,"href":"https:\/\/redsemlac.com\/semmexico\/wp-json\/wp\/v2\/categories?post=3501"},{"taxonomy":"post_tag","embeddable":true,"href":"https:\/\/redsemlac.com\/semmexico\/wp-json\/wp\/v2\/tags?post=3501"}],"curies":[{"name":"wp","href":"https:\/\/api.w.org\/{rel}","templated":true}]}}