{"id":34977,"date":"2021-05-04T10:42:22","date_gmt":"2021-05-04T16:42:22","guid":{"rendered":"https:\/\/redsemlac.com\/semmexico\/?p=34977"},"modified":"2023-07-21T16:59:21","modified_gmt":"2023-07-21T21:59:21","slug":"proponen-cambiar-nombre-de-las-camaras-a-camara-de-diputadas-y-diputados-y-camara-de-senadoras-y-senadores","status":"publish","type":"post","link":"https:\/\/redsemlac.com\/semmexico\/proponen-cambiar-nombre-de-las-camaras-a-camara-de-diputadas-y-diputados-y-camara-de-senadoras-y-senadores\/","title":{"rendered":"Proponen cambiar nombre de las c\u00e1maras a C\u00e1mara de Diputadas y Diputados y C\u00e1mara de Senadoras y Senadores"},"content":{"rendered":"\n<ul class=\"wp-block-list\"><li><strong>Se queda sin mayor\u00eda Morena en Comisi\u00f3n Permanente del Senado<\/strong><\/li><\/ul>\n\n\n\n<p class=\"wp-block-paragraph\"><strong>Elda Montiel<\/strong><\/p>\n\n\n\n<p class=\"wp-block-paragraph\">SemM\u00e9xico, Cd. de M\u00e9xico, 04 de mayo 2021.- Ante la evoluci\u00f3n de la sociedad mexicana, el lenguaje debe revolucionarse con el objetivo de reflejar la igualdad, inclusi\u00f3n y&nbsp; g\u00e9nero en el Congreso de la Uni\u00f3n\u201d, consider\u00f3 la senadora Giovanna Ba\u00f1uelos de la Torre al proponer modificar el nombre de las C\u00e1maras que integran el Congreso de la Uni\u00f3n.<\/p>\n\n\n\n<p class=\"wp-block-paragraph\">Propone modificar la denominaci\u00f3n de las c\u00e1maras que componen al Poder Legislativo Federal, al pasar de C\u00e1mara de Diputados a C\u00e1mara de Diputadas y Diputados y al transitar de C\u00e1mara de Senadores a C\u00e1mara de Senadoras y Senadores\u201d. &nbsp;<\/p>\n\n\n\n<p class=\"wp-block-paragraph\">Precis\u00f3 que mediante una iniciativa que pretende reformar el art\u00edculo 50 de la Constituci\u00f3n Pol\u00edtica de los Estados Unidos Mexicanos para modificar el nombre de las c\u00e1maras que integran al Congreso de la Uni\u00f3n. La iniciativa fue turna a las comisiones unidas de Puntos Constitucionales y de Estudios Legislativos, segunda, para su an\u00e1lisis y posterior dictamen.&nbsp;<\/p>\n\n\n\n<p class=\"wp-block-paragraph\">La coordinadora del Grupo Parlamentario del Partido del Trabajo se\u00f1ala que las mujeres fueron excluidas del Constituyente Originario por lo que la Constituci\u00f3n actual se encuentra redactada en lenguaje masculino.&nbsp;<\/p>\n\n\n\n<p class=\"wp-block-paragraph\">&nbsp;\u201cEn la culminaci\u00f3n de esta hist\u00f3rica legislatura es preciso fortalecer la lucha feminista en contra del patriarcado y utilizar el lenguaje como un s\u00edmbolo y forma de pensar. Por ello,&nbsp;<\/p>\n\n\n\n<p class=\"wp-block-paragraph\">\u201cEs momento de dar un paso m\u00e1s\u201d.&nbsp;<\/p>\n\n\n\n<p class=\"wp-block-paragraph\">Adem\u00e1s, reconoce una serie de reformas para homologar el lenguaje, a\u00fan no realiza una armonizaci\u00f3n integral del texto constitucional. &nbsp;<\/p>\n\n\n\n<p class=\"wp-block-paragraph\">\u201cHay que decirlo de manera clara y contundente: la Cuarta Transformaci\u00f3n de la Rep\u00fablica debe ser feminista o no ser\u00e1. Los grupos parlamentarios, senadoras y senadores que pertenecen a la coalici\u00f3n tenemos la obligaci\u00f3n de escuchar las demandas leg\u00edtimas de las mujeres de nuestro pa\u00eds\u201d, sostiene la legisladora.&nbsp;&nbsp;&nbsp;<\/p>\n\n\n\n<p class=\"wp-block-paragraph\">En el documento inscrito en la Gaceta Parlamentaria del Senado, Geovanna Ba\u00f1uelos resalta que las mujeres en M\u00e9xico se enfrentan a un sinn\u00famero de obst\u00e1culos para participar tanto en la vida profesional como en la vida p\u00fablica de M\u00e9xico. <\/p>\n\n\n\n<p class=\"wp-block-paragraph\">\u201cHist\u00f3ricamente, las mujeres fuimos y continuamos siendo obligadas o presionadas a quedarnos en casa, con nuestra voz silenciada, acosadas y hostigadas, v\u00edctimas de violencia de g\u00e9nero e intrafamiliar, recibiendo un salario menor por trabajo igual al que el de los hombres y finalmente, nos topamos con el denominado techo de cristal\u201d, apunta. &nbsp;<\/p>\n\n\n\n<p class=\"wp-block-paragraph\">Destac\u00f3 que con la llegada a la Presidencia de la Rep\u00fablica, Andr\u00e9s Manuel L\u00f3pez Obrador, se conform\u00f3 el primer gabinete paritario en la historia de M\u00e9xico. Se vive el nombramiento de la primera secretaria de Gobernaci\u00f3n, la ministra en retiro y senadora de la Rep\u00fablica con licencia Olga S\u00e1nchez Cordero. &nbsp;<\/p>\n\n\n\n<p class=\"wp-block-paragraph\">En el caso del Poder Legislativo, actualmente, la C\u00e1mara de Diputados se encuentra en sexto lugar mundial en materia de paridad de g\u00e9nero, incluso superando a Suecia u otros pa\u00edses desarrollados. &nbsp;<\/p>\n\n\n\n<p class=\"wp-block-paragraph\">El 48.2 por ciento del Poder Legislativo Federal lo ocupan mujeres, con 63 senadoras y 241 diputadas federales.&nbsp;&nbsp;Debido a la actual composici\u00f3n del Congreso de la Uni\u00f3n, se le denomin\u00f3 a la LXIV Legislatura: la Legislatura de la Paridad de G\u00e9nero. &nbsp;<\/p>\n\n\n\n<h2 class=\"wp-block-heading\"><strong>Morena se queda sin mayor\u00eda en la Comisi\u00f3n Permanente del Senado<\/strong><\/h2>\n\n\n\n<p class=\"wp-block-paragraph\">El Senado de la Republica acord\u00f3 la designaci\u00f3n de los senadores de la&nbsp;Comisi\u00f3n Permanentepara el segundo receso del tercer a\u00f1o del ejercicio de la&nbsp;LXIVLegislatura<strong>,<\/strong>&nbsp;que entrar\u00e1 en operaci\u00f3n luego de que cierre el actual periodo.<\/p>\n\n\n\n<p class=\"wp-block-paragraph\">Morena y sus aliados se quedaron con 11 y no 12 legisladores, y no se quedan con la mayor\u00eda calificada que se requiere para llamar y aprobar la realizaci\u00f3n de uno o varios que es el periodo de receso de la actual legislatura.<\/p>\n\n\n\n<p class=\"wp-block-paragraph\">\u00abLa pol\u00edtica se ha ponderado. El buen acuerdo y el entendimiento de los diferentes grupos hace que tengamos una Comisi\u00f3n Permanente como se esperaba y no como se especulaba\u00bb, dijo&nbsp;Eduardo Ram\u00edrez, presidente de la Mesa Directiva.&nbsp;<\/p>\n\n\n\n<p class=\"wp-block-paragraph\">De esta manera Morenase queda con 8 integrantes: Eduardo Ram\u00edrez Aguilar, Jos\u00e9 Narro, Imelda Castro, Mart\u00ed Batres, Ana Lilia Rivera; M\u00f3nica Fern\u00e1ndez, Nancy S\u00e1nchez Arredondo y Jos\u00e9 Ram\u00f3n Enr\u00edquez Herrera.<\/p>\n\n\n\n<p class=\"wp-block-paragraph\">Sus aliados del PT se quedan con&nbsp;Miguel \u00c1ngel Lucero; del PES con&nbsp;Elvia Marcela&nbsp;Mora; y&nbsp;RogelioIsrael&nbsp;Zamora Guzm\u00e1n, del PVEM. Para un total de 11 votos del bloque mayoritario.&nbsp;<\/p>\n\n\n\n<p class=\"wp-block-paragraph\">El bloque opositor PAN-PRI-PRD-MC tiene a 7 integrantes.&nbsp;El&nbsp;PANtiene 3 integrantes, senadora Kenia L\u00f3pez Rabad\u00e1n, y los senadores Dami\u00e1n Zepeda Vidales y Jes\u00fas Horacio Gonz\u00e1lez Delgadillo.<\/p>\n\n\n\n<p class=\"wp-block-paragraph\">El&nbsp;PRI&nbsp;tiene dos, senadora Claudia Ruiz Massieu y senador Manuel A\u00f1orve; MC tiene a Dante Delgado; y el PRD a Miguel \u00c1ngel Mancera Espinosa.&nbsp;<\/p>\n\n\n\n<p class=\"wp-block-paragraph\">\u00abConforme a la Constituci\u00f3n, durante los recesos del congreso de la Uni\u00f3n habr\u00e1 una Comisi\u00f3n Permanente compuesta por 37 miembros de los que 19 ser\u00e1n diputadas y diputados y 18 senadoras y senadores\u00bb, se\u00f1ala el acuerdo.<\/p>\n\n\n\n<h2 class=\"wp-block-heading\"><strong>La \u00faltima sesi\u00f3n<\/strong><\/h2>\n\n\n\n<p class=\"wp-block-paragraph\">En la \u00faltima sesi\u00f3n ordinaria del actual periodo, el Senado de la Rep\u00fablica aprob\u00f3 20 dict\u00e1menes de reformas y nuevas leyes, entre los que se destaca la regulaci\u00f3n de la publicidad, la nueva ley org\u00e1nica de la Fiscal\u00eda General de la Rep\u00fablica, para reducir la duraci\u00f3n de las concesiones de explotaci\u00f3n ferroviarias y para garantizar el derecho a la desconexi\u00f3n digital en el trabajo.<\/p>\n\n\n\n<p class=\"wp-block-paragraph\">Entre los cambios m\u00e1s pol\u00e9micos se encuentra la nueva reforma a la&nbsp;Ley de Hidrocarburos, con la cual Morena logr\u00f3 echar atr\u00e1s la reforma energ\u00e9tica de 2013, aprobada durante el sexenio de Enrique Pe\u00f1a Nieto.<\/p>\n\n\n\n<p class=\"wp-block-paragraph\">Tambi\u00e9n se aprob\u00f3 la nueva&nbsp;ley org\u00e1nica de la FGRpara que esta pueda ejercer la facultad de atracci\u00f3n de casos del fuero com\u00fan; que las v\u00edctimas podr\u00e1n solicitar a la Fiscal\u00eda General que ejerza su facultad de atracci\u00f3n, y junto con sus familias y sus representantes podr\u00e1n involucrarse en la investigaci\u00f3n de los casos.<\/p>\n\n\n\n<p class=\"wp-block-paragraph\">El Pleno aprob\u00f3, por unanimidad, una reforma al C\u00f3digo Penal Federal para eliminar la prescripci\u00f3n de los&nbsp;delitos sexuales&nbsp;contra menores de 18 a\u00f1os y asegurar que estos il\u00edcitos se puedan sancionar, sin que se extinga la responsabilidad penal por el transcurso del tiempo.&nbsp;<\/p>\n","protected":false},"excerpt":{"rendered":"<p>Se queda sin mayor\u00eda Morena en Comisi\u00f3n Permanente del Senadocon<\/p>\n","protected":false},"author":3,"featured_media":34979,"comment_status":"open","ping_status":"open","sticky":false,"template":"","format":"standard","meta":{"_monsterinsights_skip_tracking":false,"footnotes":""},"categories":[692,50],"tags":[],"class_list":["post-34977","post","type-post","status-publish","format-standard","has-post-thumbnail","category-692","category-congreso"],"_links":{"self":[{"href":"https:\/\/redsemlac.com\/semmexico\/wp-json\/wp\/v2\/posts\/34977","targetHints":{"allow":["GET"]}}],"collection":[{"href":"https:\/\/redsemlac.com\/semmexico\/wp-json\/wp\/v2\/posts"}],"about":[{"href":"https:\/\/redsemlac.com\/semmexico\/wp-json\/wp\/v2\/types\/post"}],"author":[{"embeddable":true,"href":"https:\/\/redsemlac.com\/semmexico\/wp-json\/wp\/v2\/users\/3"}],"replies":[{"embeddable":true,"href":"https:\/\/redsemlac.com\/semmexico\/wp-json\/wp\/v2\/comments?post=34977"}],"version-history":[{"count":0,"href":"https:\/\/redsemlac.com\/semmexico\/wp-json\/wp\/v2\/posts\/34977\/revisions"}],"wp:featuredmedia":[{"embeddable":true,"href":"https:\/\/redsemlac.com\/semmexico\/wp-json\/wp\/v2\/media\/34979"}],"wp:attachment":[{"href":"https:\/\/redsemlac.com\/semmexico\/wp-json\/wp\/v2\/media?parent=34977"}],"wp:term":[{"taxonomy":"category","embeddable":true,"href":"https:\/\/redsemlac.com\/semmexico\/wp-json\/wp\/v2\/categories?post=34977"},{"taxonomy":"post_tag","embeddable":true,"href":"https:\/\/redsemlac.com\/semmexico\/wp-json\/wp\/v2\/tags?post=34977"}],"curies":[{"name":"wp","href":"https:\/\/api.w.org\/{rel}","templated":true}]}}