{"id":34974,"date":"2021-05-04T10:38:48","date_gmt":"2021-05-04T16:38:48","guid":{"rendered":"https:\/\/redsemlac.com\/semmexico\/?p=34974"},"modified":"2023-07-21T16:59:21","modified_gmt":"2023-07-21T21:59:21","slug":"medidas-cautelares-retiro-de-propaganda-por-quejas-de-candidatas-ante-el-ine-por-misoginia-y-violencia-politica-en-facebook-y-twitter","status":"publish","type":"post","link":"https:\/\/redsemlac.com\/semmexico\/medidas-cautelares-retiro-de-propaganda-por-quejas-de-candidatas-ante-el-ine-por-misoginia-y-violencia-politica-en-facebook-y-twitter\/","title":{"rendered":"Medidas cautelares, retiro de propaganda por quejas de candidatas ante el INE por  misoginia  y violencia pol\u00edtica en Facebook y Twitter"},"content":{"rendered":"\n<ul class=\"wp-block-list\"><li><strong>Se aceptan cinco quejas y desechan otras &nbsp;cinco, se dictan medidas cautelares&nbsp;<\/strong><\/li><li><strong>La coordinadora de igualdad Mar\u00eda Wendy Brice\u00f1o Zuloaga s\u00ed fue atacada por razones de g\u00e9nero<\/strong><\/li><\/ul>\n\n\n\n<p class=\"wp-block-paragraph\"><strong>Elda Montiel<\/strong><\/p>\n\n\n\n<p class=\"wp-block-paragraph\">SemM\u00e9xico, Cd. de M\u00e9xico, 4 de mayo 2021.-\u00a0 De diversas quejas presentadas al Instituto Nacional Electoral (INE), cinco de ellas se declar\u00f3 \u00a0medidas cautelares y cinco m\u00e1s fueron desechadas por improcedentes.<\/p>\n\n\n\n<h2 class=\"wp-block-heading\"><strong>Facebook<\/strong><\/h2>\n\n\n\n<p class=\"wp-block-paragraph\">La candidata Mar\u00eda Wendy Brice\u00f1o Zuloaga, candidata de la coalici\u00f3n&nbsp;<em>Juntos Hacemos Historia<\/em>, conformada por los partidos Morena, del Trabajo (PT), Verde Ecologista de M\u00e9xico (PVEM) por la diputaci\u00f3n federal del 05 distrito en Hermosillo, Sonora, present\u00f3 queja en contra de Hiram Rodr\u00edguez Ledgard y otros, por la presunta comisi\u00f3n de actos constitutivos de violencia pol\u00edtica en raz\u00f3n de g\u00e9nero en su perjuicio, derivado de la difusi\u00f3n de diversas publicaciones en redes sociales, portales de difusi\u00f3n de noticias y perfiles de internautas.<\/p>\n\n\n\n<p class=\"wp-block-paragraph\">La Comisi\u00f3n estim\u00f3 la procedencia y dict\u00f3 medidas &nbsp;cautelares, por lo que orden\u00f3 a Facebook retirar de manera inmediata y en un plazo no mayor de 24 horas el comentario de Hiram Rodr\u00edguez Ledgard @entregrillosychapulines, pues, desde una \u00f3ptica preliminar, se consider\u00f3 se ejerce violencia simb\u00f3lica y psicol\u00f3gica en su perjuicio, ya que la publicaci\u00f3n refiere expresiones sutiles que refuerzan estereotipos y roles de g\u00e9nero, al referir que la quejosa tiene su oficina en un centro nocturno.<\/p>\n\n\n\n<h2 class=\"wp-block-heading\"><strong>Procedente queja de candidato contra MC por ligarlo a la secta NXIVM<\/strong><\/h2>\n\n\n\n<p class=\"wp-block-paragraph\">Francisco Arturo Federico \u00c1vila Anaya, candidato a la presidencia municipal de Aguascalientes de la coalici\u00f3n&nbsp;<em>Juntos Haremos Historia<\/em>&nbsp;<em>en<\/em>&nbsp;<em>Aguascalientes<\/em>, solicit\u00f3 el retiro de los promocionales pautados para radio y televisi\u00f3n por Movimiento Ciudadano (MC), denominados&nbsp;<em>PRESENTACI\u00d3N GABRIEL ARELLANO AG<\/em>&nbsp;(tv),&nbsp;<em>PRESENTACI\u00d3N GABRIEL ARELLANO AGS<\/em>&nbsp;(radio) y&nbsp;<em>PRESENTACI\u00d3N GABRIEL ARELLANO AGS V2<\/em>&nbsp;(radio), en los cuales considera es calumniado, al referir que particip\u00f3 en la secta NXIVM dedicada a la&nbsp;<em>trata de blancas<\/em>&nbsp;y que&nbsp;<em>marcaba a las mujeres como ganado<\/em>.<\/p>\n\n\n\n<p class=\"wp-block-paragraph\">Se orden\u00f3 el retiro inmediato de los promocionales en un plazo que no podr\u00e1 exceder de tres horas, dando la posibilidad al partido, como en todos los casos, de sustituir ese material. &nbsp;La Comisi\u00f3n consider\u00f3 bajo la apariencia del buen derecho, que esas frases no encuentran amparo en la libertad de expresi\u00f3n y el derecho a la informaci\u00f3n, ni pueden considerarse como expresiones v\u00e1lidas en el contexto de una campa\u00f1a electoral, al tratarse de la imputaci\u00f3n del delito relativo a la trata de personas.<\/p>\n\n\n\n<h2 class=\"wp-block-heading\"><strong>Facebook<\/strong><strong><\/strong><\/h2>\n\n\n\n<p class=\"wp-block-paragraph\">Se consider\u00f3 procedentes medidas cautelares en 2 de las 28 publicaciones en Facebook denunciadas por violencia simb\u00f3lica y psicol\u00f3gica por Juanita Guerra Mena candidata de Morena a diputada federal por el 03 distrito federal, con cabecera en Cuautla, Morelos.<\/p>\n\n\n\n<p class=\"wp-block-paragraph\">Se orden\u00f3 el retiro de manera inmediata de las publicaciones por considerarlas violentas pues a trav\u00e9s de expresiones sutiles se refuerzan estereotipos y roles de g\u00e9nero, transgrediendo el libre ejercicio de un derecho pol\u00edtico-electoral, en las vertientes de participaci\u00f3n pol\u00edtica y voto pasivo.<\/p>\n\n\n\n<h2 class=\"wp-block-heading\"><strong>Twitter<\/strong><\/h2>\n\n\n\n<p class=\"wp-block-paragraph\">Por otra parte, se analiz\u00f3 la queja presentada por Gabriela Georgina Jim\u00e9nez Godoy, candidata de la coalici\u00f3n Juntos Hacemos Historia a diputada federal por el Distrito 3, con cabecera en Azcapotzalco, Ciudad de M\u00e9xico, en la que denunci\u00f3 la edici\u00f3n de un video circulado en redes sociales cuya publicaci\u00f3n provoc\u00f3 la emisi\u00f3n de comentarios mis\u00f3ginos en su contra, as\u00ed como una posible calumnia al atribu\u00edrsele hechos falsos.<\/p>\n\n\n\n<p class=\"wp-block-paragraph\">La Comisi\u00f3n de Quejas y Denuncias del INE consider\u00f3 improcedente el dictado de medidas cautelares por cuanto a la calumnia, pues no se observa la imputaci\u00f3n directa y objetiva de un delito hacia la candidata.<\/p>\n\n\n\n<p class=\"wp-block-paragraph\">Sin embargo, si consider\u00f3 procedente el dictado de la medida cautelar respecto de aquellos comentarios que, de forma preliminar, s\u00ed pueden constituir violencia pol\u00edtica en raz\u00f3n de g\u00e9nero al tratarse de expresiones de \u00edndole privado, por tanto, se mandat\u00f3 a Twitter retirar de manera inmediata las publicaciones que se estimaron violentas.<\/p>\n\n\n\n<h2 class=\"wp-block-heading\"><strong>Televisi\u00f3n<\/strong><strong><\/strong><\/h2>\n\n\n\n<p class=\"wp-block-paragraph\">&nbsp;En un tercer caso, de la queja presentada por el Partido de la Revoluci\u00f3n Democr\u00e1tica (PRD) en contra del promocional denominado&nbsp;<em>SOLO UNA Y UNO PES<\/em>, pautado para televisi\u00f3n por el Partido Encuentro Solidario (PES).<\/p>\n\n\n\n<p class=\"wp-block-paragraph\">La denuncia sostuvo que no existe el consentimiento para que aparezcan en el anuncio v\u00e1lidamente menores de edad, lo que causa perjuicio al inter\u00e9s superior de la ni\u00f1ez. La Comisi\u00f3n lleg\u00f3 a la conclusi\u00f3n que en efecto aparecen dos menores de edad sin que se hubiera presentado la documentaci\u00f3n que acredite el consentimiento de quienes ejercen su patria potestad, por tanto, se concedi\u00f3 la medida cautelar y se orden\u00f3 el retiro inmediato, en un plazo m\u00e1ximo de tres horas del promocional denunciado.<\/p>\n\n\n\n<h2 class=\"wp-block-heading\"><strong>Radio<\/strong><\/h2>\n\n\n\n<p class=\"wp-block-paragraph\">En la denuncia del Partido Verde Ecologista (PVEM) en contra del promocional del PAN por considerarlo propaganda calumniosa al imputar hechos y delitos falsos encaminados a denostar y criticar a su candidato a gobernador de San Luis Potos\u00ed, Jos\u00e9 Ricardo \u201cEl Pollo\u201d Gallardo Cardona, pues el PVM aduce que no existe sentencia condenatoria por un juez penal o por autoridad competente que as\u00ed lo acredite.<\/p>\n\n\n\n<p class=\"wp-block-paragraph\">Al respecto la Comisi\u00f3n consider\u00f3 improcedentes las medidas cautelares, toda vez que la referencia que se hace en el promocional denunciado se refiere a hechos que ocurrieron en el pasado y son de dominio p\u00fablico sin que se imputen al candidato del PVEM delitos o hechos falsos, por lo que no se actualiza calumnia en materia electoral.<\/p>\n\n\n\n<p class=\"wp-block-paragraph\">No obstante, la Comisi\u00f3n advirti\u00f3 uso indebido de la pauta, pues en el promocional en su versi\u00f3n de radio aparece un partido pol\u00edtico distinto al PAN, quien fue el que lo paut\u00f3, por tanto, se estimaron procedentes las medidas, por cuanto al promocional de radio.<\/p>\n\n\n\n<h2 class=\"wp-block-heading\"><strong>Se&nbsp; retir\u00f3 promocional del PES<\/strong><\/h2>\n\n\n\n<p class=\"wp-block-paragraph\">Por \u00faltimo, la Comisi\u00f3n considero improcedente el retiro del promocional del Partido Encuentro Solidario&nbsp; (PES) por la difusi\u00f3n de los spots publicitarios en Facebook, identificados como&nbsp;<em>No al aborto &#8211; Por la Vida y la Familia<\/em>,&nbsp;<em>Castiguemos a quien atente en contra de ella<\/em>&nbsp;y&nbsp;<em>Somos la voz de la <\/em>familia por considerar se trata de actos que se encuentran amparados bajo la maximizaci\u00f3n de la libertad de expresi\u00f3n en el contexto del debate pol\u00edtico, al versar sobre planteamientos que presentan la ideolog\u00eda de un partido pol\u00edtico, sin que ello signifique prejuzgar sobre el fondo del asunto por lo que se consider\u00f3 improcedente el retiro del promocional.<\/p>\n\n\n\n<p class=\"wp-block-paragraph\">La queja fue presentada por Julieta Mac\u00edas R\u00e1bago, Sof\u00eda Castro Guerrero, Sof\u00eda Margarita Provencio O&#8217;donoghue, Sof\u00eda Aguilar Flaschka, Patricia Urriza Arellano, Ana Paola Lara Paz, Zurishaday Hern\u00e1ndez, Judith Alicia G\u00f3mez Garc\u00eda, Sandra D\u00edaz Zacar\u00edas, Susana Campos Gonz\u00e1lez, Araceli Le\u00f3n Guti\u00e9rrez, Tatiana Alexia Acosta Campos, Lina Mariela Diazconti Ram\u00edrez, Isabel Mateos M\u00e9ndez, Juana Jim\u00e9nez S\u00e1nchez y Jorge \u00c1lvarez M\u00e1ynez.<\/p>\n\n\n\n<p class=\"wp-block-paragraph\">Sin embargo, concedi\u00f3 la adopci\u00f3n de medidas cautelares para retirar la publicaci\u00f3n de un video albergado en Facebooken donde se llama a \u201c<em>castigar a quienes atenten contra la vida<\/em>\u201d, al considerar que dicha expresi\u00f3n puede estigmatizar y criminalizar a quienes realicen un aborto, lo cual no est\u00e1 amparado por la libertad de expresi\u00f3n.<\/p>\n\n\n\n<h2 class=\"wp-block-heading\"><strong>Medidas cautelares por &nbsp;queja del PRI<\/strong><strong><\/strong><\/h2>\n\n\n\n<p class=\"wp-block-paragraph\">El segundo asunto, correspondi\u00f3 a la medida cautelar solicitada por el Partido Revolucionario Institucional (PRI) en contra del promocional pautado para televisi\u00f3n por Nueva Alianza Tlaxcala, integrante de la coalici\u00f3n&nbsp;<em>Juntos Haremos Historia en Tlaxcala<\/em>, denominado&nbsp;<em>LC ECONOMIA COALICI\u00d3N NAT<\/em>, por considerar que en dicho spot no se identifica plenamente a Lorena Cu\u00e9llar Cisneros como candidata de esa coalici\u00f3n, contraviniendo la normativa electoral.<\/p>\n\n\n\n<p class=\"wp-block-paragraph\">la Comisi\u00f3n consider\u00f3 que el promocional s\u00ed contiene elementos visuales que permiten al electorado conocer que Lorena Cu\u00e9llar es candidata de la referida coalici\u00f3n, pues visual y auditivamente se alude a Nueva Alianza Tlaxcala como emisor del mensaje y se puede leer&nbsp;<em>Juntos Haremos Historia en Tlaxcala<\/em>, haciendo referencia al nombre de la coalici\u00f3n que postula a dicha candidata.<\/p>\n\n\n\n<h2 class=\"wp-block-heading\"><strong>Improcedente queja violencia pol\u00edtica de g\u00e9nero<\/strong><\/h2>\n\n\n\n<p class=\"wp-block-paragraph\">Improcedente denuncia interpuesta por Mariela Araceli P\u00e9rez Ram\u00edrez, candidata a diputada federal por el 06 distrito electoral federal con cabecera en Tlaxiaco, Oaxaca, en contra de diversos ciudadanos por la posible constituci\u00f3n de actos de violencia pol\u00edtica a trav\u00e9s de comentarios realizados en una publicaci\u00f3n de Facebook.<\/p>\n\n\n\n<p class=\"wp-block-paragraph\">La Comisi\u00f3n analiz\u00f3 las expresiones denunciadas y determin\u00f3 la improcedencia de las medidas cautelares al no advertir que, bajo la apariencia del buen derecho, se tratara de se\u00f1alamientos hechos en raz\u00f3n de su g\u00e9nero, que le afecten de manera desproporcional ni que tengan por objeto impedir el ejercicio de sus derechos pol\u00edtico-electorales. Asimismo, s\u00f3lo se colman dos de los cinco elementos se\u00f1alados por la Sala Superior del Tribunal Electoral del Poder Judicial de la Federaci\u00f3n para estos casos.<\/p>\n\n\n\n<h2 class=\"wp-block-heading\">&nbsp;<strong>Improcedentes quejas de Indira Vizca\u00edno Silva por violencia pol\u00edtica de g\u00e9nero <\/strong><strong><\/strong><\/h2>\n\n\n\n<p class=\"wp-block-paragraph\">Por otra parte, la Comisi\u00f3n revis\u00f3 dos quejas presentadas por Indira Vizca\u00edno Silva, candidata de Morena a la gubernatura de Colima quien denunci\u00f3, por un lado, el promocional pautado para radio y tv, por Movimiento Ciudadano y su candidato a ese cargo, Leoncio Alfonso Mor\u00e1n S\u00e1nchez, denominado&nbsp;<em>AQU\u00cd EN CONFIANZA V2, que como ten\u00eda fecha s\u00f3lo para un d\u00eda, el <\/em>23 de abril, por ser hecho consumado.<\/p>\n\n\n\n<p class=\"wp-block-paragraph\">Respecto al promocional&nbsp;<em>TIRO DIRECTO COLIMA&nbsp;<\/em>por considerar que en ambos casos se trata de propaganda calumniosa y constitutiva de violencia pol\u00edtica de g\u00e9nero en su perjuicio.<\/p>\n\n\n\n<p class=\"wp-block-paragraph\">&nbsp;Por cuanto al segundo de los materiales,&nbsp;<em>TIRO DIRECTO COLIMA<\/em>, el colegiado decidi\u00f3 la improcedencia de las medidas cautelares pues, bajo la apariencia del buen derecho, los se\u00f1alamientos realizados sobre corrupci\u00f3n o su pertenencia a una fuerza pol\u00edtica, no constituyen violencia pol\u00edtica en raz\u00f3n de g\u00e9nero pues de igual manera no tienen por motivo la condici\u00f3n de mujer de la candidata ni le afectan de manera proporcional, sino que constituyen una cr\u00edtica severa a su trayectoria p\u00fablica.<\/p>\n\n\n\n<p class=\"wp-block-paragraph\">Asimismo, no existe la imputaci\u00f3n de hechos o delitos de manera directa o inequ\u00edvoca que lleven a considerar de manera preliminar que existe calumnia en su contra.<\/p>\n\n\n\n<h2 class=\"wp-block-heading\"><strong>Improcedencia queja contra MC por denigraci\u00f3n y calumnia<\/strong><strong><\/strong><\/h2>\n\n\n\n<p class=\"wp-block-paragraph\">Finalmente, la Comisi\u00f3n analiz\u00f3 la medida cautelar solicitada por Mar\u00eda Eugenia Campos Galv\u00e1n, candidata a la gubernatura de Chihuahua, por la coalici\u00f3n \u00abNos Une Chihuahua\u201d conformada por PAN-PRD en contra de la difusi\u00f3n de los promocionales denominados&nbsp;<em>CHIHUAHUA NO HAY LUGAR 2<\/em>&nbsp;(versi\u00f3n tv),&nbsp;<em>CHIHUAHUA NO HAY LUGAR 2 V2<\/em>&nbsp;(versi\u00f3n radio) y&nbsp;<em>AMENAZA DE DUARTE CHIHUAHUA<\/em>&nbsp;(versi\u00f3n tv) pautados por Movimiento Ciudadano por la presunta denigraci\u00f3n y calumnia atribuidos a su candidato a la gubernatura, Jorge Alfredo Lozoya Santill\u00e1n.<\/p>\n\n\n\n<p class=\"wp-block-paragraph\">La improcedencia de la medida solicitada encontr\u00f3 justificaci\u00f3n porque el colegiado no advirti\u00f3 elementos para sostener que se afirme que la quejosa haya cometido un delito, pues s\u00f3lo se dice que \u201cest\u00e1 vinculada a proceso\u201d, lo que adem\u00e1s de ser un hecho p\u00fablico y notorio, no implica una imputaci\u00f3n directa e inequ\u00edvoca en su contra, a diferencia del promocional del que esta Comisi\u00f3n orden\u00f3 su retiro el pasado 7 de abril, en donde se afirmaba que la quejosa \u201crecibi\u00f3 sobornos a manos llenas\u201d.<\/p>\n","protected":false},"excerpt":{"rendered":"<p>De diversas quejas presentadas al Instituto Nacional Electoral (INE), cinco de ellas se declar\u00f3  declarar  medidas cautelares y cinco m\u00e1s fueron desechadas por improcedentes.<\/p>\n","protected":false},"author":3,"featured_media":34975,"comment_status":"open","ping_status":"open","sticky":false,"template":"","format":"standard","meta":{"_monsterinsights_skip_tracking":false,"footnotes":""},"categories":[692,141],"tags":[],"class_list":["post-34974","post","type-post","status-publish","format-standard","has-post-thumbnail","category-692","category-elecciones-2020-2021"],"_links":{"self":[{"href":"https:\/\/redsemlac.com\/semmexico\/wp-json\/wp\/v2\/posts\/34974","targetHints":{"allow":["GET"]}}],"collection":[{"href":"https:\/\/redsemlac.com\/semmexico\/wp-json\/wp\/v2\/posts"}],"about":[{"href":"https:\/\/redsemlac.com\/semmexico\/wp-json\/wp\/v2\/types\/post"}],"author":[{"embeddable":true,"href":"https:\/\/redsemlac.com\/semmexico\/wp-json\/wp\/v2\/users\/3"}],"replies":[{"embeddable":true,"href":"https:\/\/redsemlac.com\/semmexico\/wp-json\/wp\/v2\/comments?post=34974"}],"version-history":[{"count":0,"href":"https:\/\/redsemlac.com\/semmexico\/wp-json\/wp\/v2\/posts\/34974\/revisions"}],"wp:featuredmedia":[{"embeddable":true,"href":"https:\/\/redsemlac.com\/semmexico\/wp-json\/wp\/v2\/media\/34975"}],"wp:attachment":[{"href":"https:\/\/redsemlac.com\/semmexico\/wp-json\/wp\/v2\/media?parent=34974"}],"wp:term":[{"taxonomy":"category","embeddable":true,"href":"https:\/\/redsemlac.com\/semmexico\/wp-json\/wp\/v2\/categories?post=34974"},{"taxonomy":"post_tag","embeddable":true,"href":"https:\/\/redsemlac.com\/semmexico\/wp-json\/wp\/v2\/tags?post=34974"}],"curies":[{"name":"wp","href":"https:\/\/api.w.org\/{rel}","templated":true}]}}