{"id":34970,"date":"2021-05-04T10:35:09","date_gmt":"2021-05-04T16:35:09","guid":{"rendered":"https:\/\/redsemlac.com\/semmexico\/?p=34970"},"modified":"2023-07-21T16:59:21","modified_gmt":"2023-07-21T21:59:21","slug":"documental-genera-debate-sobre-los-cuidados-en-cuba","status":"publish","type":"post","link":"https:\/\/redsemlac.com\/semmexico\/documental-genera-debate-sobre-los-cuidados-en-cuba\/","title":{"rendered":"Documental genera debate sobre los cuidados en Cuba"},"content":{"rendered":"\n<ul class=\"wp-block-list\"><li><strong>La carga para las mujeres significa perder inteligencias y energ\u00edas<\/strong><\/li><li><strong>De cada 100 personas que abandonan su trabajo, 91 son mujeres<\/strong><\/li><\/ul>\n\n\n\n<p class=\"wp-block-paragraph\"><strong>Sara M\u00e1s<\/strong><\/p>\n\n\n\n<p class=\"wp-block-paragraph\">SemM\u00e9xico\/Semlac Cuba, La Habana, 4 de mayo 2021.- Reconocer el valor de los cuidados y de quienes los asumen, en su mayor\u00eda mujeres, es uno de los valores del documental&nbsp;<a href=\"https:\/\/www.youtube.com\/watch?v=HCudvUXbteM&amp;feature=youtu.be\"><strong>Ellas, sus cuidados y cuidadoras<\/strong><\/a>, que fue presentado de forma virtual a la prensa, y que desat\u00f3 un debate.<\/p>\n\n\n\n<p class=\"wp-block-paragraph\">Con testimonios que recrean las vivencias cotidianas de vida de siete mujeres y un hombre, en funciones de cuidados de otras personas, la obra fue dirigida por las realizadoras Lizette Vila e Ingrid Le\u00f3n y es la \u00faltima entrega del Proyecto Palomas, Casa Productora Audiovisual para el Activismo Social.<\/p>\n\n\n\n<p class=\"wp-block-paragraph\">Las personas entrevistadas \u201cmuestran sus proyectos y desaf\u00edos en medio del vac\u00edo de reconocimiento en sus espacios privados y p\u00fablicos\u201d, precis\u00f3 Vila y dijo que la obra se propuso \u201cvisibilizar una comunidad de mujeres y hombres muchas veces silenciada\u201d.<\/p>\n\n\n\n<p class=\"wp-block-paragraph\">En el contexto cubano actual, es necesario que esas labores se reconozcan como un trabajo y, a la par, avanzar hacia un sistema nacional para el cuidado integral de la vida, coincidieron especialistas durante un panel e intercambio virtual que acompa\u00f1\u00f3 la presentaci\u00f3n de la obra por la plataforma WhatsApp.<\/p>\n\n\n\n<p class=\"wp-block-paragraph\">\u201cSi se considerara un trabajo, ello podr\u00eda contribuir a garantizar que quienes cuidan y tienen que abandonar su vida laboral remunerada para realizar esta actividad reciban un salario por su ejercicio, acumulen a\u00f1os para la jubilaci\u00f3n y sean reconocidas socialmente como tales\u201d, sostuvo la soci\u00f3loga Dayma Echevarr\u00eda.<\/p>\n\n\n\n<p class=\"wp-block-paragraph\">\u201cHoy existen protecciones en este sentido; sin embargo, no todas est\u00e1n cubiertas\u201d, puntualiz\u00f3 la especialista, quien precis\u00f3 que cuatro de cada 10 mujeres dijeron haber abandonado el trabajo remunerado por una causa diferente a la jubilaci\u00f3n, al ser entrevistadas para la Encuesta Nacional de Envejecimiento de 2017.<\/p>\n\n\n\n<p class=\"wp-block-paragraph\">Estas realidades se han agravado con la covid-19, \u201cporque en situaciones de crisis econ\u00f3micas el hogar asume los servicios que antes se consegu\u00edan en el mercado, sea para disminuir los costos o por falta de ofertas\u201d, expuso Echevarr\u00eda.<\/p>\n\n\n\n<p class=\"wp-block-paragraph\">Describi\u00f3 entonces el hogar en tiempos de covid-19 como el lugar donde coexisten, en espacio y tiempo, el trabajo remunerado, el no remunerado, el cuidado directo y el indirecto, la atenci\u00f3n de salud, la limpieza, el aprendizaje de ni\u00f1as, ni\u00f1os y adolescentes, entre otras tareas.<\/p>\n\n\n\n<p class=\"wp-block-paragraph\">Para la economista Teresa Lara, un paso clave es propiciar el debate y la articulaci\u00f3n entre actores diversos involucrados, como gobierno, academia, investigaci\u00f3n, activismos, ONGs, territorios, medios de comunicaci\u00f3n y cooperaci\u00f3n internacional.<\/p>\n\n\n\n<p class=\"wp-block-paragraph\">Aunque se avanza en cuidar a la personas, esa tarea ha estado relacionada m\u00e1s con la protecci\u00f3n laboral en general y en particular con la mujeres empleadas, los programas asistenciales y las personas vulnerables y dependientes, que necesitan ser cuidadas a su vez por otras personas, abund\u00f3.<\/p>\n\n\n\n<p class=\"wp-block-paragraph\">\u201cEl cuidado es un asunto p\u00fablico, que nos compete a todas las personas\u201d, puntualiz\u00f3 la soci\u00f3loga Magela Almod\u00f3var, quien se refiri\u00f3 a la Red Nacional de Estudios sobre Cuidados, actualmente en formaci\u00f3n, as\u00ed como a la necesidad de establecer un sistema nacional para el cuidado integral de la vida.<\/p>\n\n\n\n<p class=\"wp-block-paragraph\">Los desaf\u00edos alcanzan al sector jur\u00eddico, donde no pocos vac\u00edos omiten aspectos significativos, a juicio del profesor Leonardo P\u00e9rez Gallardo, presidente de la Sociedad Cubana de Derecho Civil y de Familia de la Uni\u00f3n de Juristas de Cuba.<\/p>\n\n\n\n<p class=\"wp-block-paragraph\">Explic\u00f3 que el trabajo para perfeccionar las normativas debe tener en cuenta los derechos de quienes cuidan, la protecci\u00f3n de su salud f\u00edsica y mental, su respaldo patrimonial, el reembolso por los gastos invertidos durante a\u00f1os, la compensaci\u00f3n por los servidos prestados, entre otros aspectos.<\/p>\n\n\n\n<p class=\"wp-block-paragraph\">En Cuba, pa\u00eds que vive un proceso progresivo de envejecimiento poblacional, tambi\u00e9n se impone la redistribuci\u00f3n m\u00e1s justa de las tareas del cuidado, que recaen fundamentalmente sobre las mujeres de la familia.<\/p>\n\n\n\n<p class=\"wp-block-paragraph\">El m\u00e9dico Jes\u00fas Men\u00e9ndez, especialista del Centro Iberoamericano para la Tercera Edad, habl\u00f3 de repartir el peso de esos trabajos entre el Estado, la familia y las nuevas formas de gesti\u00f3n; de proteger derechos de personas cuidadas y cuidadoras; fomentar entornos amigables, promover la cultura gerontol\u00f3gica en una sociedad envejecida, as\u00ed como de acercar el apoyo material que estas tareas demandan.<\/p>\n\n\n\n<p class=\"wp-block-paragraph\">Ellas, sus cuidados y cuidadoras cont\u00f3 con los apoyos del Centro F\u00e9lix Varela, el Fondo de iniciativas locales de la embajada de Canad\u00e1 en Cuba, Care Internacional, la Agencia Suiza para la Cooperaci\u00f3n y el Desarrollo (Cosude) y el Instituto Cuban de Arte e Industria Cinematogr\u00e1ficos (Icaic).<\/p>\n\n\n\n<p class=\"wp-block-paragraph\">La presentaci\u00f3n virtual del audiovisual se acompa\u00f1\u00f3 adem\u00e1s de una exposici\u00f3n fotogr\u00e1fica virtual,&nbsp;<a href=\"https:\/\/www.facebook.com\/watch\/?v=902060107030137\">La cultura del cuidado\u2026camino de paz<\/a>, accesible en la p\u00e1gina de Facebook del Proyecto Palomas.<\/p>\n","protected":false},"excerpt":{"rendered":"<p>La carga para las mujeres significa perder inteligencias y energ\u00edas<\/p>\n","protected":false},"author":3,"featured_media":34972,"comment_status":"open","ping_status":"open","sticky":false,"template":"","format":"standard","meta":{"_monsterinsights_skip_tracking":false,"footnotes":""},"categories":[692,53],"tags":[],"class_list":["post-34970","post","type-post","status-publish","format-standard","has-post-thumbnail","category-692","category-internacional"],"_links":{"self":[{"href":"https:\/\/redsemlac.com\/semmexico\/wp-json\/wp\/v2\/posts\/34970","targetHints":{"allow":["GET"]}}],"collection":[{"href":"https:\/\/redsemlac.com\/semmexico\/wp-json\/wp\/v2\/posts"}],"about":[{"href":"https:\/\/redsemlac.com\/semmexico\/wp-json\/wp\/v2\/types\/post"}],"author":[{"embeddable":true,"href":"https:\/\/redsemlac.com\/semmexico\/wp-json\/wp\/v2\/users\/3"}],"replies":[{"embeddable":true,"href":"https:\/\/redsemlac.com\/semmexico\/wp-json\/wp\/v2\/comments?post=34970"}],"version-history":[{"count":0,"href":"https:\/\/redsemlac.com\/semmexico\/wp-json\/wp\/v2\/posts\/34970\/revisions"}],"wp:featuredmedia":[{"embeddable":true,"href":"https:\/\/redsemlac.com\/semmexico\/wp-json\/wp\/v2\/media\/34972"}],"wp:attachment":[{"href":"https:\/\/redsemlac.com\/semmexico\/wp-json\/wp\/v2\/media?parent=34970"}],"wp:term":[{"taxonomy":"category","embeddable":true,"href":"https:\/\/redsemlac.com\/semmexico\/wp-json\/wp\/v2\/categories?post=34970"},{"taxonomy":"post_tag","embeddable":true,"href":"https:\/\/redsemlac.com\/semmexico\/wp-json\/wp\/v2\/tags?post=34970"}],"curies":[{"name":"wp","href":"https:\/\/api.w.org\/{rel}","templated":true}]}}