{"id":34965,"date":"2021-05-04T10:09:53","date_gmt":"2021-05-04T16:09:53","guid":{"rendered":"https:\/\/redsemlac.com\/semmexico\/?p=34965"},"modified":"2023-07-21T16:59:22","modified_gmt":"2023-07-21T21:59:22","slug":"faramalla","status":"publish","type":"post","link":"https:\/\/redsemlac.com\/semmexico\/faramalla\/","title":{"rendered":"Faramalla"},"content":{"rendered":"\n<h2 class=\"wp-block-heading\"><strong>ENTRESEMANA<\/strong><\/h2>\n\n\n\n<p class=\"wp-block-paragraph\"><strong>Mois\u00e9s S\u00e1nchez Lim\u00f3n<\/strong><\/p>\n\n\n\n<p class=\"wp-block-paragraph\">SemM\u00e9xico, Cd. de M\u00e9xico, 4 de mayo 2021.- \u00bfLa 4T es una faramalla? \u00bfSu Alteza Seren\u00edsima es una persona faramallosa?<\/p>\n\n\n\n<p class=\"wp-block-paragraph\">La evidencia cotidiana no miente, desde el mensaje en el p\u00falpito ma\u00f1anero y hasta el activismo partidista de simulaci\u00f3n y esc\u00e1ndalo, am\u00e9n de los actos de corrupci\u00f3n que son escondidos bajo la alfombra; aunque hay quienes amanecen con un M\u00e9xico de fantas\u00eda. \u00bfEl pueblo bueno?<\/p>\n\n\n\n<p class=\"wp-block-paragraph\">Ya de poco uso, el t\u00e9rmino coloquial faramalla es aplicable al decir y actuar del licenciado Andr\u00e9s Manuel y de su gesti\u00f3n. \u00bfPor qu\u00e9?<\/p>\n\n\n\n<p class=\"wp-block-paragraph\">Faramalla, d\u00edcese de la \u201csituaci\u00f3n exagerada, aparatosa o escandalosa, en ocasiones falsa, con que se pretende llamar la atenci\u00f3n\u201d. Llanamente la faramalla es un enga\u00f1o.<\/p>\n\n\n\n<p class=\"wp-block-paragraph\">Y Su Alteza Seren\u00edsima rescat\u00f3 el t\u00e9rmino cuando, al inicio de semana, en un acto cerrado en la zona militar de Chetumal, Quintana Roo, presumi\u00f3 de la ausencia de corrupci\u00f3n en su gobierno, aunque poco antes estall\u00f3 contra el secretario del juzgado que le dio sabadazo al G\u00fcero Palma y lo dej\u00f3 en libertad. \u00bfEso no es corrupci\u00f3n? Bueno.<\/p>\n\n\n\n<p class=\"wp-block-paragraph\">Hace poco, con el pa\u00f1uelito blanco en ristre Su Alteza Seren\u00edsima presumi\u00f3 que si el Presidente no es corrupto, es que la corrupci\u00f3n se acab\u00f3. \u00a1Aj\u00e1! \u00bfFaramalla?<\/p>\n\n\n\n<p class=\"wp-block-paragraph\">Y en la ma\u00f1anera desde Chetumal, este lunes de inicio de semana, descalific\u00f3 nuevamente a la prensa y hasta se fue contra los corresponsales extranjeros, quienes dijo ya no son consentidos e incluso Chucho Ram\u00edrez no tiene una oficina especial para atenderlos. \u00a1Ah!, qu\u00e9 faramalloso licenciado presidente.<\/p>\n\n\n\n<p class=\"wp-block-paragraph\">Enga\u00f1abobos y desmemoriado a prop\u00f3sito, el licenciado Andr\u00e9s Manuel dijo que antes se hac\u00eda esc\u00e1ndalo cuando se deten\u00eda a un funcionario corrupto. Hoy no, adujo, porque no los hay y su fuerte, su fuerte, no es la venganza ni el rencor.<\/p>\n\n\n\n<p class=\"wp-block-paragraph\">El ni\u00f1o cantor Emilio Lozoya Austin, el consentido de la faramalla justiciera de la 4T, debi\u00f3 sonre\u00edr al enterarse de esta declaraci\u00f3n del machuch\u00f3n de Palacio que viaja en camionetotas que pertenecieron al equipazo que el Estado Mayor Presidencial puso a disposici\u00f3n durante seis a\u00f1os al culto Enrique Pe\u00f1a Nieto y etc.<\/p>\n\n\n\n<p class=\"wp-block-paragraph\">Tambi\u00e9n Rosario Robles Berlanga, desde su celda fif\u00ed en Santa Martha Acatitla, movi\u00f3 la cabeza y sonriente debi\u00f3 comentar en voz baja: \u201ceste Andr\u00e9s Manuel no cambia\u201d.<\/p>\n\n\n\n<p class=\"wp-block-paragraph\">Lea usted lo que dijo, ante selecto auditorio, Su Alteza Seren\u00edsima en Chetumal:<\/p>\n\n\n\n<p class=\"wp-block-paragraph\">\u201c(\u2026) Ahora salen muchas cosas en los medios, no s\u00f3lo en los nacionales, tambi\u00e9n los internacionales. Muchas noticias falsas, hasta en los m\u00e1s famosos, el&nbsp;<em>New York Times, Washington Post<\/em>, el&nbsp;<em>Wall Street Journal<\/em>, el&nbsp;<em>Financial Time<\/em>s. A veces desinforman, no tienen \u00e9tica en el manejo de su informaci\u00f3n; y a lo mejor los directivos ni lo saben, <strong>muchas veces son los corresponsales que antes los apapachaban, los trataban muy bien en el gobierno federal. Ya Jes\u00fas no tiene un departamento de atenci\u00f3n a corresponsales extranjeros.<\/strong><\/p>\n\n\n\n<p class=\"wp-block-paragraph\"><strong>\u201cEntonces, antes eran consentidos, se les colmaba de atenciones, de privilegios, y adem\u00e1s toda esa prensa pues tambi\u00e9n defiende a grupos de intereses creados<\/strong>.<\/p>\n\n\n\n<p class=\"wp-block-paragraph\">\u201c(\u2026) Antes, tambi\u00e9n, sal\u00eda una editorial en el&nbsp;<em>New York Times<\/em>&nbsp;y \u00a1qu\u00e9 barbaridad!, causaba estragos; ahora no. En aquel tiempo causaba estragos porque estaban haciendo una denuncia sobre un funcionario corrupto, pero ahora \u00bfqu\u00e9 pueden escribir?, acerca de que nosotros estemos promoviendo o tolerando la corrupci\u00f3n.<\/p>\n\n\n\n<p class=\"wp-block-paragraph\"><strong>&#8212;<\/strong><strong>Pero no hay ninguno en c\u00e1rcel hasta el momento\u2014le record\u00f3 una reportera.<\/strong><\/p>\n\n\n\n<p class=\"wp-block-paragraph\">\u00a1Ajaj\u00e1! Pero, faramalloso, el licenciado Andr\u00e9s Manuel que todo lo sabe porque tiene otros datos, respondi\u00f3:<\/p>\n\n\n\n<p class=\"wp-block-paragraph\"><strong>\u201c<\/strong><strong>Porque lo dijimos, que no se trataba de perseguir y de hacer pol\u00edtica con venganzas, no es mi fuerte la venganza. Antes, todo era espectacular<\/strong>.<\/p>\n\n\n\n<p class=\"wp-block-paragraph\"><strong>\u201c\u00bfSe acuerdan de c\u00f3mo entr\u00f3 Salinas y meti\u00f3 a la c\u00e1rcel a un l\u00edder petrolero y luego meti\u00f3 a la c\u00e1rcel a un empresario y aplausos? \u2018Este s\u00ed va a poner orden, se acab\u00f3 la corrupci\u00f3n\u2019. Puro show.<\/strong><\/p>\n\n\n\n<p class=\"wp-block-paragraph\">\u201c\u00bfCu\u00e1l fue el gobierno m\u00e1s corrupto del periodo neoliberal?, \u00bfen qu\u00e9 gobierno se entregaron m\u00e1s bienes del pueblo y de la naci\u00f3n a particulares allegados a Salinas?<\/p>\n\n\n\n<p class=\"wp-block-paragraph\"><strong>\u201cEntonces, toda esa faramalla ya no tiene ning\u00fan efecto\u201d.<\/strong><\/p>\n\n\n\n<p class=\"wp-block-paragraph\">Bueno, bueno, as\u00ed es Su Alteza Seren\u00edsima, \u00bfqu\u00e9 se la va a hacer? Faramalloso, faramalloso. \u00bfY Lozoya y Rosario y Alonso Ancira y\u2026? Bien que aplique la ley y meta a prisi\u00f3n a ex funcionarios p\u00fablicos y empresarios pillos que se enriquecieron en el maldito periodo neoliberal. Pero, como plante\u00f3 la colega no hay ninguno en la c\u00e1rcel.<\/p>\n\n\n\n<p class=\"wp-block-paragraph\">\u00bfFaramalla? Indudable, como el hecho demag\u00f3gico de andar con la petici\u00f3n de perd\u00f3n a los pueblos ind\u00edgenas que fueron explotados y esclavizados por peninsulares, criollos, mestizos y extranjeros que vinieron con la conquista e hicieron riqueza de esa praxis, incluso hasta principios del siglo pasado en el remanente del porfirismo.<\/p>\n\n\n\n<p class=\"wp-block-paragraph\">\u00bfQu\u00e9 ha cambiado para los indios yaqui, a los que fue a pedir perd\u00f3n? \u00bfQu\u00e9 ha cambiado para los ind\u00edgenas tarahumaras visitados por el licenciado Andr\u00e9s Manuel? \u00bfQu\u00e9 ha cambiado, que no sean caminos vecinales construidos con cemento en la sierra oaxaque\u00f1a? Siguen sumidos en la pobreza e incluso algunos, olvidados de la palabra de campa\u00f1a, se volvieron comunidades miserables.<\/p>\n\n\n\n<p class=\"wp-block-paragraph\">En el acto celebrado en la comunidad de Tihosuco, municipio de Felipe Carrillo Puerto, Quintana Roo, Su Alteza Seren\u00edsima, dijo que \u201cpor un imperativo de \u00e9tica de gobierno, pero tambi\u00e9n por convicci\u00f3n propia, ofrecemos las m\u00e1s sinceras disculpas al pueblo maya por los terribles abusos que cometieron particulares y autoridades nacionales y extranjeras en la conquista, durante los tres siglos de dominaci\u00f3n colonial y en dos siglos del M\u00e9xico independiente\u201d. \u00bfY?<\/p>\n\n\n\n<p class=\"wp-block-paragraph\">Pero, ante este acto de contrici\u00f3n presidencial, lea usted lo que dijo la ind\u00edgena maya que intervino en el acto:<\/p>\n\n\n\n<p class=\"wp-block-paragraph\">\u201cEn este sentido, se\u00f1or presidente de la Rep\u00fablica, le quiero comentar varias cosas. Quiz\u00e1s no tengamos tiempo, pero en primer t\u00e9rmino yo quisiera &#8211;<strong>porque as\u00ed lo vemos nosotros- que su visita a Tihosuco el d\u00eda de hoy para pedir perd\u00f3n a los mayas, nosotros hemos platicado y hemos consultado entre nosotros y hemos concluido que la petici\u00f3n de perd\u00f3n, se\u00f1or presidente, para que no se vea \u00fanicamente como un evento demag\u00f3gico,<\/strong> sea capaz el Estado mexicano de dise\u00f1ar un programa de desarrollo ind\u00edgena regional y que tenga como centro nuestra ciudad de Felipe Carrillo Puerto.<\/p>\n\n\n\n<p class=\"wp-block-paragraph\">\u201c\u00bfPor qu\u00e9 lo digo?<\/p>\n\n\n\n<p class=\"wp-block-paragraph\">\u201cPorque desde hace dos a\u00f1os, se\u00f1or presidente, lo ando persiguiendo precisamente para plantearle este problema.<\/p>\n\n\n\n<p class=\"wp-block-paragraph\">\u201c<strong>Nos han dicho la Semarnat, el INPI, que nos va a atender, pero de pronto, se\u00f1or presidente, nos cancelan todas las reuniones<\/strong> para exponer este problema. Yo no veo ninguna justificaci\u00f3n, ning\u00fan motivo suficiente de peso para que esto no camine\u201d.<\/p>\n\n\n\n<p class=\"wp-block-paragraph\">\u201cSe\u00f1or presidente:<\/p>\n\n\n\n<p class=\"wp-block-paragraph\">\u201cLe agradezco que me haya escuchado. Espero que esta pl\u00e1tica entre los mayas con usted no sea la \u00fanica, ni la \u00faltima. Y si le pido, se\u00f1or presidente, si lo agarro as\u00ed de repente a lo mejor no me pueda dar la respuesta, pero al menos, se\u00f1or presidente, se lo dejo pendiente y quisiera a trav\u00e9s de cualquiera de sus funcionarios nos escuche y nos atienda\u201d.<\/p>\n\n\n\n<p class=\"wp-block-paragraph\">\u00bfPedir perd\u00f3n como para qu\u00e9? Faramalla, se\u00f1oras y se\u00f1ores. \u00bfNo son iguales a los odiados neoliberales?<\/p>\n\n\n\n<p class=\"wp-block-paragraph\">Hace DOS A\u00d1OS, dijo la ind\u00edgena maya, lo ha perseguido para plantearle el problema que tienen los mayas en esta regi\u00f3n de Quintana Roo. He ah\u00ed la faramalla para pedir perd\u00f3n a los ind\u00edgenas mayas pero a puerta cerrada.<\/p>\n\n\n\n<p class=\"wp-block-paragraph\">Y afuera, lo mismo en Chetumal que en esta comunidad de Tihosuco, los mayas protestaban contra la demagogia. Y es que pedir perd\u00f3n no da de comer, no lleva progreso y s\u00ed mezquindad para que los mayas no protesten contra el trenecito que le va a romper la madre a la madre naturaleza que dizque le dio permiso al licenciado L\u00f3pez Obrador para construir el Tren Maya. \u00a1Pura faramalla del faramalloso que vive en Palacio! Conste.<\/p>\n\n\n\n<p class=\"wp-block-paragraph\"><a href=\"mailto:sanchezlimon@gmail.com\">sanchezlimon@gmail.com<\/a><\/p>\n\n\n\n<p class=\"wp-block-paragraph\"><a href=\"http:\/\/www.entresemana.mx\">www.entresemana.mx<\/a><\/p>\n\n\n\n<p class=\"wp-block-paragraph\"><strong>@msanchezlimon @msanchezlimon1&nbsp;<\/strong><\/p>\n","protected":false},"excerpt":{"rendered":"<p>\u00bfLa 4T es una faramalla? \u00bfSu Alteza Seren\u00edsima es una persona faramallosa?<\/p>\n","protected":false},"author":3,"featured_media":15805,"comment_status":"open","ping_status":"open","sticky":false,"template":"","format":"standard","meta":{"_monsterinsights_skip_tracking":false,"footnotes":""},"categories":[692,105,83,35],"tags":[],"class_list":["post-34965","post","type-post","status-publish","format-standard","has-post-thumbnail","category-692","category-entresemana","category-moises-sanchez-limon","category-opinion"],"_links":{"self":[{"href":"https:\/\/redsemlac.com\/semmexico\/wp-json\/wp\/v2\/posts\/34965","targetHints":{"allow":["GET"]}}],"collection":[{"href":"https:\/\/redsemlac.com\/semmexico\/wp-json\/wp\/v2\/posts"}],"about":[{"href":"https:\/\/redsemlac.com\/semmexico\/wp-json\/wp\/v2\/types\/post"}],"author":[{"embeddable":true,"href":"https:\/\/redsemlac.com\/semmexico\/wp-json\/wp\/v2\/users\/3"}],"replies":[{"embeddable":true,"href":"https:\/\/redsemlac.com\/semmexico\/wp-json\/wp\/v2\/comments?post=34965"}],"version-history":[{"count":0,"href":"https:\/\/redsemlac.com\/semmexico\/wp-json\/wp\/v2\/posts\/34965\/revisions"}],"wp:featuredmedia":[{"embeddable":true,"href":"https:\/\/redsemlac.com\/semmexico\/wp-json\/wp\/v2\/media\/15805"}],"wp:attachment":[{"href":"https:\/\/redsemlac.com\/semmexico\/wp-json\/wp\/v2\/media?parent=34965"}],"wp:term":[{"taxonomy":"category","embeddable":true,"href":"https:\/\/redsemlac.com\/semmexico\/wp-json\/wp\/v2\/categories?post=34965"},{"taxonomy":"post_tag","embeddable":true,"href":"https:\/\/redsemlac.com\/semmexico\/wp-json\/wp\/v2\/tags?post=34965"}],"curies":[{"name":"wp","href":"https:\/\/api.w.org\/{rel}","templated":true}]}}