{"id":34959,"date":"2021-05-04T10:03:48","date_gmt":"2021-05-04T16:03:48","guid":{"rendered":"https:\/\/redsemlac.com\/semmexico\/?p=34959"},"modified":"2023-07-21T16:59:22","modified_gmt":"2023-07-21T21:59:22","slug":"ciberacoso-el-victimario-silencioso-un-software-de-vigilancia-que-venden-en-internet-de-manera-abierta-y-es-una-forma-de-espionaje","status":"publish","type":"post","link":"https:\/\/redsemlac.com\/semmexico\/ciberacoso-el-victimario-silencioso-un-software-de-vigilancia-que-venden-en-internet-de-manera-abierta-y-es-una-forma-de-espionaje\/","title":{"rendered":"Ciberacoso, el victimario silencioso, un software de vigilancia que  venden en Internet de manera abierta y es una forma de espionaje"},"content":{"rendered":"\n<ul class=\"wp-block-list\"><li><strong>El fen\u00f3meno se abord\u00f3 &nbsp;Consejo de G\u00e9nero de la OEM, como &nbsp;un delito en crecimiento y &nbsp;la necesidad de reconocerlo ya qu\u00e9 &nbsp;se increment\u00f3 la pandemia<\/strong><\/li><li><strong>La Ley Olimpia abri\u00f3 la puerta al debate y el involucramiento de instancias pero hay un largo camino a\u00fan por recorrer<\/strong><\/li><\/ul>\n\n\n\n<p class=\"wp-block-paragraph\"><strong>Venessa Rivas<\/strong><\/p>\n\n\n\n<p class=\"wp-block-paragraph\">SemM\u00e9xico, El Heraldo de Chihuahua OEM,&nbsp; Cd. de M\u00e9xico 4 de mayo, 2021.- M\u00e9xico se encuentra en el top ten de los pa\u00edses con alta incidencia del delito de ciberacoso o violencia digital, donde las ni\u00f1as y mujeres son las principales v\u00edctimas. Actualmente, se ha detectado que 7 de cada 10 j\u00f3venes han sufrido abuso en l\u00ednea, situaci\u00f3n que crece con el confinamiento a causa de la pandemia por el virus SARS CoV2.<\/p>\n\n\n\n<p class=\"wp-block-paragraph\">Durante 2019, se registraron 67 mil 500&nbsp; hombres y mujeres usuarios digitales afectados; para 2020 disminuy\u00f3 a 53 mil 870 debido al confinamiento derivado de la contingencia sanitaria por el Covid-19, sin embargo, conforme se han recobrado las actividades en los pa\u00edses, el ciberacoso va en crecimiento.<\/p>\n\n\n\n<p class=\"wp-block-paragraph\">El tema fue abordado por el Consejo de G\u00e9nero de la Organizaci\u00f3n Editorial Mexicana (OEM), presidido &nbsp;por la directora general editorial Martha Ramos Sosa, y&nbsp; en cuyas sesiones participan las y los directores de 47 espacios de prensa de la OEM. La sesi\u00f3n del consejo &nbsp;se realiz\u00f3 el jueves pasado con la participaci\u00f3n de Judith Tapia, Gabriela Ram\u00edrez, Sandra Mu\u00f1oz, Leslie Jim\u00e9nez, \u00c9ricka Mercado y Jos\u00e9 Enrique Ju\u00e1rez, representantes de organizaciones de la sociedad civil y de la Fiscal\u00eda General de la Ciudad de M\u00e9xico.<\/p>\n\n\n\n<p class=\"wp-block-paragraph\">Quienes participaron &nbsp;coincidieron en que el punto de quiebre en este delito es la denuncia, la cual es importante para facilitar&nbsp; que los acosadores reciban la sanci\u00f3n correspondiente y para ello, lo primero es reconocer la gravedad del problema que de lo virtual, que ataca la autoestima y la dignidad de la v\u00edctima, porque puede parar del mensaje&nbsp; virtual a &nbsp;franca violencia. Aunque la Ley Olimpia abri\u00f3 su reglamentaci\u00f3n, falta mucho camino que recorrer.<\/p>\n\n\n\n<h2 class=\"wp-block-heading\"><strong>Las tics de aliadas a enemigas<\/strong><\/h2>\n\n\n\n<p class=\"wp-block-paragraph\">La tecnolog\u00eda ha ayudado a que las personas se mantengan interconectadas, sobre todo en esta \u00e9poca de pandemia y como en todo, el mal uso de esa herramienta la hace cruzar la frontera de aliada a enemiga.<\/p>\n\n\n\n<p class=\"wp-block-paragraph\">\u201cHay que reconocer que la tecnolog\u00eda y los medios de comunicaci\u00f3n brindan a los acosadores posibilidades ilimitadas de espiar a sus v\u00edctimas\u201d, resalt\u00f3 Judith Tapia, gerente de ventas del Mercado de Consumo E-Commerce de la empresa Kaspersky M\u00e9xico.<\/p>\n\n\n\n<p class=\"wp-block-paragraph\">La m\u00e1ster en investigaci\u00f3n de mercado se\u00f1al\u00f3 que el stalkerware es un software de vigilancia que generalmente venden en Internet de manera abierta y es una forma de espionaje, que se usa contra las mujeres y est\u00e1 asociado con la violencia de g\u00e9nero.<\/p>\n\n\n\n<p class=\"wp-block-paragraph\">A la compa\u00f1\u00eda de ciberseguridad Kaspersky le preocupa esta situaci\u00f3n \u2013puntualiz\u00f3\u2014 al igual que a diversas organizaciones de la sociedad civil, ya que lo consideran una forma de mantener el control pues el acosador mantiene una vigilancia permanente de su v\u00edctima.<\/p>\n\n\n\n<p class=\"wp-block-paragraph\">Explic\u00f3 que se usa para espiar de forma remota a otra persona desde su propio dispositivo, es usado en casos de acoso y abuso de mujeres. Se instala de manera manual, es decir, el acosador debe tener acceso al tel\u00e9fono de la v\u00edctima para instalar el software esp\u00eda y as\u00ed tiene acceso a fotos, videos y todo lo que comparte en redes sociales.<\/p>\n\n\n\n<p class=\"wp-block-paragraph\">\u201cAunque la aplicaci\u00f3n est\u00e1 enfocada al control parental y laboral, ahora se usa para acoso a mujeres o parejas, sin que la v\u00edctima haya dado su consentimiento o sepa que est\u00e1 siendo vigilada\u201d.<\/p>\n\n\n\n<p class=\"wp-block-paragraph\">Resalt\u00f3 que en algunos casos el ciberacoso puede desembocar en violencia f\u00edsica, sin dejar de mencionar que las empresas de estas aplicaciones pueden ser hackeadas y los datos de las v\u00edctimas pueden ser accesibles a cualquiera.<\/p>\n\n\n\n<p class=\"wp-block-paragraph\">Judith Tapia mencion\u00f3 que M\u00e9xico se encuentra entre los primeros 5 pa\u00edses en el mundo con m\u00e1s uso de stalkerware, s\u00f3lo despu\u00e9s de Rusia, Brasil, Estados Unidos e India. Despu\u00e9s se encuentran Alemania, Ir\u00e1n, Italia, Reino Unidos y Arabia Saudita.<\/p>\n\n\n\n<p class=\"wp-block-paragraph\">En el 2019, M\u00e9xico se posicion\u00f3 en s\u00e9ptimo lugar, para el 2020 subi\u00f3 al quinto, de acuerdo con Kaspersky. Tendencia que enciende focos rocos y lo recomendable es advertir las se\u00f1ales de alerta que pueden detectarse en el tel\u00e9fono porque este software ocupa mucho espacio: El aumento injustificado en el uso de datos; la carga de la bater\u00eda se consume r\u00e1pidamente; la lentitud de las aplicaciones y, revisar la configuraci\u00f3n de los permisos en los temas de privacidad.<\/p>\n\n\n\n<p class=\"wp-block-paragraph\">Tapia resalt\u00f3 que si las mujeres sospechan que son v\u00edctimas es posible eliminar ese programa, pero si lo encuentran hay que tomar precauciones para que el acosador no pueda actuar en su contra y es mejor buscar asistencia espec\u00edfica en alguna organizaci\u00f3n civil. Pueden ingresar al https:\/\/stopstalkerware.org\/es\/<\/p>\n\n\n\n<h2 class=\"wp-block-heading\"><strong>Tan destructivo como en la vida real<\/strong><\/h2>\n\n\n\n<p class=\"wp-block-paragraph\">\u201cNo podemos minimizar el ciberacoso\u201d, destac\u00f3 Gabriela Ram\u00edrez del Centro de Informaci\u00f3n ONU M\u00e9xico y consejera permanente de la OEM.<\/p>\n\n\n\n<p class=\"wp-block-paragraph\">\u201cDurante la crisis de la Covid-19, todos est\u00e1n usando m\u00e1s el Internet y por ende, se convierten en v\u00edctimas potenciales de amenazas, acoso y ofensas sexuales; este tipo de violencia de g\u00e9nero en l\u00ednea es tan destructiva como en la vida real\u201d.<\/p>\n\n\n\n<p class=\"wp-block-paragraph\">Ram\u00edrez subray\u00f3 que el entorno de internet ha facilitado que se cometan actos de violencia sin consecuencias, donde las mujeres son las principales v\u00edctimas de la violencia en l\u00ednea, sobre todo quienes a trav\u00e9s de redes expresan su opini\u00f3n, entre ellas periodistas y pol\u00edticas. Ante ello se hace necesario dotar a ni\u00f1as y mujeres de informaci\u00f3n para que sepan c\u00f3mo proteger su identidad.<\/p>\n\n\n\n<p class=\"wp-block-paragraph\">\u201cUna de las repercusiones m\u00e1s importantes es la autocensura, ya que a trav\u00e9s de los ataques se busca mantener a las mujeres silenciadas, incluso muchas abandonan las plataformas tras sufrir alg\u00fan ataque y sufren consecuencias psicol\u00f3gicas, f\u00edsicas, sociales y sexuales\u201d.<\/p>\n\n\n\n<p class=\"wp-block-paragraph\">La funcionaria de la ONU refiri\u00f3 el informe de \u201cDitch the Label\u201d en el cual se establece que 7 de cada 10 j\u00f3venes en el mundo han sufrido abuso en l\u00ednea por cuestiones de estereotipos y prejuicios. Uno de cada 3 se ha autolesionado, uno de cada 10 ha intentado suicidarse, uno de cada 2 no lo cuenta porque cree que no va a pasar nada, nadie les va a creer, sienten verg\u00fcenza, tienen miedo y no saben d\u00f3nde buscar apoyo.<\/p>\n\n\n\n<p class=\"wp-block-paragraph\">\u201cEl discurso de odio est\u00e1 presente todos los d\u00edas en todas las plataformas y desde los medios se debe informar de la protecci\u00f3n y de las herramientas que proporcionan plataformas como Instagram y Facebook que tienen gu\u00edas contra la intimidaci\u00f3n\u201d.<\/p>\n\n\n\n<h2 class=\"wp-block-heading\">Las morras en defensa<\/h2>\n\n\n\n<p class=\"wp-block-paragraph\">La abogada y activista Leslie Idalia Jim\u00e9nez Urz\u00faa se\u00f1al\u00f3 que en los \u00faltimos a\u00f1os se han incorporado figuras jur\u00eddicas para visibilizar la violencia de g\u00e9nero, donde el Campo Algodonero en Ciudad Ju\u00e1rez fue un caso emblem\u00e1tico que abri\u00f3 la puerta para la tipificaci\u00f3n del feminicidio.<\/p>\n\n\n\n<p class=\"wp-block-paragraph\">La especialista legal dijo que la sentencia del Campo Algodonero habla de la violencia estructural que se vive en el Estado mexicano y las incorporaciones legales que se han hecho, no han sido desde el punto de vista feminista.<\/p>\n\n\n\n<p class=\"wp-block-paragraph\">\u201cLo que tenemos que hacer es empezar a cuestionarnos qu\u00e9 tipo de derecho penal queremos para nosotras. \u00bfUno que busque un castigo sin raz\u00f3n o uno que busque la reparaci\u00f3n integral del da\u00f1o?\u201d<\/p>\n\n\n\n<p class=\"wp-block-paragraph\">Jim\u00e9nez apunt\u00f3 que el tema de la violencia digital es uno de los que m\u00e1s se han polarizado, por lo que es necesario que las instituciones encargadas de la procuraci\u00f3n de justicia y los medios de comunicaci\u00f3n, se replanteen el trato que deben recibir las v\u00edctimas de este delito a fin de evitar revictimizaciones.<\/p>\n\n\n\n<p class=\"wp-block-paragraph\">En su trayectoria ha acompa\u00f1ado a v\u00edctimas de violencia digital y es incre\u00edble que agentes o ministerios p\u00fablicos no sepan ni qu\u00e9 es Instagram, los alcances de Facebook, lo que habla de la urgente necesidad de la capacitaci\u00f3n no s\u00f3lo con la sensibilidad de g\u00e9nero, \u201ccambiar el chip\u201d sino de los alcances tecnol\u00f3gicos y c\u00f3mo afectan a las personas.<\/p>\n\n\n\n<p class=\"wp-block-paragraph\">Por su parte, Sandra Mu\u00f1oz del Frente por la Sororidad pidi\u00f3 darle seguimiento a la Ley Olimpia, caso que puso el tema de la ciberdelincuencia sobre la mesa y en lo cual, M\u00e9xico tiene 20 a\u00f1os de atraso.<\/p>\n\n\n\n<p class=\"wp-block-paragraph\">La Ley Olimpia gener\u00f3 algunas reformas en el C\u00f3digo Penal de la Ciudad de M\u00e9xico, que se engloban en los delitos contra la intimidad, en el art\u00edculo 81 se refiere a quien grabe audio, filme o elabore im\u00e1genes y\/o videos de contenido sexual \u00edntimo de una persona sin su consentimiento o mediante enga\u00f1o.<\/p>\n\n\n\n<p class=\"wp-block-paragraph\">Es un avance pero a\u00fan muy limitado, enfatiz\u00f3 Mu\u00f1oz al indicar que en la C\u00e1mara de Diputados no hay siquiera un consenso en la perspectiva del delito, si bien el tema ya est\u00e1 ah\u00ed y est\u00e1 por emitirse un primer esbozo.<\/p>\n\n\n\n<p class=\"wp-block-paragraph\">Al respecto, Jos\u00e9 Enrique Ju\u00e1rez Cienfuegos, director de Informaci\u00f3n e Inteligencia Cibern\u00e9tica de la Fiscal\u00eda General de la CdMx inform\u00f3 que al estar tipificado el ciberacoso y la ciberdelincuencia se aspira a una atenci\u00f3n integral, aunque todav\u00eda falta capacitaci\u00f3n en la materia y contemplar m\u00faltiples formas del acoso virtual y sus implicaciones.<\/p>\n\n\n\n<p class=\"wp-block-paragraph\">A su vez, la agente especializada \u00c9ricka Mercado Z\u00e1rate, ministerio p\u00fablico y responsable de delitos contra la intimidad ponder\u00f3 que la contenci\u00f3n psicol\u00f3gica a las v\u00edctimas es fundamental para que siga el proceso sin sentir culpa y las instancias salvaguarden su integridad porque el punto de partida es denunciar.<\/p>\n","protected":false},"excerpt":{"rendered":"<p>El fen\u00f3meno se abord\u00f3  Consejo de G\u00e9nero de la OEM, como  un delito en crecimiento y  la necesidad de reconocerlo ya qu\u00e9  se increment\u00f3 la pandemia<\/p>\n","protected":false},"author":3,"featured_media":34960,"comment_status":"open","ping_status":"open","sticky":false,"template":"","format":"standard","meta":{"_monsterinsights_skip_tracking":false,"footnotes":""},"categories":[692,54],"tags":[],"class_list":["post-34959","post","type-post","status-publish","format-standard","has-post-thumbnail","category-692","category-mujeres"],"_links":{"self":[{"href":"https:\/\/redsemlac.com\/semmexico\/wp-json\/wp\/v2\/posts\/34959","targetHints":{"allow":["GET"]}}],"collection":[{"href":"https:\/\/redsemlac.com\/semmexico\/wp-json\/wp\/v2\/posts"}],"about":[{"href":"https:\/\/redsemlac.com\/semmexico\/wp-json\/wp\/v2\/types\/post"}],"author":[{"embeddable":true,"href":"https:\/\/redsemlac.com\/semmexico\/wp-json\/wp\/v2\/users\/3"}],"replies":[{"embeddable":true,"href":"https:\/\/redsemlac.com\/semmexico\/wp-json\/wp\/v2\/comments?post=34959"}],"version-history":[{"count":0,"href":"https:\/\/redsemlac.com\/semmexico\/wp-json\/wp\/v2\/posts\/34959\/revisions"}],"wp:featuredmedia":[{"embeddable":true,"href":"https:\/\/redsemlac.com\/semmexico\/wp-json\/wp\/v2\/media\/34960"}],"wp:attachment":[{"href":"https:\/\/redsemlac.com\/semmexico\/wp-json\/wp\/v2\/media?parent=34959"}],"wp:term":[{"taxonomy":"category","embeddable":true,"href":"https:\/\/redsemlac.com\/semmexico\/wp-json\/wp\/v2\/categories?post=34959"},{"taxonomy":"post_tag","embeddable":true,"href":"https:\/\/redsemlac.com\/semmexico\/wp-json\/wp\/v2\/tags?post=34959"}],"curies":[{"name":"wp","href":"https:\/\/api.w.org\/{rel}","templated":true}]}}