{"id":34955,"date":"2021-05-03T17:32:10","date_gmt":"2021-05-03T23:32:10","guid":{"rendered":"https:\/\/redsemlac.com\/semmexico\/?p=34955"},"modified":"2023-07-21T16:59:22","modified_gmt":"2023-07-21T21:59:22","slug":"cuba-mujeres-lesbianas-defienden-en-las-redes-su-derecho-a-existir","status":"publish","type":"post","link":"https:\/\/redsemlac.com\/semmexico\/cuba-mujeres-lesbianas-defienden-en-las-redes-su-derecho-a-existir\/","title":{"rendered":"Cuba: Mujeres lesbianas defienden en las redes su derecho a existir"},"content":{"rendered":"\n<p class=\"wp-block-paragraph\"><strong>De la redacci\u00f3n<\/strong><\/p>\n\n\n\n<p class=\"wp-block-paragraph\">SemM\u00e9xico\/ SEMlac. La Habana, Cuba. 03 de mayo 2021.- &nbsp;Visibilizar sus realidades e historias, continuar luchando para lograr la garant\u00eda de los derechos a la salud sexual y reproductiva y derrumbar estigmas y prejuicios que hist\u00f3ricamente el patriarcado ha colocado en ellas constituye, para las mujeres lesbianas, una ruta a seguir en el camino hacia la equidad y una sociedad m\u00e1s inclusiva.<\/p>\n\n\n\n<p class=\"wp-block-paragraph\">Activistas de diferentes zonas del pa\u00eds compartieron numerosos mensajes sobre esos temas en las redes sociales, el 26 de abril, D\u00eda de la visibilidad l\u00e9sbica, que se convirti\u00f3 en jornada de lucha por los derechos de las mujeres lesbianas y bisexuales (MLB) en Cuba y contra la discriminaci\u00f3n.<\/p>\n\n\n\n<p class=\"wp-block-paragraph\">\u00abCreemos que es muy necesario y urge mostrar que nuestras familias existen y est\u00e1n perfecta y arm\u00f3nicamente estructuradas\u00bb, dijo a SEMlac Teresa de Jes\u00fas Fern\u00e1ndez, coordinadora nacional de la Red de Mujeres Lesbianas y Bisexuales del Centro Nacional de Educaci\u00f3n Sexual (Cenesex).<\/p>\n\n\n\n<p class=\"wp-block-paragraph\">La coordinadora nacional de la Red de MLB igualmente llam\u00f3 la atenci\u00f3n sobre \u00abla escalada de los mensajes antiderechos, mis\u00f3ginos y contra la perspectiva de g\u00e9nero de los fundamentalistas religiosos\u00bb, un hecho que demuestra todo el trabajo que queda por hacer para desmontar esos discursos.<\/p>\n\n\n\n<p class=\"wp-block-paragraph\">A\u00f1adi\u00f3 que la red trabaja para lograr que se rompan los estigmas, prejuicios y estereotipos que tanto da\u00f1an la dignidad y vida de las personas LGBTIQ, as\u00ed como para que se conozcan sus historias de vida y lo que plantean las investigaciones y la ciencia sobre las orientaciones sexuales y las identidades de g\u00e9nero, que \u00abson realidades humanas, tan humanas como todo lo que la heteronormatividad ensalza\u00bb.<\/p>\n\n\n\n<p class=\"wp-block-paragraph\">Laboran, adem\u00e1s, en funci\u00f3n de sensibilizar a todas las personas posibles de alcanzar, coment\u00f3 Fern\u00e1ndez, quien precis\u00f3 que hacen \u00e9nfasis en la elaboraci\u00f3n y aprobaci\u00f3n de un nuevo C\u00f3digo de las Familias, para lo cual revisan todos los art\u00edculos de la actual Constituci\u00f3n que refrendan los derechos de la poblaci\u00f3n LGTBIQ.<\/p>\n\n\n\n<p class=\"wp-block-paragraph\">Pese a los avances de esos enunciados legislativos, en Cuba las mujeres lesbianas y bisexuales contin\u00faan luchando por su derecho al matrimonio igualitario, a la reproducci\u00f3n asistida y a la adopci\u00f3n, como recordaba una publicaci\u00f3n en Facebook de la plataforma Entrediversidades Cuba.<\/p>\n\n\n\n<p class=\"wp-block-paragraph\">Sobre las brechas y garant\u00edas de sus derechos tambi\u00e9n se pronunciaron en esa red social Las Isabelas, grupo que re\u00fane a las MLB de Santiago de Cuba, a unos 870 kil\u00f3metros de la capital; la revista digital cubana para el empoderamiento de las personas LGBTIQ+ Q de Cuir y diversos activistas como Mercedes Garc\u00eda y Yennys Hern\u00e1ndez Molina, profesora de la Universidad de Oriente.<\/p>\n\n\n\n<p class=\"wp-block-paragraph\">\u00abSomos parte de esta sociedad, tenemos los mismos derechos, pero la realidad es otra\u00bb, resalt\u00f3 una publicaci\u00f3n de Las Isabelas, en la cual exhortaron a seguir la batalla por la equidad y la justicia social, como mujeres valientes y emprendedoras.<\/p>\n\n\n\n<p class=\"wp-block-paragraph\">Asimismo, compartieron numerosas fotograf\u00edas de sus 20 a\u00f1os de activismo y mensajes encaminados a derribar los estereotipos sobre el ser lesbianas, como trasladar a estas parejas los roles de las heterosexuales, o asociar maquillaje y vestimenta con la heterosexualidad.<\/p>\n\n\n\n<p class=\"wp-block-paragraph\">Por su parte, la activista Mercedes Garc\u00eda resalt\u00f3 que, antes que mujeres lesbianas, \u00absomos ciudadanas cubanas y abogamos por el ejercicio pleno de nuestra ciudadan\u00eda, expresado en el acceso efectivo a la participaci\u00f3n pol\u00edtica y social, as\u00ed como al ejercicio de los derechos sexuales y reproductivos sin que medien discriminaciones por motivos de nuestra identidad\u00bb.<\/p>\n\n\n\n<p class=\"wp-block-paragraph\">La calidad de nuestra ciudadan\u00eda va m\u00e1s all\u00e1 del acceso al matrimonio, agreg\u00f3 y demand\u00f3 pol\u00edticas equitativas que garanticen iguales derechos y oportunidades.<\/p>\n\n\n\n<p class=\"wp-block-paragraph\">La visibilidad l\u00e9sbica se construye diariamente, apunt\u00f3 Q de Cuir en su perfil en Facebook: \u00abcuando te reconoces y amas como eres, cuando le tomas la mano a tu pareja en la calle, rectificas a la familia que te pregunta por un novio, o cuando dices &#8216;ella es mi novia&#8217; y no &#8216;mi amiga&#8217; en el trabajo\u00bb, ejemplificaba.<\/p>\n\n\n\n<p class=\"wp-block-paragraph\">La revista consider\u00f3 que el 26 de abril es un d\u00eda para la visibilidad colectiva y para posicionar demandas como los servicios ginecol\u00f3gicos amigables, el acceso a centros educacionales y laborales sin lesbofobia, y una representaci\u00f3n ajustada a la realidad en los medios de comunicaci\u00f3n.<\/p>\n\n\n\n<p class=\"wp-block-paragraph\">La jornada trajo adem\u00e1s la realizaci\u00f3n de un taller virtual sobre el ejercicio de los derechos sexuales en Cuba, promovido por el Cenesex y el segundo que va dirigido a estudiantes de Comunicaci\u00f3n Social de la Universidad de La Habana, la Facultad de Medios Audiovisuales (Famca) del Instituto Superior de Arte (ISA) y el Instituto Superior de Dise\u00f1o (ISDI).<\/p>\n\n\n\n<p class=\"wp-block-paragraph\">La instituci\u00f3n tambi\u00e9n comparti\u00f3 un video por los m\u00e1s de 20 a\u00f1os de activismo de la red nacional, desde el surgimiento en 2000 del grupo Las Isabelas, en Santiago de Cuba; pasando por el primer taller nacional en 2011, hasta el \u00faltimo grupo creado en Holgu\u00edn en 2020, Henriettas, que completa la presencia de activistas en todas las provincias del pa\u00eds.<\/p>\n\n\n\n<p class=\"wp-block-paragraph\">\u00abLas mujeres lesbianas conforman un grupo que sufre una doble discriminaci\u00f3n, la primera por su g\u00e9nero y la segunda por el estigma al que est\u00e1 asociado su orientaci\u00f3n sexual\u00bb, se\u00f1al\u00f3 el Cenesex en su cuenta de Facebook.<\/p>\n\n\n\n<p class=\"wp-block-paragraph\">El grupo feminista Cimarronas, por su parte, comparti\u00f3 las historias de tres mujeres: Isel Calzadilla, coordinadora de Las Isabelas; Teresa de Jes\u00fas Fern\u00e1ndez, y Linda Gilsa Blanco P\u00e9rez, vicecoordinadora de Safo, la Red de Mujeres Lesbianas y Bisexuales de Pinar del R\u00edo.<\/p>\n\n\n\n<p class=\"wp-block-paragraph\">\u00abHay que educar mucho al pueblo, eliminar los prejuicios y los tab\u00faes, que existan leyes que nos amparen y seguir cambiando imaginarios hom\u00f3fobos\u00bb, enfatiz\u00f3 el mensaje de Calzadilla.<\/p>\n\n\n\n<p class=\"wp-block-paragraph\">En tanto, Teresa de Jes\u00fas abogaba por incluir la Educaci\u00f3n Sexual Integral en los curr\u00edculos acad\u00e9micos y crear campa\u00f1as de bien p\u00fablico sobre los derechos sexuales, donde estos aparezcan como derechos humanos b\u00e1sicos.<\/p>\n\n\n\n<p class=\"wp-block-paragraph\">\u00abHasta que las instituciones y la gente de barrio no comprendan eso, no lo asuman como construcci\u00f3n de vida, no vamos a vivir en equidad\u00bb, refer\u00eda la vicecoordinadora de Safo y a\u00f1ad\u00eda: \u00abPara construir un pa\u00eds m\u00e1s justo para las mujeres lesbianas y bisexuales, hay que hablar de ello sin medias tintas, reconocer las injusticias, el acoso, el bullying, la inequidad y combatirlos\u00bb.<\/p>\n","protected":false},"excerpt":{"rendered":"<p>Visibilizar sus realidades e historias, continuar luchando para lograr la garant\u00eda de los derechos a la salud sexual y reproductiva <\/p>\n","protected":false},"author":3,"featured_media":34956,"comment_status":"open","ping_status":"open","sticky":false,"template":"","format":"standard","meta":{"_monsterinsights_skip_tracking":false,"footnotes":""},"categories":[692,53],"tags":[],"class_list":["post-34955","post","type-post","status-publish","format-standard","has-post-thumbnail","category-692","category-internacional"],"_links":{"self":[{"href":"https:\/\/redsemlac.com\/semmexico\/wp-json\/wp\/v2\/posts\/34955","targetHints":{"allow":["GET"]}}],"collection":[{"href":"https:\/\/redsemlac.com\/semmexico\/wp-json\/wp\/v2\/posts"}],"about":[{"href":"https:\/\/redsemlac.com\/semmexico\/wp-json\/wp\/v2\/types\/post"}],"author":[{"embeddable":true,"href":"https:\/\/redsemlac.com\/semmexico\/wp-json\/wp\/v2\/users\/3"}],"replies":[{"embeddable":true,"href":"https:\/\/redsemlac.com\/semmexico\/wp-json\/wp\/v2\/comments?post=34955"}],"version-history":[{"count":0,"href":"https:\/\/redsemlac.com\/semmexico\/wp-json\/wp\/v2\/posts\/34955\/revisions"}],"wp:featuredmedia":[{"embeddable":true,"href":"https:\/\/redsemlac.com\/semmexico\/wp-json\/wp\/v2\/media\/34956"}],"wp:attachment":[{"href":"https:\/\/redsemlac.com\/semmexico\/wp-json\/wp\/v2\/media?parent=34955"}],"wp:term":[{"taxonomy":"category","embeddable":true,"href":"https:\/\/redsemlac.com\/semmexico\/wp-json\/wp\/v2\/categories?post=34955"},{"taxonomy":"post_tag","embeddable":true,"href":"https:\/\/redsemlac.com\/semmexico\/wp-json\/wp\/v2\/tags?post=34955"}],"curies":[{"name":"wp","href":"https:\/\/api.w.org\/{rel}","templated":true}]}}