{"id":34953,"date":"2021-05-03T14:49:54","date_gmt":"2021-05-03T20:49:54","guid":{"rendered":"https:\/\/redsemlac.com\/semmexico\/?p=34953"},"modified":"2023-07-21T16:59:22","modified_gmt":"2023-07-21T21:59:22","slug":"desde-la-mano-izquierda-perspectiva-de-que","status":"publish","type":"post","link":"https:\/\/redsemlac.com\/semmexico\/desde-la-mano-izquierda-perspectiva-de-que\/","title":{"rendered":"Desde la mano izquierda: \u00bfPerspectiva de qu\u00e9?"},"content":{"rendered":"\n<p class=\"wp-block-paragraph\"><strong>Por: Claudia Almaguer<\/strong><\/p>\n\n\n\n<p class=\"wp-block-paragraph\">SemM\u00e9xico. San Luis Potos\u00ed. 03 de mayo 2021.- El pasado 29 de abril el Instituto Nacional Electoral difundi\u00f3 en su cuenta de Twitter una infograf\u00eda de las dimensiones del Padr\u00f3n Electoral en M\u00e9xico. De acuerdo a esos datos de un total de 93,676,029 personas que en el proceso 2020 \u2013 2021 han solicitado su inscripci\u00f3n para obtener su credencial para votar, 48,531,777 son mujeres.<\/p>\n\n\n\n<p class=\"wp-block-paragraph\">Considerando este n\u00famero tiene todo sentido que al cabo de la fortaleza adquirida por el movimiento feminista en los \u00faltimos tiempos (\u00fanica oposici\u00f3n del poder en turno), de la mano con el \u00edmpetu que le proporcionaron la acci\u00f3n pol\u00edtica de las mujeres j\u00f3venes, la denuncia p\u00fablica de diversas formas de violencia, normalizada y silenciada, adem\u00e1s de los previos avances jur\u00eddicos en la materia; haya mayor apertura y una expectativa de participaci\u00f3n activa de las mujeres.<\/p>\n\n\n\n<p class=\"wp-block-paragraph\">Sin embargo, desde diciembre de 2020 augur\u00e1bamos aqu\u00ed cu\u00e1l ser\u00eda el perfil predominante elegido por los partidos por encima del color o la ideolog\u00eda: \u201cun candidato var\u00f3n, casado de preferencia, heterosexual, dos hijos, cat\u00f3lico, empresario o funcionario como referente esencial, tanto as\u00ed que tener el paquete completo es parte de la carrera y en uno se resumen todos\u201d.<\/p>\n\n\n\n<p class=\"wp-block-paragraph\">Pero de la mano con estas caracter\u00edsticas como representaci\u00f3n de la masculinidad hegem\u00f3nica que manda en los partidos pol\u00edticos (aunque tambi\u00e9n presente en candidatas mujeres), es que no se tenga ni idea de lo que significa tener perspectiva de g\u00e9nero y como representarlo en el contexto de las propuestas de un futuro gobierno. Por eso la promesa de los problemas que se alcanzan a mirar, sigue neceando en concebir a las mujeres como un grupo vulnerable y no como el INE las cuenta.<\/p>\n\n\n\n<p class=\"wp-block-paragraph\">Y es que al constituir casi un 52%, es decir m\u00e1s de la mitad de la poblaci\u00f3n que tomar\u00e1 decisiones pol\u00edticas esenciales para el futuro de M\u00e9xico, es l\u00f3gico creer que las circunstancias, experiencias y necesidades de las mujeres est\u00e1n siendo no s\u00f3lo tomadas en cuenta como parte de las campa\u00f1as, sino tambi\u00e9n en el an\u00e1lisis que hacemos miles de mexicanas respecto al pa\u00eds que queremos. Esto hace esperar por ejemplo una representaci\u00f3n igualitaria en medios y en espacios de discusi\u00f3n.<\/p>\n\n\n\n<p class=\"wp-block-paragraph\">Pero tampoco. Recientemente fue publicado un bolet\u00edn del Observatorio Electoral de la Universidad Aut\u00f3noma de San Luis Potos\u00ed que toma de referencia el panorama pol\u00edtico que est\u00e1 atravesando la entidad en el presente proceso. All\u00ed un apartado denominado \u201copiniones de expertos\u201d refiere que se trata de personas que por su trayectoria o formaci\u00f3n se consideran voces autorizadas para hablar de determinados temas durante las campa\u00f1as. De los doce expertos a los que recurrieron los medios de comunicaci\u00f3n solo una es mujer.<\/p>\n\n\n\n<p class=\"wp-block-paragraph\">\u00bfSer\u00e1 la \u00fanica mujer que alcanza esa categor\u00eda de saber de lo que est\u00e1 hablando? Porque en San Luis Potos\u00ed somos poco m\u00e1s de un mill\u00f3n.<\/p>\n\n\n\n<p class=\"wp-block-paragraph\">Y mire, tan habituada est\u00e1 la sociedad potosina a que los hombres le expliquen el mundo, que inclusive ellos deciden quien es feminista y quien no, o que es violencia machista y que no lo es, es decir la&nbsp;<em>expertise<\/em>&nbsp;da para todos los temas y ya no sonroja haber prometido en algunos casos, no sentarse a discutir ning\u00fan asunto de inter\u00e9s p\u00fablico sin mujeres.<\/p>\n\n\n\n<p class=\"wp-block-paragraph\">Entonces no nada m\u00e1s carecen de esta perspectiva las y los pol\u00edticos, sino tambi\u00e9n quienes hablan de ellos y por supuesto los medios de comunicaci\u00f3n que reproducen este discurso sin inmutarse, sin notar la ausencia, era de esperarse en tanto siguen dando a los comunicadores los asuntos \u201cserios\u201d y a las mujeres la secci\u00f3n de sociales.<\/p>\n\n\n\n<p class=\"wp-block-paragraph\">Pero es por lo menos triste, en un pa\u00eds a quien le sale la desigualdad y los prejuicios en 10 mujeres asesinadas todos los d\u00edas, nadie conecta que no habr\u00e1 cambios si no se escucha a ese 52%, o si se pretende resolver los feminicidios con pensiones o despensas. Y para qu\u00e9 tanto miedo si la igualdad no duele. A m\u00e1s ver.<\/p>\n","protected":false},"excerpt":{"rendered":"<p>Tan habituada est\u00e1 la sociedad potosina a que los hombres le expliquen el mundo, que inclusive ellos deciden quien es feminista y quien no, o que es violencia machista y que no lo es<\/p>\n","protected":false},"author":3,"featured_media":30045,"comment_status":"open","ping_status":"open","sticky":false,"template":"","format":"standard","meta":{"_monsterinsights_skip_tracking":false,"footnotes":""},"categories":[692,131,35],"tags":[],"class_list":["post-34953","post","type-post","status-publish","format-standard","has-post-thumbnail","category-692","category-claudia-almaguer","category-opinion"],"_links":{"self":[{"href":"https:\/\/redsemlac.com\/semmexico\/wp-json\/wp\/v2\/posts\/34953","targetHints":{"allow":["GET"]}}],"collection":[{"href":"https:\/\/redsemlac.com\/semmexico\/wp-json\/wp\/v2\/posts"}],"about":[{"href":"https:\/\/redsemlac.com\/semmexico\/wp-json\/wp\/v2\/types\/post"}],"author":[{"embeddable":true,"href":"https:\/\/redsemlac.com\/semmexico\/wp-json\/wp\/v2\/users\/3"}],"replies":[{"embeddable":true,"href":"https:\/\/redsemlac.com\/semmexico\/wp-json\/wp\/v2\/comments?post=34953"}],"version-history":[{"count":0,"href":"https:\/\/redsemlac.com\/semmexico\/wp-json\/wp\/v2\/posts\/34953\/revisions"}],"wp:featuredmedia":[{"embeddable":true,"href":"https:\/\/redsemlac.com\/semmexico\/wp-json\/wp\/v2\/media\/30045"}],"wp:attachment":[{"href":"https:\/\/redsemlac.com\/semmexico\/wp-json\/wp\/v2\/media?parent=34953"}],"wp:term":[{"taxonomy":"category","embeddable":true,"href":"https:\/\/redsemlac.com\/semmexico\/wp-json\/wp\/v2\/categories?post=34953"},{"taxonomy":"post_tag","embeddable":true,"href":"https:\/\/redsemlac.com\/semmexico\/wp-json\/wp\/v2\/tags?post=34953"}],"curies":[{"name":"wp","href":"https:\/\/api.w.org\/{rel}","templated":true}]}}