{"id":34948,"date":"2021-05-03T13:30:53","date_gmt":"2021-05-03T19:30:53","guid":{"rendered":"https:\/\/redsemlac.com\/semmexico\/?p=34948"},"modified":"2023-07-21T16:59:22","modified_gmt":"2023-07-21T21:59:22","slug":"pendientes-153-iniciativas-sobre-violencia-vs-las-mujeres-y-13-sobre-otros-topicos-como-el-sistema-nacional-de-cuidados","status":"publish","type":"post","link":"https:\/\/redsemlac.com\/semmexico\/pendientes-153-iniciativas-sobre-violencia-vs-las-mujeres-y-13-sobre-otros-topicos-como-el-sistema-nacional-de-cuidados\/","title":{"rendered":"Pendientes, 153 iniciativas sobre violencia vs. las mujeres y 13 sobre otros t\u00f3picos como el Sistema Nacional de Cuidados"},"content":{"rendered":"\n<figure class=\"wp-block-image size-large\"><a href=\"https:\/\/redsemlac.com\/semmexico\/2021-lo-mas-destacado\/\" target=\"_blank\" rel=\"https:\/\/redsemlac.com\/semmexico\/2021-lo-mas-destacado\/ noopener\"><img decoding=\"async\" src=\"https:\/\/redsemlac.com\/semmexico\/wp-content\/uploads\/2021\/12\/DESTACADO-BANNER-1024x164.png\" alt=\"\" class=\"wp-image-43481\"\/><\/a><\/figure>\n\n\n\n<ul class=\"wp-block-list\"><li><strong>Solamente seis iniciativas&nbsp; concluyeron &nbsp;el proceso legislativo con su publicaci\u00f3n en el Diario Oficial de la Federaci\u00f3n.<\/strong><\/li><li><strong>Las y los diputados presentaron en este rubro &nbsp;185 iniciativas de reforma de ley y s\u00f3lo aprobaron &nbsp;32<\/strong><\/li><\/ul>\n\n\n\n<p class=\"wp-block-paragraph\"><strong>Libertad L\u00f3pez<\/strong><\/p>\n\n\n\n<p class=\"wp-block-paragraph\">Al cierre de las actividades de la 64 legislatura, seg\u00fan el sistema de Informaci\u00f3n Legislativa, en el Congreso de la Uni\u00f3n, &nbsp;&nbsp;autonombrado &nbsp;\u201cLegislatura de la Paridad\u201d, quedaron, hasta el 8 de abril, 153 iniciativas sobre violencia contra las mujeres, 11 sobre derechos sexuales y reproductivos y 3 diversas, como el Sistema Nacional de Cuidados.<\/p>\n\n\n\n<p class=\"wp-block-paragraph\">Es as\u00ed como la 64 legislatura deja un pendiente grande. Solo en materia de violencia contra las mujeres &nbsp;&nbsp;las y los congresistas&nbsp; presentaron &nbsp;185 iniciativas para reformar la Ley General de Acceso de las Mujeres a una Vida Libre de Violencia.<\/p>\n\n\n\n<p class=\"wp-block-paragraph\">Seg\u00fan el &nbsp;Sistema de Informaci\u00f3n Legislativa, \u00fanicamente seis de las iniciativas para reformar la ley de Acceso, s\u00f3lo se publicaron &nbsp;en el Diario Oficial de la Federaci\u00f3n (DOF), 32, &nbsp;mientras que otras 26 fueron desechadas o retiradas por las y los&nbsp; diputados y senadores.<\/p>\n\n\n\n<p class=\"wp-block-paragraph\">La \u00faltima reforma a la norma publicada fue presentada por la coordinadora parlamentaria del PRD en la diputaci\u00f3n, &nbsp;Ver\u00f3nica Ju\u00e1rez, la cual entr\u00f3 en vigor el pasado 12 de enero del a\u00f1o en curso.<\/p>\n\n\n\n<p class=\"wp-block-paragraph\">La modificaci\u00f3n presentada por la diputada perredista desde noviembre de 2018 tiene por objeto garantizar la participaci\u00f3n de todos los niveles de gobierno en la erradicaci\u00f3n de la violencia de g\u00e9nero, por lo que propuso definir a este tipo de violencia como el conjunto de acciones gubernamentales de emergencia para enfrentar y erradicar la violencia feminicida.<\/p>\n\n\n\n<p class=\"wp-block-paragraph\">Asimismo, el 13 de abril de 2020 se public\u00f3 en el DOF diversas reformas a la Ley General de Acceso de las Mujeres a una Vida Libre de Violencia entre otros ordenamientos, para sancionar y tipificar la violencia pol\u00edtica de g\u00e9nero e incluir la perspectiva de g\u00e9nero en todas las acciones que realicen los organismos electorales y partidos pol\u00edticos.<\/p>\n\n\n\n<p class=\"wp-block-paragraph\">En tanto, el coordinador parlamentario de Morena en el Senado, Ricardo Monreal, propuso en febrero de 2020 unificar la tipificaci\u00f3n del feminicidio en todo el pa\u00eds, tambi\u00e9n plante\u00f3 que dicho delito sea imprescriptible e imponer de 40 a 60 a\u00f1os de prisi\u00f3n y de 750 a 1,500 veces el valor diario de la Unidad de Medida y Actualizaci\u00f3n a quien lo cometa, un asunto que al final de la legislatura qued\u00f3 pendiente.<\/p>\n\n\n\n<p class=\"wp-block-paragraph\">Por su parte, la diputada de Morena, Lorena Villavicencio, propuso en junio del a\u00f1o pasado, la reforma a la Ley Org\u00e1nica de la Fiscal\u00eda General de la Rep\u00fablica con la finalidad de crear Fiscal\u00eda Especializada en feminicidios y violencia de g\u00e9nero y establecer que en los casos de feminicidio y homicidio doloso en contra de mujeres y ni\u00f1as la solicitud de las v\u00edctimas indirectas o sus representantes legales bastar\u00e1 para la atracci\u00f3n del caso.<\/p>\n\n\n\n<p class=\"wp-block-paragraph\">En materia presupuestaria, en representaci\u00f3n del Partido Acci\u00f3n Nacional (PAN), la senadora Martha M\u00e1rquez propuso en septiembre de 2019 una iniciativa con el objetivo de establecer que el Ejecutivo federal garantice los recursos suficientes para el mantenimiento y atenci\u00f3n de refugios para las v\u00edctimas de violencia, y su asignaci\u00f3n no deber\u00e1 ser menor a la del ejercicio fiscal del a\u00f1o anterior. Y quedaron en el aire las observaciones al anexo 13.<\/p>\n\n\n\n<p class=\"wp-block-paragraph\">Se agrega un paquete, de al menos 11 iniciativas para reformar la Ley General de Salud, y abrir un espacio para la Interrupci\u00f3n Legal del Embarazo, que fue \u201csaboteada\u201d en abril, a pesar de foros y discusiones en toda la Rep\u00fablica.<\/p>\n\n\n\n<p class=\"wp-block-paragraph\">Seg\u00fan las legisladoras el asunto que no se refer\u00eda a las reformas penales, trataba de hacer justicia a las m\u00e1s pobres, quienes son las que m\u00e1s mueren por abortos clandestinos, independientemente de algunas decenas de mujeres perseguidas judicialmente, en casos de muy dudosa procedencia, respecto de la ILE, tantos como equivocadamente no eran abortos voluntarios, sino espont\u00e1neos.<\/p>\n\n\n\n<p class=\"wp-block-paragraph\">Igualmente el derecho a la salud sexual y reproductiva, porque en la etapa de la pandemia se han escaseado los productos anticonceptivos,<\/p>\n\n\n\n<p class=\"wp-block-paragraph\">Tres iniciativas, que ahora estar\u00edan en la cancha de la asamblea \u2013la nueva legislatura-, son la de Cuidados, un asunto impulsado desde dentro del r\u00e9gimen, que qued\u00f3 pendiente de dictamen y el que se refiere a los instrumentos menstruales.<\/p>\n\n\n\n<p class=\"wp-block-paragraph\">Los pendientes, podr\u00edan ser retomados por la pr\u00f3xima legislatura, pero tanto la Comisi\u00f3n de Igualdad como la de Derechos Humanos en la C\u00e1mara de la Paridad, consideran que a\u00fan podr\u00edan retomarse en un periodo extraordinario, que en principio, como agenda ha sido rechazado por las dirigencias de Morena, en ambas c\u00e1maras.<\/p>\n","protected":false},"excerpt":{"rendered":"<p>Solamente seis iniciativas  concluyeron  el proceso legislativo con su publicaci\u00f3n en el Diario Oficial de la Federaci\u00f3n.<\/p>\n","protected":false},"author":3,"featured_media":34949,"comment_status":"open","ping_status":"open","sticky":false,"template":"","format":"standard","meta":{"_monsterinsights_skip_tracking":false,"footnotes":""},"categories":[692,633,50,628],"tags":[629],"class_list":["post-34948","post","type-post","status-publish","format-standard","has-post-thumbnail","category-692","category-abril-destacado","category-congreso","category-lo-destacado-2021","tag-destacado2021"],"_links":{"self":[{"href":"https:\/\/redsemlac.com\/semmexico\/wp-json\/wp\/v2\/posts\/34948","targetHints":{"allow":["GET"]}}],"collection":[{"href":"https:\/\/redsemlac.com\/semmexico\/wp-json\/wp\/v2\/posts"}],"about":[{"href":"https:\/\/redsemlac.com\/semmexico\/wp-json\/wp\/v2\/types\/post"}],"author":[{"embeddable":true,"href":"https:\/\/redsemlac.com\/semmexico\/wp-json\/wp\/v2\/users\/3"}],"replies":[{"embeddable":true,"href":"https:\/\/redsemlac.com\/semmexico\/wp-json\/wp\/v2\/comments?post=34948"}],"version-history":[{"count":0,"href":"https:\/\/redsemlac.com\/semmexico\/wp-json\/wp\/v2\/posts\/34948\/revisions"}],"wp:featuredmedia":[{"embeddable":true,"href":"https:\/\/redsemlac.com\/semmexico\/wp-json\/wp\/v2\/media\/34949"}],"wp:attachment":[{"href":"https:\/\/redsemlac.com\/semmexico\/wp-json\/wp\/v2\/media?parent=34948"}],"wp:term":[{"taxonomy":"category","embeddable":true,"href":"https:\/\/redsemlac.com\/semmexico\/wp-json\/wp\/v2\/categories?post=34948"},{"taxonomy":"post_tag","embeddable":true,"href":"https:\/\/redsemlac.com\/semmexico\/wp-json\/wp\/v2\/tags?post=34948"}],"curies":[{"name":"wp","href":"https:\/\/api.w.org\/{rel}","templated":true}]}}