{"id":34946,"date":"2021-05-03T13:28:14","date_gmt":"2021-05-03T19:28:14","guid":{"rendered":"https:\/\/redsemlac.com\/semmexico\/?p=34946"},"modified":"2023-07-21T16:59:23","modified_gmt":"2023-07-21T21:59:23","slug":"hechos-horrorosos","status":"publish","type":"post","link":"https:\/\/redsemlac.com\/semmexico\/hechos-horrorosos\/","title":{"rendered":"Hechos Horrorosos"},"content":{"rendered":"\n<h2 class=\"wp-block-heading\"><strong>Letra Clara<\/strong><\/h2>\n\n\n\n<p class=\"wp-block-paragraph\"><strong>Teresa Vald\u00e9s Betancourt<\/strong><\/p>\n\n\n\n<p class=\"wp-block-paragraph\">SemM\u00e9xico, Colima, Col. 3 de mayo, 2021.- Verdaderamente&nbsp; pavorosos fueron los sucesos que coincidieron con la celebraci\u00f3n en M\u00e9xico del 30 de abril, declarado D\u00eda Universal del Ni\u00f1o, cuando se conocieron&nbsp; los testimonio&nbsp; de un adolescente var\u00f3n de hechos horrorosos de violaci\u00f3n y abuso sexual repetido a varias v\u00edctimas, por los cuales se acusa al diputado federal Benjam\u00edn Huerta Corona, del partido de Morena, sancionado con la expulsi\u00f3n de las filas militantes y con la exigencia de que tambi\u00e9n, sea desaforado \u201cde inmediato\u201d, para que la fiscal\u00eda pueda proceder en su contra.<\/p>\n\n\n\n<p class=\"wp-block-paragraph\">Resulta significativo reflexionar sobre estos actos en los cuales los ni\u00f1os temen denunciar la acciones de esos pederastas por los prejuicios que significan para su propia autoestima masculina, en consecuencia, resultan m\u00e1s conocidas las manifestaciones de violencia sexual contra ni\u00f1as, adolescentes y mujeres.<\/p>\n\n\n\n<p class=\"wp-block-paragraph\">El D\u00eda Universal del Ni\u00f1o, fue creado para conmemorar a las v\u00edctimas infantiles que perecieron durante la Primera Guerra Mundial. La Organizaci\u00f3n de las Naciones Unidas, ONU, eligi\u00f3 el 20 de noviembre &nbsp;para recordar la fecha, pues coincide con los acuerdos de la Declaraci\u00f3n de los Derechos del Ni\u00f1o, en Ginebra el 20 de noviembre de 1959, con la propuesta que cada pa\u00eds, estableciera un d\u00eda para celebrar a los ni\u00f1os, con actividades que estimulen su mejor desarrollo y desde 1924, en M\u00e9xico, se festeja el 30 de abril.<\/p>\n\n\n\n<p class=\"wp-block-paragraph\">Como curiosidad de las diferencias internacionales, est\u00e1n las fechas de festejos en diversos pa\u00edses: En Argentina se celebra el tercer domingo de agosto; en Paraguay el 31 de mayo; mientras que en China el 1 de junio. Otros pa\u00edses como Cuba, Panam\u00e1 y Venezuela lo celebran el tercer domingo de julio; en Brasil es el 12 de octubre; mientras que en Bolivia y Hait\u00ed el 12 de abril. En Estados Unidos ese d\u00eda se celebra el segundo domingo de junio, en Costa Rica el 9 de septiembre y en Taiw\u00e1n el 4 de abril.<\/p>\n\n\n\n<p class=\"wp-block-paragraph\">La Declaraci\u00f3n de Ginebra estableci\u00f3 que <em>los ni\u00f1os<\/em> tienen derecho al \u00abdesarrollo material, moral y espiritual; a recibir ayuda especial cuando est\u00e1 hambriento, enfermo, discapacitado o hu\u00e9rfano; a que se le socorra en primer lugar en situaciones graves; a quedar exento de cualquier explotaci\u00f3n econ\u00f3mica y recibir una educaci\u00f3n que le inculque un cierto sentido de responsabilidad social\u00bb.<\/p>\n\n\n\n<p class=\"wp-block-paragraph\">El tema del lenguaje atrae tambi\u00e9n la propuesta de incorporar a la denominaci\u00f3n de los festejos el \u201c<em>d\u00eda de la ni\u00f1a y el ni\u00f1o<\/em>\u201d pero, en&nbsp; 1995, la Conferencia Mundial sobre la Mujer en Beijing, los pa\u00edses adoptaron por&nbsp; unanimidad la Declaraci\u00f3n y Plataforma de Acci\u00f3n de Beijing para promover los derechos no solo de las mujeres sino tambi\u00e9n de las ni\u00f1as.<\/p>\n\n\n\n<p class=\"wp-block-paragraph\">Esta Declaraci\u00f3n de Beijing es la primera en llamar espec\u00edficamente a los derechos de las ni\u00f1as. Y se aprob\u00f3 nombrar &nbsp;el 11 de octubre como D\u00eda Internacional de la Ni\u00f1a, para reconocer sus derechos&nbsp; humanos.<\/p>\n\n\n\n<p class=\"wp-block-paragraph\">Se trata de examinar las diferencias especialmente, las que implican&nbsp; problem\u00e1ticas de las ni\u00f1as y ni\u00f1os que viven en condiciones de pobreza, discriminaci\u00f3n de razas, etnias, culturas, en el orden social y que, en lo privado, tambi\u00e9n son v\u00edctimas de las violencias, en el seno familiar.<\/p>\n\n\n\n<p class=\"wp-block-paragraph\">En los horrorosos casos que hoy est\u00e1n en la palestra p\u00fablica, de violaciones a los ni\u00f1os varones, la denuncia los revictimiza igual que a las ni\u00f1as pero a ellos, como victimas tambi\u00e9n les resquebraja en la opini\u00f3n p\u00fablica signada por&nbsp; estrechos patrones patriarcales su condici\u00f3n de hombre y hasta su futura identidad masculina, quiz\u00e1s por eso, el miedo a la denuncia es mayor por parte de la familia.<\/p>\n\n\n\n<p class=\"wp-block-paragraph\">El 30 de abril para el ni\u00f1o y el 11 de octubre para la ni\u00f1a, fueron y ser\u00e1n festejos que se realicen en conjunto, con las limitaciones que impone la pandemia. Lamentable todav\u00eda la lentitud del proceso de desafuero&nbsp; contra violador diputado federal Benjam\u00edn Huerta Corona, de justamente expulsado de las filas del partido de Morena. Ni\u00f1as y ni\u00f1os merecen lo mejor para su presente y el futuro inmediato de la sociedad, porque la igualdad es social y las diferencias son individuales y humanas.<\/p>\n\n\n\n<p class=\"wp-block-paragraph\">@Letra Clara<\/p>\n","protected":false},"excerpt":{"rendered":"<p>Letra Clara<\/p>\n","protected":false},"author":3,"featured_media":9180,"comment_status":"open","ping_status":"open","sticky":false,"template":"","format":"standard","meta":{"_monsterinsights_skip_tracking":false,"footnotes":""},"categories":[692,101,35,79],"tags":[],"class_list":["post-34946","post","type-post","status-publish","format-standard","has-post-thumbnail","category-692","category-letra-clara","category-opinion","category-teresa-valdes-betancourt"],"_links":{"self":[{"href":"https:\/\/redsemlac.com\/semmexico\/wp-json\/wp\/v2\/posts\/34946","targetHints":{"allow":["GET"]}}],"collection":[{"href":"https:\/\/redsemlac.com\/semmexico\/wp-json\/wp\/v2\/posts"}],"about":[{"href":"https:\/\/redsemlac.com\/semmexico\/wp-json\/wp\/v2\/types\/post"}],"author":[{"embeddable":true,"href":"https:\/\/redsemlac.com\/semmexico\/wp-json\/wp\/v2\/users\/3"}],"replies":[{"embeddable":true,"href":"https:\/\/redsemlac.com\/semmexico\/wp-json\/wp\/v2\/comments?post=34946"}],"version-history":[{"count":0,"href":"https:\/\/redsemlac.com\/semmexico\/wp-json\/wp\/v2\/posts\/34946\/revisions"}],"wp:featuredmedia":[{"embeddable":true,"href":"https:\/\/redsemlac.com\/semmexico\/wp-json\/wp\/v2\/media\/9180"}],"wp:attachment":[{"href":"https:\/\/redsemlac.com\/semmexico\/wp-json\/wp\/v2\/media?parent=34946"}],"wp:term":[{"taxonomy":"category","embeddable":true,"href":"https:\/\/redsemlac.com\/semmexico\/wp-json\/wp\/v2\/categories?post=34946"},{"taxonomy":"post_tag","embeddable":true,"href":"https:\/\/redsemlac.com\/semmexico\/wp-json\/wp\/v2\/tags?post=34946"}],"curies":[{"name":"wp","href":"https:\/\/api.w.org\/{rel}","templated":true}]}}