{"id":34943,"date":"2021-05-03T13:26:45","date_gmt":"2021-05-03T19:26:45","guid":{"rendered":"https:\/\/redsemlac.com\/semmexico\/?p=34943"},"modified":"2023-07-21T16:59:23","modified_gmt":"2023-07-21T21:59:23","slug":"zacatecas-un-estado-desigual-para-las-mujeres-y-grupos-indigenas-lupita-medina-del-pes","status":"publish","type":"post","link":"https:\/\/redsemlac.com\/semmexico\/zacatecas-un-estado-desigual-para-las-mujeres-y-grupos-indigenas-lupita-medina-del-pes\/","title":{"rendered":"Zacatecas un estado desigual para las mujeres y grupos ind\u00edgenas: Lupita Medina del PES"},"content":{"rendered":"\n<ul class=\"wp-block-list\"><li><strong>Quiero ser la voz de las mujeres violentadas en la pol\u00edtica\u201d, Bibiana Lizardo Movimiento Dignidad<\/strong><\/li><li><strong>La inclusi\u00f3n no ser\u00e1 bandera medi\u00e1tica sino valor humano, Ana Mar\u00eda Romo MC.<\/strong><\/li><li><strong>Que regresen los beneficios que Morena le quito a las mujeres, Claudia Anaya Mota, PAN, PRI, PRD<\/strong><strong><\/strong><\/li><\/ul>\n\n\n\n<p class=\"wp-block-paragraph\"><strong>Elda Montiel<\/strong><\/p>\n\n\n\n<p class=\"wp-block-paragraph\">SemM\u00e9xico, Cd. de M\u00e9xico, 3 de mayo 2021.- El tema de las mujeres no fue lo m\u00e1s destacado entre las y los candidatos que ayer debatieron p\u00fablicamente para contender por la gubernatura &nbsp;en Zacatecas, pero si las descalificaciones veladas o directas entre quienes contienden en partidos y &nbsp;coaliciones, entre s\u00ed, como Claudia Anaya Mota y David Monreal, y de la candidata Miriam Garc\u00eda de Fuerza por M\u00e9xico que ocup\u00f3 parte de su tiempo en acusar de fraude a Claudia Anaya Mota.<\/p>\n\n\n\n<p class=\"wp-block-paragraph\">Fue la candidata Salom\u00e9 Perera del Partido Redes Sociales Progresistas (RSP), quien al inicio del debate se present\u00f3 como una mujer transg\u00e9nero quien refiri\u00f3 que \u201clos machistas se oponen a su candidatura y que sabe lo que es la lucha contra la desigualdad\u201d, la que hizo un llamado a generar igualdad y dar prioridad a las mujeres evitando toda discriminaci\u00f3n contra mujeres y ni\u00f1as y para que ninguna mujer se quede callada.<\/p>\n\n\n\n<p class=\"wp-block-paragraph\">Reto a los candidatos a presentar de manera publica su 3 de 3 y expreso que reformara la ley para que se castiguen m\u00e1s delitos de violencia de g\u00e9nero y se buscara m\u00e1s presupuesto para el sistema de impartici\u00f3n de justicia y que exista una verdadera profesionalizaci\u00f3n de carrera.<\/p>\n\n\n\n<p class=\"wp-block-paragraph\">Dijo que promover\u00e1 las leyes de adopci\u00f3n homoparental, identidad de g\u00e9nero y matrimonio igualitario, as\u00ed como que buscar\u00e1 la sanci\u00f3n contra toda clase de discriminaci\u00f3n. Agreg\u00f3 que crear\u00e1 un organismo para apoyo a la comunidad LGBTTIQ<\/p>\n\n\n\n<h2 class=\"wp-block-heading\"><strong>Que las mujeres vivan seguras y ser la voz de las mujeres violentadas<\/strong><\/h2>\n\n\n\n<p class=\"wp-block-paragraph\">Mar\u00eda Guadalupe Medina la candidata del Partido Encuentro Solidario (PES), que se present\u00f3 como Lupita Medina se defini\u00f3 asimismo como una mujer preparada y combativa, defensora de los derechos humanos y f\u00e9rrea defensora de la familia, quien refiri\u00f3 que Zacatecas es un estado desigual para las mujeres y grupos ind\u00edgenas no consideradas en las instituciones y que no hay inclusi\u00f3n en la movilidad para discapacitados. Asegur\u00f3 que, con ella como gobernadora, las mujeres vivir\u00e1n seguras.<\/p>\n\n\n\n<p class=\"wp-block-paragraph\">Bibiana Lizardo del Partido Movimiento Dignidad hizo \u00e9nfasis que su presencia obedec\u00eda a que anteriormente estaba registrado Edgar Rivera, sin embargo y bajo protesta ante las autoridades electorales, dijo que \u201cno vine a suplir a nadie, quiero ser la voz de las mujeres violentadas en la pol\u00edtica\u201d y pidi\u00f3 disculpas por no ser una pol\u00edtica experimentada, pero si contend\u00eda con honestidad y transparencia.<\/p>\n\n\n\n<p class=\"wp-block-paragraph\">Expres\u00f3 que su administraci\u00f3n tendr\u00e1 propuestas con perspectiva y enfoque de g\u00e9nero. Abund\u00f3 que la pol\u00edtica del campo es machista y que sumar\u00e1 a las mujeres a los programas en este rubro. Propuso fomentar proyectos productivos a las mujeres.<\/p>\n\n\n\n<p class=\"wp-block-paragraph\">Ana Mar\u00eda Romo la candidata de Movimiento Ciudadano (MC) dijo que no habr\u00e1 distinci\u00f3n en su gobierno y que la inclusi\u00f3n no ser\u00e1 bandera medi\u00e1tica sino un valor humano. Llam\u00f3 a respetar los derechos de las minor\u00edas y&nbsp;prometi\u00f3 que todos los zacatecanos ver\u00e1n palpables sus derechos humanos.<\/p>\n\n\n\n<p class=\"wp-block-paragraph\">Por su parte Claudia Anaya Mota de la Coalici\u00f3n PRI, PAN, PRD, consider\u00f3 que es necesario generar contrapesos para que regresen los beneficios que Morena quito como las estancias infantiles que eran espacios seguros para dejar a los menores y poder ir a trabajar, y que elimino cr\u00e9ditos para proyectos productivos que favorec\u00edan a la poblaci\u00f3n en vulnerabilidad.<\/p>\n\n\n\n<p class=\"wp-block-paragraph\">Claudia Anaya dijo que todas las puertas han estado abiertas para quienes padecen discriminaci\u00f3n. Record\u00f3 que han ofendido a las mujeres y mencion\u00f3 el hecho que David Monreal manoseo a su compa\u00f1era de partido.<\/p>\n\n\n\n<p class=\"wp-block-paragraph\">Miriam Garc\u00eda candidata de Fuerza por M\u00e9xico, se\u00f1al\u00f3 que todos quienes busquen una soluci\u00f3n la tendr\u00e1n y que no dar\u00e1 la espalda al sector de discapacitados. En su presentaci\u00f3n dijo que no se servir\u00e1 de la pol\u00edtica, sino que la utilizar\u00e1 para servir a la poblaci\u00f3n y utilizo su tiempo para descalificar a Claudia Anaya Mota con malos manejos en su fundaci\u00f3n.<\/p>\n\n\n\n<p class=\"wp-block-paragraph\">El candidato de la Coalici\u00f3n PT, PV, MORENA, ALIANZA VA POR M\u00c9XICO, declar\u00f3 que su gobierno ser\u00e1 incluyente y que dar\u00e1 oportunidad a todos los sectores vulnerables, pero sin referirse en espec\u00edfico a las mujeres solo dijo que con una sociedad progresista e incluyente va a transformar Zacatecas.<\/p>\n\n\n\n<p class=\"wp-block-paragraph\">Pero si puso \u00e9nfasis en su presentaci\u00f3n en llamarse \u201cmonrealista\u201d y \u201clopezobradorista\u201d.<\/p>\n\n\n\n<p class=\"wp-block-paragraph\">Mientras que Flavio Campos de PAZ dijo que est\u00e1 a favor del matrimonio igualitario y que no hay que meter \u201cdebajo del tapete\u201d a la poblaci\u00f3n por sus preferencias sexuales. Dijo que se debe garantizar el acceso a la educaci\u00f3n y una pensi\u00f3n para discapacitados y adultos mayores.<\/p>\n\n\n\n<p class=\"wp-block-paragraph\">Javier Valadez Becerra del Partido del Pueblo, rechazo contestar la pregunta sobre violencia de g\u00e9nero por abundar en el tema de la seguridad del estado para se\u00f1alar al gobernador actual ante tanta violencia y da\u00f1o econ\u00f3mico y social por lo que llamo a limpiar la corrupci\u00f3n de las instituciones.<\/p>\n\n\n\n<p class=\"wp-block-paragraph\">Consider\u00f3 que es necesario implementar tareas de gobierno que atiendan a grupos minoritarios y debe aceptarse el derecho de todas personas a reivindicar su identidad y repudiar cualquier forma de violencia y discriminaci\u00f3n contra las mujeres y ni\u00f1as. Agreg\u00f3 que se debe proteger a las v\u00edctimas.<\/p>\n\n\n\n<h2 class=\"wp-block-heading\"><strong>Las descalificaciones<\/strong><\/h2>\n\n\n\n<p class=\"wp-block-paragraph\">Las descalificaciones directas vinieron entre Claudia Anaya Mota y David Monreal \u00c1vila. Claudia Anaya afirm\u00f3 que David Monreal era corrupto desde que era presidente municipal, lo acuso del mal manejo del Cr\u00e9dito Ganadero a la Palabra, por utilizar empresas fantasmas. Indic\u00f3 que la empresa AyG no tiene datos fiscales y pidi\u00f3 a la ciudadan\u00eda que no permita que da\u00f1e a Zacatecas.<\/p>\n\n\n\n<p class=\"wp-block-paragraph\">Abundo que \u201cse hace la v\u00edctima y se hace el m\u00e1rtir\u201d. Dijo que no se le debe creer a la gente que siempre miente y dijo que los Monreal mienten en cada momento. Tambi\u00e9n se refiri\u00f3 que no fue productivo en su trabajo legislativo y que eso es corrupci\u00f3n no hacer el trabajo por el que se le paga.<\/p>\n\n\n\n<p class=\"wp-block-paragraph\">David Monreal le dijo a Claudia Nava que \u201cya no mientas\u201d. Preciso que la Auditoria Superior de la Federaci\u00f3n (ASF) ya hizo su trabajo en la revisi\u00f3n del programa. Invit\u00f3 a Anaya Mota a revisar los resultados de las auditor\u00edas. Pidi\u00f3 a la poblaci\u00f3n no dejarse enga\u00f1ar.<\/p>\n\n\n\n<p class=\"wp-block-paragraph\">Asegur\u00f3 que los Monreal \u201cno fallamos, ya lo hice como presidente municipal, y asegur\u00f3 que la \u201ctercera es la vencida\u201d. &nbsp;<\/p>\n\n\n\n<p class=\"wp-block-paragraph\">David Monreal \u00c1vila culp\u00f3 al \u00abPRIAN\u00bb por la prevalencia de los c\u00e1rteles del crimen organizado, dijo que por fortuna ya se comenz\u00f3 a poner orden en la casa. Agreg\u00f3 que dotar\u00e1n a Zacatecas con la presencia de la Guardia Nacional en los 58 municipios.<\/p>\n\n\n\n<p class=\"wp-block-paragraph\">Miriam Garc\u00eda Zamora quien por un accidente automovil\u00edstico utiliza silla de ruedas encaro a Claudia Anaya \u201cestuve tras de ti m\u00e1s de un a\u00f1o, rehabilitarme el primer a\u00f1o me generaba 300 mil pesos, me ayudaste con 10 mil pesos cuando eras diputada, que has hecho con los recursos millonarios de tu fundaci\u00f3n\u201d. Tambi\u00e9n le pidi\u00f3 a Claudia que deje de mentir y le dijo: \u201cTu no hueles a gobernadora, hueles a corrupci\u00f3n\u201d.<\/p>\n\n\n\n<p class=\"wp-block-paragraph\">Bibiana Lizardo del Movimiento Dignidad se deslind\u00f3 de formar parte de las descalificaciones. <strong><\/strong><\/p>\n\n\n\n<p class=\"wp-block-paragraph\">Lupita Medina culpo a los partidos del PRI, MORENA y PRD de tener en la pobreza a la entidad y convoco a los candidatos Claudia Anaya y David Monreal a recorrer comunidades y colonias. Califico de opacos los \u00faltimos gobiernos en la entidad.<\/p>\n\n\n\n<p class=\"wp-block-paragraph\">De su participaci\u00f3n destac\u00f3 establecer un Banco solidario migrante para traer los recursos de un mill\u00f3n 700 mil zacatecanos viven en Estados unidos.<\/p>\n\n\n\n<p class=\"wp-block-paragraph\">Es necesario escuchar a la poblaci\u00f3n y asegur\u00f3 que tendr\u00e1 un gobierno con funcionarios honestos, pues combatir\u00e1 la corrupci\u00f3n de la mano con la ciudadan\u00eda. \u201cNo vamos a permitir el enriquecimiento il\u00edcito, lo vamos a denunciar\u201d.<\/p>\n\n\n\n<p class=\"wp-block-paragraph\">Javier Valadez Sierra del Partido del Pueblo, formado en la Universidad Aut\u00f3noma de Zacatecas refiri\u00f3 que se necesita \u201cuna pol\u00edtica p\u00fablica con interlocuci\u00f3n directa no m\u00e1s ocurrencias de cualquier gobernante\u201d.<\/p>\n\n\n\n<p class=\"wp-block-paragraph\">Mientras que Flavio Campos de PAZ llamo a las y los zacatecanos a que no se reduzca la elecci\u00f3n a dos opciones y que no se dejen enga\u00f1ar, expres\u00f3 \u201cel poder no nos das el voto, no venimos por un puesto venimos por causas y las vamos a defender en donde estemos\u201d.<\/p>\n\n\n\n<p class=\"wp-block-paragraph\">En punto de las 18:00 horas, los nueve candidatos a la gubernatura del estado de Zacatecas iniciaron el primer debate organizado por el Instituto Electoral del Estado en el Palacio de Convenciones. &nbsp;El debate dur\u00f3 poco m\u00e1s de dos horas y se abordaron temas relacionados con desarrollo econ\u00f3mico, seguridad p\u00fablica, educaci\u00f3n, igualdad e inclusi\u00f3n, salud, transparencia, pobreza, combate a la corrupci\u00f3n, agua y medio ambiente.<\/p>\n","protected":false},"excerpt":{"rendered":"<p>Quiero ser la voz de las mujeres violentadas en la pol\u00edtica\u201d, Bibiana Lizardo Movimiento Dignidad<\/p>\n","protected":false},"author":3,"featured_media":34944,"comment_status":"open","ping_status":"open","sticky":false,"template":"","format":"standard","meta":{"_monsterinsights_skip_tracking":false,"footnotes":""},"categories":[692,141],"tags":[],"class_list":["post-34943","post","type-post","status-publish","format-standard","has-post-thumbnail","category-692","category-elecciones-2020-2021"],"_links":{"self":[{"href":"https:\/\/redsemlac.com\/semmexico\/wp-json\/wp\/v2\/posts\/34943","targetHints":{"allow":["GET"]}}],"collection":[{"href":"https:\/\/redsemlac.com\/semmexico\/wp-json\/wp\/v2\/posts"}],"about":[{"href":"https:\/\/redsemlac.com\/semmexico\/wp-json\/wp\/v2\/types\/post"}],"author":[{"embeddable":true,"href":"https:\/\/redsemlac.com\/semmexico\/wp-json\/wp\/v2\/users\/3"}],"replies":[{"embeddable":true,"href":"https:\/\/redsemlac.com\/semmexico\/wp-json\/wp\/v2\/comments?post=34943"}],"version-history":[{"count":0,"href":"https:\/\/redsemlac.com\/semmexico\/wp-json\/wp\/v2\/posts\/34943\/revisions"}],"wp:featuredmedia":[{"embeddable":true,"href":"https:\/\/redsemlac.com\/semmexico\/wp-json\/wp\/v2\/media\/34944"}],"wp:attachment":[{"href":"https:\/\/redsemlac.com\/semmexico\/wp-json\/wp\/v2\/media?parent=34943"}],"wp:term":[{"taxonomy":"category","embeddable":true,"href":"https:\/\/redsemlac.com\/semmexico\/wp-json\/wp\/v2\/categories?post=34943"},{"taxonomy":"post_tag","embeddable":true,"href":"https:\/\/redsemlac.com\/semmexico\/wp-json\/wp\/v2\/tags?post=34943"}],"curies":[{"name":"wp","href":"https:\/\/api.w.org\/{rel}","templated":true}]}}