{"id":34901,"date":"2021-05-02T13:16:09","date_gmt":"2021-05-02T19:16:09","guid":{"rendered":"https:\/\/redsemlac.com\/semmexico\/?p=34901"},"modified":"2023-07-21T16:59:24","modified_gmt":"2023-07-21T21:59:24","slug":"amonestan-a-alcaldesa-de-tizayuca-por-inequidad-en-contienda-electoral","status":"publish","type":"post","link":"https:\/\/redsemlac.com\/semmexico\/amonestan-a-alcaldesa-de-tizayuca-por-inequidad-en-contienda-electoral\/","title":{"rendered":"Amonestan a alcaldesa de Tizayuca por inequidad en contienda electoral"},"content":{"rendered":"\n<ul class=\"wp-block-list\"><li><strong>Acuerdo del Tribunal Electoral del Estado de Hidalgo<\/strong><\/li><\/ul>\n\n\n\n<ul class=\"wp-block-list\"><li><strong>Hacia propaganda a los contendientes de MORENA<\/strong><\/li><\/ul>\n\n\n\n<p class=\"wp-block-paragraph\"><strong>Por Ignacio Garc\u00eda<\/strong><\/p>\n\n\n\n<p class=\"wp-block-paragraph\">SemM\u00e9xico, Pachuca, Hidalgo, 2 de mayo, 2021.- Los magistrados del Tribunal Electoral del Estado de Hidalgo (TEEH) amonestaron p\u00fablicamente a la alcaldesa de Tizayuca, Susana \u00c1ngeles Quesada, por inequidad en la contienda electoral al expresar p\u00fablicamente su apoyo a los contendientes del Movimiento de Regeneraci\u00f3n Nacional (Morena) a las diputaciones locales.<\/p>\n\n\n\n<p class=\"wp-block-paragraph\">Los togados resolvieron el recurso TEEH-PES-010-2021 interpuesto por la ciudadana Lluvia Jarillo de la Vega, despu\u00e9s de que la alcaldesa public\u00f3 en su cuenta de Facebook una imagen en donde sostiene lonas y pancartas de Morena en favor de Virginia Alvarado Vargas y Luis Casta\u00f1eda Mu\u00f1oz, a quienes consider\u00f3 como los impulsores de la transformaci\u00f3n en el municipio el pasado 14 de febrero.<\/p>\n\n\n\n<p class=\"wp-block-paragraph\">Los magistrados consideraron que se acredit\u00f3 la violaci\u00f3n de la parcialidad en la contienda electoral, pues se\u00f1alaron que la presidenta municipal debe mantener m\u00e1s mesura al expresar sus opiniones pol\u00edticas en su encargo p\u00fablico, por lo que no debe vulnerar la neutralidad del proceso electoral.<\/p>\n\n\n\n<p class=\"wp-block-paragraph\">Por ello, consideraron que pudo influir en el proceso electoral al sea una presidenta municipal en funciones y por ello instaron a los dem\u00e1s alcaldes a abstenerse a manifestar sus apoyos pol\u00edticos durante el actual proceso electoral, para que se garantice la neutralidad e imparcialidad en la contienda.<\/p>\n\n\n\n<p class=\"wp-block-paragraph\">En la misma sesi\u00f3n, los integrantes del TEEH revocaron la postulaci\u00f3n de Humberto Endonio Salinas como candidato a diputado local por el distrito de Huichapan en la coalici\u00f3n \u201cJuntos haremos historia\u201d, integrada por Morena, el Partido Verde Ecologista de M\u00e9xico (PVEM), el Partido del Trabajo (PT) y el Partido Nueva Alianza (Panal).<\/p>\n\n\n\n<p class=\"wp-block-paragraph\">Asimismo, ratificaron las candidaturas de Vicente Charrez Pedraza como candidato de la coalici\u00f3n \u201cJuntos haremos historia\u201d a la diputaci\u00f3n local del distrito de Ixmiquilpan, as\u00ed como al regidor independiente Ricardo Crespo Arroyo como aspirante de esa misma coalici\u00f3n a diputado local por la v\u00eda de representaci\u00f3n proporcional.<\/p>\n\n\n\n<p class=\"wp-block-paragraph\">Adem\u00e1s, los magistrados pidieron al Instituto Estatal Electoral (IEEH) revisar las postulaciones de V\u00edctor Manuel Coria Hern\u00e1ndez y Jacinto M\u00e9ndez como aspirantes a diputados locales por representaci\u00f3n proporcional por el partido pol\u00edtico local M\u00e1s Por Hidalgo para determinar si cumplieron con el requisito de personas con discapacidad.<\/p>\n","protected":false},"excerpt":{"rendered":"<p>Acuerdo del Tribunal Electoral del Estado de Hidalgo<\/p>\n","protected":false},"author":3,"featured_media":34902,"comment_status":"open","ping_status":"open","sticky":false,"template":"","format":"standard","meta":{"_monsterinsights_skip_tracking":false,"footnotes":""},"categories":[692,141],"tags":[],"class_list":["post-34901","post","type-post","status-publish","format-standard","has-post-thumbnail","category-692","category-elecciones-2020-2021"],"_links":{"self":[{"href":"https:\/\/redsemlac.com\/semmexico\/wp-json\/wp\/v2\/posts\/34901","targetHints":{"allow":["GET"]}}],"collection":[{"href":"https:\/\/redsemlac.com\/semmexico\/wp-json\/wp\/v2\/posts"}],"about":[{"href":"https:\/\/redsemlac.com\/semmexico\/wp-json\/wp\/v2\/types\/post"}],"author":[{"embeddable":true,"href":"https:\/\/redsemlac.com\/semmexico\/wp-json\/wp\/v2\/users\/3"}],"replies":[{"embeddable":true,"href":"https:\/\/redsemlac.com\/semmexico\/wp-json\/wp\/v2\/comments?post=34901"}],"version-history":[{"count":0,"href":"https:\/\/redsemlac.com\/semmexico\/wp-json\/wp\/v2\/posts\/34901\/revisions"}],"wp:featuredmedia":[{"embeddable":true,"href":"https:\/\/redsemlac.com\/semmexico\/wp-json\/wp\/v2\/media\/34902"}],"wp:attachment":[{"href":"https:\/\/redsemlac.com\/semmexico\/wp-json\/wp\/v2\/media?parent=34901"}],"wp:term":[{"taxonomy":"category","embeddable":true,"href":"https:\/\/redsemlac.com\/semmexico\/wp-json\/wp\/v2\/categories?post=34901"},{"taxonomy":"post_tag","embeddable":true,"href":"https:\/\/redsemlac.com\/semmexico\/wp-json\/wp\/v2\/tags?post=34901"}],"curies":[{"name":"wp","href":"https:\/\/api.w.org\/{rel}","templated":true}]}}