{"id":34893,"date":"2021-04-28T15:30:00","date_gmt":"2021-04-28T21:30:00","guid":{"rendered":"https:\/\/redsemlac.com\/semmexico\/?p=34893"},"modified":"2023-07-21T16:59:25","modified_gmt":"2023-07-21T21:59:25","slug":"un-mes-despues-se-manifiesta-la-ddhpo-sobre-activista-desaparecida","status":"publish","type":"post","link":"https:\/\/redsemlac.com\/semmexico\/un-mes-despues-se-manifiesta-la-ddhpo-sobre-activista-desaparecida\/","title":{"rendered":"Un mes despu\u00e9s se manifiesta la DDHPO, sobre activista desaparecida"},"content":{"rendered":"\n<ul class=\"wp-block-list\"><li><strong>Pide a Fiscal\u00eda iniciar investigaci\u00f3n por desaparici\u00f3n de persona<\/strong><\/li><\/ul>\n\n\n\n<p class=\"wp-block-paragraph\"><strong>Patricia Brise\u00f1o<\/strong><\/p>\n\n\n\n<p class=\"wp-block-paragraph\">SemM\u00e9xico, Oaxaca, 28 de abril, 2021.- A un mes de la desaparici\u00f3n de la activista Claudia Uruchurtu Cruz, tras manifestarse afuera del edificio del Ayuntamiento de Asunci\u00f3n Nochixtl\u00e1n,&nbsp; Oaxaca, la Defensor\u00eda de los Derechos Humanos del Pueblo de Oaxaca (DDHPO) apremi\u00f3 a las instancias de investigaci\u00f3n continuar el despliegue operativo en la proximidad de los puntos y pol\u00edgonos de b\u00fasqueda.<\/p>\n\n\n\n<p class=\"wp-block-paragraph\">Luego de&nbsp; la comparecencia de&nbsp; familiares de la v\u00edctima el organismo defensor inici\u00f3 el expediente de queja DDHPO\/559\/(15)\/OAX\/2021, brinda acompa\u00f1amiento frente a presuntos casos de violaciones a derechos humanos y vigila la actuaci\u00f3n de las autoridades.<\/p>\n\n\n\n<p class=\"wp-block-paragraph\">La Defensor\u00eda del Pueblo inform\u00f3 que solicit\u00f3 a la Fiscal\u00eda General del Estado (FGE) para que en la investigaci\u00f3n sobre la desaparici\u00f3n de Uruchurtu, de 48 a\u00f1os de edad y madre de familia,&nbsp; tome en cuenta el Plan de Investigaci\u00f3n para el Delito de Desaparici\u00f3n Forzada de Personas, adem\u00e1s del Protocolo Homologado de Investigaci\u00f3n para los Delitos de Desaparici\u00f3n Forzada de Personas y Desaparici\u00f3n Cometida por Particulares.<\/p>\n\n\n\n<p class=\"wp-block-paragraph\">Enfatiz\u00f3 que paralelamente a la b\u00fasqueda inmediata, este \u00f3rgano sugiri\u00f3 a las autoridades ministeriales&nbsp; abrir una carpeta e&nbsp; iniciar una averiguaci\u00f3n individualizada por tratarse de una&nbsp; mujer.<\/p>\n\n\n\n<p class=\"wp-block-paragraph\">Confi\u00f3 que en casos donde se conozca una posible ruta seguida por Uruchurtu Cruz, \u201clos agentes investigadores busquen posibles testigos y c\u00e1maras de seguridad\u201d. M\u00e1s a\u00fan, donde esa ruta involucre el ingreso a inmuebles de acceso controlado, \u201cdeben buscarse los registros de ingreso y salida\u201d.<\/p>\n\n\n\n<p class=\"wp-block-paragraph\">Mientras, las hermanas de la v\u00edctima Elizabeth y Sara Uruchurtu Cruz no tienen ninguna clara pista del paradero de su consangu\u00ednea, y mantienen la petici\u00f3n al pueblo de Nochixtl\u00e1n, para que las ayuden \u201csi tienen cualquier informaci\u00f3n\u201d.<\/p>\n\n\n\n<p class=\"wp-block-paragraph\">Coinciden que la desaparici\u00f3n ocurri\u00f3 cuando Claudia gan\u00f3 visibilidad como activista,&nbsp; por investigar y denunciar corrupci\u00f3n a nivel municipal, y por consecuencia, citar a la movilizaci\u00f3n para frenar el abuso de poder.<\/p>\n\n\n\n<p class=\"wp-block-paragraph\">La desaparici\u00f3n de Uruchurtu Cruz logr\u00f3 la atenci\u00f3n de la opini\u00f3n p\u00fablica, a partir de la solicitud&nbsp; internacional de organismos como la ONU, Amnist\u00eda Internacional y el gobierno de Gran Breta\u00f1a, esto \u00faltimo a partir de que sus hermanas tienen la doble nacionalidad, pues radican en aquel pa\u00eds.<\/p>\n","protected":false},"excerpt":{"rendered":"<p>Pide a Fiscal\u00eda iniciar investigaci\u00f3n por desaparici\u00f3n de persona<\/p>\n","protected":false},"author":3,"featured_media":34894,"comment_status":"open","ping_status":"open","sticky":false,"template":"","format":"standard","meta":{"_monsterinsights_skip_tracking":false,"footnotes":""},"categories":[692,51],"tags":[],"class_list":["post-34893","post","type-post","status-publish","format-standard","has-post-thumbnail","category-692","category-ejecutivo"],"_links":{"self":[{"href":"https:\/\/redsemlac.com\/semmexico\/wp-json\/wp\/v2\/posts\/34893","targetHints":{"allow":["GET"]}}],"collection":[{"href":"https:\/\/redsemlac.com\/semmexico\/wp-json\/wp\/v2\/posts"}],"about":[{"href":"https:\/\/redsemlac.com\/semmexico\/wp-json\/wp\/v2\/types\/post"}],"author":[{"embeddable":true,"href":"https:\/\/redsemlac.com\/semmexico\/wp-json\/wp\/v2\/users\/3"}],"replies":[{"embeddable":true,"href":"https:\/\/redsemlac.com\/semmexico\/wp-json\/wp\/v2\/comments?post=34893"}],"version-history":[{"count":0,"href":"https:\/\/redsemlac.com\/semmexico\/wp-json\/wp\/v2\/posts\/34893\/revisions"}],"wp:featuredmedia":[{"embeddable":true,"href":"https:\/\/redsemlac.com\/semmexico\/wp-json\/wp\/v2\/media\/34894"}],"wp:attachment":[{"href":"https:\/\/redsemlac.com\/semmexico\/wp-json\/wp\/v2\/media?parent=34893"}],"wp:term":[{"taxonomy":"category","embeddable":true,"href":"https:\/\/redsemlac.com\/semmexico\/wp-json\/wp\/v2\/categories?post=34893"},{"taxonomy":"post_tag","embeddable":true,"href":"https:\/\/redsemlac.com\/semmexico\/wp-json\/wp\/v2\/tags?post=34893"}],"curies":[{"name":"wp","href":"https:\/\/api.w.org\/{rel}","templated":true}]}}