{"id":34863,"date":"2021-04-29T10:32:00","date_gmt":"2021-04-29T16:32:00","guid":{"rendered":"https:\/\/redsemlac.com\/semmexico\/?p=34863"},"modified":"2023-07-21T16:59:25","modified_gmt":"2023-07-21T21:59:25","slug":"morena-incurrio-en-violencia-politica-de-genero-al-retirar-a-candidata-ieeh","status":"publish","type":"post","link":"https:\/\/redsemlac.com\/semmexico\/morena-incurrio-en-violencia-politica-de-genero-al-retirar-a-candidata-ieeh\/","title":{"rendered":"Morena incurri\u00f3 en violencia pol\u00edtica de g\u00e9nero al retirar a candidata: IEEH"},"content":{"rendered":"\n<ul class=\"wp-block-list\"><li><strong>Inicia procedimiento especial sancionar por quitar la candidatura a Gabriela God\u00ednez<\/strong><\/li><\/ul>\n\n\n\n<ul class=\"wp-block-list\"><li><strong> Morena realiza un nuevo registro y afirma que s\u00ed cumpli\u00f3<\/strong><\/li><\/ul>\n\n\n\n<p class=\"wp-block-paragraph\"><strong>Ignacio Garc\u00eda<\/strong><\/p>\n\n\n\n<p class=\"wp-block-paragraph\">SemM\u00e9xico, Pachuca, Hgo., 29 de abril, 2021.- El Consejo General del Instituto Estatal Electoral (IEEH) inici\u00f3 un procedimiento especial sancionador contra el Movimiento de Regeneraci\u00f3n Nacional (Morena) por retirar la candidatura de Gabriela God\u00ednez Hern\u00e1ndez, registrada como aspirante a diputaci\u00f3n local por la v\u00eda de representaci\u00f3n proporcional.<\/p>\n\n\n\n<p class=\"wp-block-paragraph\">El organismo electoral consider\u00f3 que Morena incurri\u00f3 en violencia pol\u00edtica de g\u00e9nero al retirar la candidatura de Gabriela God\u00ednez, quien no present\u00f3 un documento que validara su renuncia al registro para participar en el actual proceso electoral, por lo que determin\u00f3 dejar ese espacio en reserva.<\/p>\n\n\n\n<p class=\"wp-block-paragraph\">En su lugar, Morena registr\u00f3 a Sarah\u00ed Hern\u00e1ndez Sanjuan, quien cumpli\u00f3 con el requisito de ser persona con discapacidad, por lo cual el representante de Regeneraci\u00f3n Nacional ante el IEEH, Juan Carlos Hern\u00e1ndez, rechaz\u00f3 que hayan incurrido en violencia pol\u00edtica de g\u00e9nero.<\/p>\n\n\n\n<p class=\"wp-block-paragraph\">De acuerdo con el representante de Morena, s\u00f3lo se acredit\u00f3 que Sarah\u00ed Hern\u00e1ndez s\u00ed cumpli\u00f3 con el criterio de discapacidad, por lo que sostuvo que se pretende acusar al partido sobre un ajuste que efectu\u00f3 en sus respectivas candidaturas a diputaciones locales.<\/p>\n\n\n\n<p class=\"wp-block-paragraph\">Por su parte, el representante del Partido Revolucionario Institucional (PRI) ante el IEEH, Federico Hern\u00e1ndez Barros, se\u00f1al\u00f3 que Morena no pretende cumplir con los criterios de personas con discapacidad o menores de 30 a\u00f1os de edad, sino que s\u00f3lo busca satisfacer sus intereses pol\u00edticos, por lo que impugnar\u00e1 los cambios que realiz\u00f3 el partido.<\/p>\n\n\n\n<p class=\"wp-block-paragraph\">De la misma manera, el representante del Partido Acci\u00f3n Nacional (PAN) ante el IEEH, Yuseb Yong Garc\u00eda, tambi\u00e9n dijo que Morena debi\u00f3 cumplir con la designaci\u00f3n de candidatos en el primer lugar de la v\u00eda de representaci\u00f3n proporcional a una persona con discapacidad, misma que modific\u00f3 para postular a Francisco Xavier Berganza, es candidato a la gubernatura de Hidalgo por Acci\u00f3n Nacional.<\/p>\n\n\n\n<p class=\"wp-block-paragraph\">El procedimiento aprobado por el IEEH fue tambi\u00e9n enviado a la Fiscal\u00eda Especializada en Delitos Electorales dependiente de la Procuradur\u00eda General de Justicia del Estado de Hidalgo (PGJEH).<\/p>\n\n\n\n<p class=\"wp-block-paragraph\">SEM\/ig\/sj<\/p>\n","protected":false},"excerpt":{"rendered":"<p>Inicia procedimiento especial sancionar por quitar la candidatura a Gabriela God\u00ednez<\/p>\n","protected":false},"author":3,"featured_media":34864,"comment_status":"open","ping_status":"open","sticky":false,"template":"","format":"standard","meta":{"_monsterinsights_skip_tracking":false,"footnotes":""},"categories":[692,141],"tags":[],"class_list":["post-34863","post","type-post","status-publish","format-standard","has-post-thumbnail","category-692","category-elecciones-2020-2021"],"_links":{"self":[{"href":"https:\/\/redsemlac.com\/semmexico\/wp-json\/wp\/v2\/posts\/34863","targetHints":{"allow":["GET"]}}],"collection":[{"href":"https:\/\/redsemlac.com\/semmexico\/wp-json\/wp\/v2\/posts"}],"about":[{"href":"https:\/\/redsemlac.com\/semmexico\/wp-json\/wp\/v2\/types\/post"}],"author":[{"embeddable":true,"href":"https:\/\/redsemlac.com\/semmexico\/wp-json\/wp\/v2\/users\/3"}],"replies":[{"embeddable":true,"href":"https:\/\/redsemlac.com\/semmexico\/wp-json\/wp\/v2\/comments?post=34863"}],"version-history":[{"count":0,"href":"https:\/\/redsemlac.com\/semmexico\/wp-json\/wp\/v2\/posts\/34863\/revisions"}],"wp:featuredmedia":[{"embeddable":true,"href":"https:\/\/redsemlac.com\/semmexico\/wp-json\/wp\/v2\/media\/34864"}],"wp:attachment":[{"href":"https:\/\/redsemlac.com\/semmexico\/wp-json\/wp\/v2\/media?parent=34863"}],"wp:term":[{"taxonomy":"category","embeddable":true,"href":"https:\/\/redsemlac.com\/semmexico\/wp-json\/wp\/v2\/categories?post=34863"},{"taxonomy":"post_tag","embeddable":true,"href":"https:\/\/redsemlac.com\/semmexico\/wp-json\/wp\/v2\/tags?post=34863"}],"curies":[{"name":"wp","href":"https:\/\/api.w.org\/{rel}","templated":true}]}}