{"id":34860,"date":"2021-04-29T10:29:00","date_gmt":"2021-04-29T16:29:00","guid":{"rendered":"https:\/\/redsemlac.com\/semmexico\/?p=34860"},"modified":"2023-07-21T16:59:25","modified_gmt":"2023-07-21T21:59:25","slug":"reconoce-el-estado-mexicano-su-responsabilidad-en-el-caso-digna-ochoa","status":"publish","type":"post","link":"https:\/\/redsemlac.com\/semmexico\/reconoce-el-estado-mexicano-su-responsabilidad-en-el-caso-digna-ochoa\/","title":{"rendered":"Reconoce el Estado mexicano su responsabilidad en el caso Digna Ochoa"},"content":{"rendered":"\n<ul class=\"wp-block-list\"><li><strong>Por primera vez acepta todas las pretensiones presentadas en un informe<\/strong><\/li><\/ul>\n\n\n\n<ul class=\"wp-block-list\"><li><strong>Por ello habr\u00e1 un Convenio de Reparaci\u00f3n Integral con la familia de la activista asesinada hace 20 a\u00f1os<\/strong><\/li><\/ul>\n\n\n\n<p class=\"wp-block-paragraph\"><strong>Lizbeth \u00c1lvarez<\/strong><\/p>\n\n\n\n<p class=\"wp-block-paragraph\">SemM\u00e9xico, Cd. de M\u00e9xico, 29 de abril, 2021.- El Estado mexicano reconoci\u00f3 su responsabilidad internacional por la violaci\u00f3n a las garant\u00edas judiciales derivada de la muerte de la defensora y abogada Digna Ochoa y Pl\u00e1cido y por primera vez, M\u00e9xico ha aceptado todas las pretensiones presentadas, entre ellas un Convenio de Reparaci\u00f3n integral con 12 l\u00edneas de acci\u00f3n, como la reapertura de las investigaciones con enfoque de g\u00e9nero.<\/p>\n\n\n\n<p class=\"wp-block-paragraph\">En una audiencia p\u00fablica celebrada el 26 y 27 de abril pasado en San Jos\u00e9 de Costa Rica, en el marco del 141 Periodo Ordinario de Sesiones de la Corte Interamericana de Derechos Humanos (Corte IDH), el Estado mexicano reconoci\u00f3 su responsabilidad por la violaci\u00f3n a su honra y dignidad, y la falta de una investigaci\u00f3n con perspectiva de g\u00e9nero.<\/p>\n\n\n\n<p class=\"wp-block-paragraph\">La Secretar\u00eda de Gobernaci\u00f3n, a trav\u00e9s de la Unidad para la Defensa de los Derechos Humanos de la Subsecretar\u00eda de Derechos Humanos, Poblaci\u00f3n y Migraci\u00f3n, refrend\u00f3 el compromiso ineludible del Estado a favor de la defensa de los derechos humanos.<\/p>\n\n\n\n<p class=\"wp-block-paragraph\">Muestra de ello es que, por primera vez, el Estado ha aceptado todas las pretensiones presentadas por la Comisi\u00f3n Interamericana de Derechos Humanos en un Informe de Fondo.<\/p>\n\n\n\n<p class=\"wp-block-paragraph\">La aceptaci\u00f3n de responsabilidad se reflejar\u00e1 con la consecuci\u00f3n de un Convenio de Reparaci\u00f3n Integral que ser\u00e1 presentado a la representaci\u00f3n de la familia de Digna Ochoa en d\u00edas pr\u00f3ximos, el cual contendr\u00e1 doce l\u00edneas de acci\u00f3n de conformidad con el art\u00edculo 63 de la Convenci\u00f3n Americana sobre Derechos Humanos.<\/p>\n\n\n\n<p class=\"wp-block-paragraph\">Asimismo, como obligaci\u00f3n y convicci\u00f3n del Gobierno de M\u00e9xico, se acord\u00f3 generar una ruta para reabrir la investigaci\u00f3n para determinar las causas que llevaron a la muerte de la defensora Ochoa y Pl\u00e1cido, la cual incluir\u00e1 diligencias con perspectiva de derechos humanos y enfoque de g\u00e9nero bajo est\u00e1ndares internacionales, contando con la participaci\u00f3n de la familia y la de su representaci\u00f3n legal.<\/p>\n\n\n\n<p class=\"wp-block-paragraph\">La Secretar\u00eda de Gobernaci\u00f3n reconoce la apertura y disposici\u00f3n de las personas v\u00edctimas y de su representaci\u00f3n para generar un di\u00e1logo transparente a fin de avanzar con las medidas de reparaci\u00f3n integral.<\/p>\n\n\n\n<p class=\"wp-block-paragraph\">Asimismo, reconoce el trabajo de coordinaci\u00f3n generado entre la Unidad para la Defensa de los Derechos Humanos, la Secretar\u00eda de Relaciones Exteriores, que encabeza los trabajos ante la Corte Interamericana, y la Fiscal\u00eda General de Justicia de la Ciudad de M\u00e9xico a fin de concretar y reflejar contundentemente la pol\u00edtica de derechos humanos del Estado mexicano.<\/p>\n\n\n\n<p class=\"wp-block-paragraph\">El Gobierno de M\u00e9xico reitera su compromiso con el Sistema Interamericano como herramienta complementaria para velar por el mejor inter\u00e9s de las personas v\u00edctimas de violaciones a sus derechos humanos.<\/p>\n\n\n\n<p class=\"wp-block-paragraph\">Digna Ochoa y Placido era defensora de los derechos humanos, fue asesinada el 19 de octubre de 2001 en la Ciudad de M\u00e9xico<\/p>\n\n\n\n<p class=\"wp-block-paragraph\">SEM\/lam\/sj<\/p>\n","protected":false},"excerpt":{"rendered":"<p>Por ello habr\u00e1 un Convenio de Reparaci\u00f3n Integral con la familia de la activista asesinada hace 20 a\u00f1os<\/p>\n","protected":false},"author":3,"featured_media":34861,"comment_status":"open","ping_status":"open","sticky":false,"template":"","format":"standard","meta":{"_monsterinsights_skip_tracking":false,"footnotes":""},"categories":[692,51],"tags":[],"class_list":["post-34860","post","type-post","status-publish","format-standard","has-post-thumbnail","category-692","category-ejecutivo"],"_links":{"self":[{"href":"https:\/\/redsemlac.com\/semmexico\/wp-json\/wp\/v2\/posts\/34860","targetHints":{"allow":["GET"]}}],"collection":[{"href":"https:\/\/redsemlac.com\/semmexico\/wp-json\/wp\/v2\/posts"}],"about":[{"href":"https:\/\/redsemlac.com\/semmexico\/wp-json\/wp\/v2\/types\/post"}],"author":[{"embeddable":true,"href":"https:\/\/redsemlac.com\/semmexico\/wp-json\/wp\/v2\/users\/3"}],"replies":[{"embeddable":true,"href":"https:\/\/redsemlac.com\/semmexico\/wp-json\/wp\/v2\/comments?post=34860"}],"version-history":[{"count":0,"href":"https:\/\/redsemlac.com\/semmexico\/wp-json\/wp\/v2\/posts\/34860\/revisions"}],"wp:featuredmedia":[{"embeddable":true,"href":"https:\/\/redsemlac.com\/semmexico\/wp-json\/wp\/v2\/media\/34861"}],"wp:attachment":[{"href":"https:\/\/redsemlac.com\/semmexico\/wp-json\/wp\/v2\/media?parent=34860"}],"wp:term":[{"taxonomy":"category","embeddable":true,"href":"https:\/\/redsemlac.com\/semmexico\/wp-json\/wp\/v2\/categories?post=34860"},{"taxonomy":"post_tag","embeddable":true,"href":"https:\/\/redsemlac.com\/semmexico\/wp-json\/wp\/v2\/tags?post=34860"}],"curies":[{"name":"wp","href":"https:\/\/api.w.org\/{rel}","templated":true}]}}