{"id":34852,"date":"2021-04-28T15:11:31","date_gmt":"2021-04-28T21:11:31","guid":{"rendered":"https:\/\/redsemlac.com\/semmexico\/?p=34852"},"modified":"2023-07-21T16:59:25","modified_gmt":"2023-07-21T21:59:25","slug":"denuncian-a-david-monreal-por-violencia-politica-de-genero-en-zacatecas","status":"publish","type":"post","link":"https:\/\/redsemlac.com\/semmexico\/denuncian-a-david-monreal-por-violencia-politica-de-genero-en-zacatecas\/","title":{"rendered":"Denuncian a David Monreal por violencia pol\u00edtica de g\u00e9nero, en Zacatecas"},"content":{"rendered":"\n<ul class=\"wp-block-list\"><li><strong>Ana Mar\u00eda Fonseca de MC dice que el tocamiento a una candidata es una expresi\u00f3n de abuso supremac\u00eda masculina<\/strong><\/li><\/ul>\n\n\n\n<ul class=\"wp-block-list\"><li><strong>Monreal ha sido exhibido en redes sociales<\/strong><\/li><\/ul>\n\n\n\n<p class=\"wp-block-paragraph\"><strong>Elda Montiel<\/strong><\/p>\n\n\n\n<p class=\"wp-block-paragraph\">SemM\u00e9xico, Cd. de M\u00e9xico, 28 de abril 2021.- Ante el Instituto Nacional Electoral (INE) Ana Mar\u00eda Romo Fonseca, candidata a gobernadora por Movimiento Ciudadano en Zacatecas, denunci\u00f3 a David Monreal \u00c1vila, el candidato de la Coalici\u00f3n Juntos Haremos Justicia por violencia pol\u00edtica en raz\u00f3n de g\u00e9nero.<\/p>\n\n\n\n<p class=\"wp-block-paragraph\">La denuncia pide retirar el registro de la candidatura a Monreal por haber sido exhibido en las redes sociales cuando le daba una nalgada a la aspirante a la presidencia municipal de Juchipila, Roc\u00edo Moreno.<\/p>\n\n\n\n<p class=\"wp-block-paragraph\">Romo Fonseca especifica que dicho tocamiento \u201ces una expresi\u00f3n de abuso de poder que implica la supremac\u00eda masculina sobre una mujer, denigra y no podemos concebir y seguir permitiendo que se nos vea como un objeto\u201d.<\/p>\n\n\n\n<p class=\"wp-block-paragraph\">Cabe recordar que las candidatas a la gubernatura de Zacatecas, Claudia Anaya, del PRI, PAN, y PRD; Lupita Medina, del PES, y Ana Mar\u00eda Romo, de MC, ya hab\u00edan expresado que se unir\u00edan en la denuncia contra David Monreal, tras la difusi\u00f3n del video del mitin del pasado 20 de abril.<\/p>\n\n\n\n<p class=\"wp-block-paragraph\">SEM\/em\/sj<\/p>\n","protected":false},"excerpt":{"rendered":"<p>Monreal ha sido exhibido en redes sociales<\/p>\n","protected":false},"author":3,"featured_media":34853,"comment_status":"open","ping_status":"open","sticky":false,"template":"","format":"standard","meta":{"_monsterinsights_skip_tracking":false,"footnotes":""},"categories":[692,141],"tags":[],"class_list":["post-34852","post","type-post","status-publish","format-standard","has-post-thumbnail","category-692","category-elecciones-2020-2021"],"_links":{"self":[{"href":"https:\/\/redsemlac.com\/semmexico\/wp-json\/wp\/v2\/posts\/34852","targetHints":{"allow":["GET"]}}],"collection":[{"href":"https:\/\/redsemlac.com\/semmexico\/wp-json\/wp\/v2\/posts"}],"about":[{"href":"https:\/\/redsemlac.com\/semmexico\/wp-json\/wp\/v2\/types\/post"}],"author":[{"embeddable":true,"href":"https:\/\/redsemlac.com\/semmexico\/wp-json\/wp\/v2\/users\/3"}],"replies":[{"embeddable":true,"href":"https:\/\/redsemlac.com\/semmexico\/wp-json\/wp\/v2\/comments?post=34852"}],"version-history":[{"count":0,"href":"https:\/\/redsemlac.com\/semmexico\/wp-json\/wp\/v2\/posts\/34852\/revisions"}],"wp:featuredmedia":[{"embeddable":true,"href":"https:\/\/redsemlac.com\/semmexico\/wp-json\/wp\/v2\/media\/34853"}],"wp:attachment":[{"href":"https:\/\/redsemlac.com\/semmexico\/wp-json\/wp\/v2\/media?parent=34852"}],"wp:term":[{"taxonomy":"category","embeddable":true,"href":"https:\/\/redsemlac.com\/semmexico\/wp-json\/wp\/v2\/categories?post=34852"},{"taxonomy":"post_tag","embeddable":true,"href":"https:\/\/redsemlac.com\/semmexico\/wp-json\/wp\/v2\/tags?post=34852"}],"curies":[{"name":"wp","href":"https:\/\/api.w.org\/{rel}","templated":true}]}}