{"id":34848,"date":"2021-04-28T14:22:59","date_gmt":"2021-04-28T20:22:59","guid":{"rendered":"https:\/\/redsemlac.com\/semmexico\/?p=34848"},"modified":"2023-07-21T16:59:25","modified_gmt":"2023-07-21T21:59:25","slug":"celebran-el-dia-internacional-de-la-danza-2021-este-jueves","status":"publish","type":"post","link":"https:\/\/redsemlac.com\/semmexico\/celebran-el-dia-internacional-de-la-danza-2021-este-jueves\/","title":{"rendered":"Celebran el D\u00eda Internacional de la Danza 2021, este jueves"},"content":{"rendered":"\n<ul class=\"wp-block-list\"><li><strong>\u00a0Por YouTube y redes sociales recordar\u00e1n el natalicio de Jean-Georges Noverre, creador del ballet moderno<\/strong><\/li><\/ul>\n\n\n\n<ul class=\"wp-block-list\"><li><strong>Presentar\u00e1n 13 videos basados en la obra po\u00e9tica de Storni, Mistral, Castellanos, Ibarbouru, Amor y Castellanos y de poetas como Paz, Nandino y Sabines<\/strong><\/li><\/ul>\n\n\n\n<p class=\"wp-block-paragraph\"><strong>Redacci\u00f3n<\/strong><\/p>\n\n\n\n<p class=\"wp-block-paragraph\">SemM\u00e9xico, Cd. de M\u00e9xico, 28 de abril, 2021.- Este jueves se celebra la trig\u00e9simo novena edici\u00f3n del D\u00eda Internacional de la Danza, con un programa especial a partir de las 10:00 horas, a trav\u00e9s del canal de YouTube y las redes sociales de las diferentes agrupaciones participantes y de las instancias institucionales organizadoras.&nbsp;<\/p>\n\n\n\n<p class=\"wp-block-paragraph\">Este 2021, en el marco de \u201cContigo en la distancia\u201d, la Secretar\u00eda de Cultura y el Instituto Nacional de Bellas Artes y Literatura (INBAL) se unen a la celebraci\u00f3n con un programa que contempla presentaciones unipersonales, grupales e interdisciplinarias en los diversos g\u00e9neros danc\u00edsticos, as\u00ed como entrevistas, clases y conversatorios, todo en formato virtual.&nbsp;<\/p>\n\n\n\n<p class=\"wp-block-paragraph\">Esta celebraci\u00f3n se lleva a cabo desde 1982 por iniciativa del Comit\u00e9 de Danza del Instituto Internacional del Teatro (ITI), que eligi\u00f3 esta fecha para recordar el natalicio de Jean-Georges Noverre (1727-1810), creador del ballet moderno. Cada a\u00f1o, se elige a una personalidad del mundo danc\u00edstico para dar el mensaje oficial, en esta ocasi\u00f3n corresponde a Friedemann Vogel, bailar\u00edn principal del Ballet de Stuttgart; a su vez, en cada pa\u00eds participante se selecciona a una persona para reproducir el mensaje; en el caso de M\u00e9xico ser\u00e1 el bailar\u00edn, core\u00f3grafo y director independiente Mauricio Nava, a partir de las 10:00 horas a trav\u00e9s del YouTube de la CND (@CNDanzaMX).&nbsp;<\/p>\n\n\n\n<p class=\"wp-block-paragraph\">Participar\u00e1 la Compa\u00f1\u00eda Nacional de Danza (CND), que codirigen Elisa Carrillo, Cuauht\u00e9moc N\u00e1jera y David Bear, con una amplia oferta de actividades para ni\u00f1as, ni\u00f1os, adolescentes y adultos, quienes podr\u00e1n disfrutar de&nbsp;<em>Sue\u00f1o de una noche de verano<\/em>,&nbsp;de James Kelly,&nbsp;<em>\u00a1Esquina bajan!<\/em>,&nbsp;de Nellie Happee &#8211;cofundadora de la CND&#8211; y&nbsp;<em>La esmeralda<\/em>, versi\u00f3n coreogr\u00e1fica de Yuri Burlaka y Vasily Medvedev, cada una precedida de una explicaci\u00f3n.&nbsp;, a partir de las 10:00 horas a trav\u00e9s del YouTube de la CND (@CNDanzaMX)&nbsp;<\/p>\n\n\n\n<p class=\"wp-block-paragraph\">De igual forma, se incluir\u00e1n creaciones contempor\u00e1neas, variaciones de ballets, como&nbsp;<em>Paquita, Raymonda&nbsp;<\/em>o&nbsp;<em>La bayadera<\/em>, y algunos de los resultados danc\u00edsticos desarrollados en colaboraci\u00f3n con diversas comunidades art\u00edsticas, grupos vulnerables, y para mujeres; a partir de las 10:00 a trav\u00e9s del YouTube de la CND (@CNDanzaMX)&nbsp;&nbsp;<\/p>\n\n\n\n<p class=\"wp-block-paragraph\">Adicionalmente, se presenta la coreograf\u00eda&nbsp;<em>COVID-19<\/em>, idea de Cuauht\u00e9moc N\u00e1jera y coreograf\u00eda colectiva de Irina Marcano, Julio Arozamena, James Kelly, Edgar Zendejas, Rosario Murillo, F\u00e9lix Oropeza, Eloy Barrag\u00e1n, Jaqueline L\u00f3pez, Julio Morel, Alexander Mitiaev, Diego Land\u00edn, Yazm\u00edn Barrag\u00e1n, Ra\u00fal Fern\u00e1ndez, el core\u00f3grafo invitado Xandao Wilfrido, Marco Goecke, Arshak Ghalumyan, Alexander Abdukarimov, y Yuri Smekalov, interpretada por bailarines de la CND.&nbsp;<\/p>\n\n\n\n<p class=\"wp-block-paragraph\">La emisi\u00f3n estar\u00e1 guiada por el personal directivo, art\u00edstico y t\u00e9cnico de la CND para que las y los espectadores conozcan las perspectivas que les ha dejado a las y los integrantes de la compa\u00f1\u00eda del INBAL la contingencia por la COVID-19, los ensayos y entrenamientos a distancia, adem\u00e1s de la forma en la cual han retornado a sus instalaciones, a partir de las 10:00 por YouTube de la CND (@CNDanzaMX).&nbsp;<\/p>\n\n\n\n<p class=\"wp-block-paragraph\">A las 10:00, horas se presentar\u00e1 un conjunto de 13 videos basados en la obra po\u00e9tica de autoras y autores como Alfonsina Storni, Gabriela Mistral, Jaime Sabines, Juana de Ibarbouru, Octavio Paz, Vicente Huidobro,&nbsp;<em>Pita<\/em>&nbsp;Amor, El\u00edas Nandino y Rosario Castellanos, entre otros, resultado de un proyecto de colaboraci\u00f3n entre la Compa\u00f1\u00eda Nacional de Teatro (CNT), el Centro de Producci\u00f3n de Danza Contempor\u00e1nea (Ceprodac) y el Centro de Experimentaci\u00f3n y Producci\u00f3n de M\u00fasica Contempor\u00e1nea (Cepromusic). La transmisi\u00f3n se har\u00e1 a trav\u00e9s del canal oficial de YouTube del INBAL (<a href=\"https:\/\/www.youtube.com\/bellasartesmex\" target=\"_blank\" rel=\"noreferrer noopener\">https:\/\/www.youtube.com\/bellasartesmex<\/a>) y de las redes sociales de la CNT (\/CNTeatromx), Ceprodac (\/ceprodac.inba) y Cepromusic (\/cepromusic).&nbsp;<\/p>\n\n\n\n<p class=\"wp-block-paragraph\">Por su parte, la Coordinaci\u00f3n Nacional de Danza del INBAL dise\u00f1\u00f3 una programaci\u00f3n que estar\u00e1 conformada por 21 compa\u00f1\u00edas con coreograf\u00edas realizadas en video durante 2021, las cuales incluyen siete g\u00e9neros: folclor, contempor\u00e1neo, butoh, tango, sones, flamenco y danz\u00f3n.&nbsp;Se podr\u00e1 seguir la transmisi\u00f3n desde las 10:00 horas&nbsp;por las plataformas digitales&nbsp;Facebook&nbsp;del INBAL (\/INBAmx) y el Facebook de la Coordinaci\u00f3n Nacional de Danza (\/danzaINBAL).&nbsp;&nbsp;&nbsp;<\/p>\n\n\n\n<p class=\"wp-block-paragraph\">Bajo el lema&nbsp;<em>Reconexi\u00f3n<\/em>, compa\u00f1\u00edas de las cinco regiones del pa\u00eds y m\u00e1s de 100 bailarines y creadores danc\u00edsticos, estar\u00e1n presentes por medio de sus creaciones, entre ellas: Trinium. Proyecto esc\u00e9nico, Compa\u00f1\u00eda Viva Flamenco, Nemian Danza Esc\u00e9nica, Tres Producci\u00f3n Creativa, Rafael Hern\u00e1ndez Ramos, Tango QMX, Manuel Ballesteros; ZAPAPA\u00b4escena y A\u00f1o Luz Plataforma Esc\u00e9nica; Teatro en el Incendio, Yuliana Ni\u00f1o, Danzoneros&nbsp;<em>F\u00e9lix Renter\u00eda<\/em>, \u00d3scar Ruvalcaba C\u00eda, Lag\u00fa Danza, Gabriela Woo, Sociedad del paisaje, Akto Zero, Rub\u00ed Oseguera, \u00cdntimo Tango, P\u00farpura Danza Teatro, Amada Dom\u00ednguez, y el Ballet Folkl\u00f3rico de la Universidad Veracruzana.&nbsp;<\/p>\n\n\n\n<p class=\"wp-block-paragraph\">Asimismo, se tendr\u00e1 una sinergia con la Plataforma Iberoamericana de Danza a trav\u00e9s de su perfil oficial de Facebook (\/plataformaiberoamericanadedanza), con el prop\u00f3sito de compartir las celebraciones en pa\u00edses como Brasil, Colombia, Chile, Costa Rica, Ecuador, Paraguay, Venezuela, Uruguay y M\u00e9xico.&nbsp;<\/p>\n\n\n\n<p class=\"wp-block-paragraph\">La&nbsp;parte acad\u00e9mica estar\u00e1 presente con el Laboratorio de Creaci\u00f3n y Gesti\u00f3n del INBAL que contempla la impartici\u00f3n de clases virtuales enfocadas a danza azteca y bailes de sal\u00f3n, como es el caso del danz\u00f3n, en las cuales podr\u00e1n participar de las 10:00 a las 11:30 horas a trav\u00e9s de ttps:\/\/instagram.com\/danzainba?igshid=u5d1jxezlt5i.&nbsp;<\/p>\n\n\n\n<p class=\"wp-block-paragraph\">El panorama art\u00edstico que conforma esta celebraci\u00f3n se enriquecer\u00e1 con el trabajo de colaboraci\u00f3n creativa desarrollado por la flautista Asako Arai y el bailar\u00edn y core\u00f3grafo Duane Cochran, a partir de la obra musical&nbsp;<em>Tonada de la Luna llena,<\/em>&nbsp;de Georgina Derbez, presentada como parte de la programaci\u00f3n del 42 Foro Internacional de M\u00fasica Nueva&nbsp;<em>Manuel Enr\u00edquez<\/em>. Laboratorio virtual de creaci\u00f3n musical. Esta transmisi\u00f3n ser\u00e1 a las 10:00 horas, a trav\u00e9s del canal de YouTube del INBAL (<a href=\"https:\/\/www.youtube.com\/bellasartesmex\" target=\"_blank\" rel=\"noreferrer noopener\">https:\/\/www.youtube.com\/bellasartesmex<\/a>) y de la p\u00e1gina de Facebook y Twitter de la Coordinaci\u00f3n Nacional de M\u00fasica y \u00d3pera del INBAL (@MusicaINBA).&nbsp;&nbsp;<\/p>\n\n\n\n<p class=\"wp-block-paragraph\">Para conocer la programaci\u00f3n completa se pueden seguir las redes sociales de la Secretar\u00eda de Cultura en Twitter (@cultura_mx), Facebook (\/SecretariaCulturaMX) e Instagram (@culturamx); del INBAL en Instagram (@INBAMX), Facebook (\/INBAmx) y Twitter (@bellasartesinba) y de la Coordinaci\u00f3n Nacional de Danza.&nbsp;<\/p>\n","protected":false},"excerpt":{"rendered":"<p>Presentar\u00e1n 13 videos basados en la obra po\u00e9tica de Storni, Mistral, Castellanos, Ibarbouru, Amor y Castellanos y de poetas como Paz, Nandino y Sabines<\/p>\n","protected":false},"author":3,"featured_media":34849,"comment_status":"open","ping_status":"open","sticky":false,"template":"","format":"standard","meta":{"_monsterinsights_skip_tracking":false,"footnotes":""},"categories":[692,45,46],"tags":[],"class_list":["post-34848","post","type-post","status-publish","format-standard","has-post-thumbnail","category-692","category-cultura","category-cultura-cultura"],"_links":{"self":[{"href":"https:\/\/redsemlac.com\/semmexico\/wp-json\/wp\/v2\/posts\/34848","targetHints":{"allow":["GET"]}}],"collection":[{"href":"https:\/\/redsemlac.com\/semmexico\/wp-json\/wp\/v2\/posts"}],"about":[{"href":"https:\/\/redsemlac.com\/semmexico\/wp-json\/wp\/v2\/types\/post"}],"author":[{"embeddable":true,"href":"https:\/\/redsemlac.com\/semmexico\/wp-json\/wp\/v2\/users\/3"}],"replies":[{"embeddable":true,"href":"https:\/\/redsemlac.com\/semmexico\/wp-json\/wp\/v2\/comments?post=34848"}],"version-history":[{"count":0,"href":"https:\/\/redsemlac.com\/semmexico\/wp-json\/wp\/v2\/posts\/34848\/revisions"}],"wp:featuredmedia":[{"embeddable":true,"href":"https:\/\/redsemlac.com\/semmexico\/wp-json\/wp\/v2\/media\/34849"}],"wp:attachment":[{"href":"https:\/\/redsemlac.com\/semmexico\/wp-json\/wp\/v2\/media?parent=34848"}],"wp:term":[{"taxonomy":"category","embeddable":true,"href":"https:\/\/redsemlac.com\/semmexico\/wp-json\/wp\/v2\/categories?post=34848"},{"taxonomy":"post_tag","embeddable":true,"href":"https:\/\/redsemlac.com\/semmexico\/wp-json\/wp\/v2\/tags?post=34848"}],"curies":[{"name":"wp","href":"https:\/\/api.w.org\/{rel}","templated":true}]}}