{"id":34844,"date":"2021-04-28T13:33:18","date_gmt":"2021-04-28T19:33:18","guid":{"rendered":"https:\/\/redsemlac.com\/semmexico\/?p=34844"},"modified":"2023-07-21T16:59:26","modified_gmt":"2023-07-21T21:59:26","slug":"34844","status":"publish","type":"post","link":"https:\/\/redsemlac.com\/semmexico\/34844\/","title":{"rendered":"TEPJF actu\u00f3 de manera excesiva y antidemocr\u00e1tica: AMLO"},"content":{"rendered":"\n<ul class=\"wp-block-list\"><li><strong>Molesto en la ma\u00f1anera se queja de la decisi\u00f3n contra Salgado y Mor\u00f3n<\/strong><\/li><\/ul>\n\n\n\n<ul class=\"wp-block-list\"><li><strong>Kenia Rabadan se\u00f1ala que el presidente muestra su \u201ccasa autoritaria\u201d nuevamente<\/strong><\/li><\/ul>\n\n\n\n<p class=\"wp-block-paragraph\"><strong>Lizbeth \u00c1lvarez Mart\u00ednez<\/strong><\/p>\n\n\n\n<p class=\"wp-block-paragraph\">SemM\u00e9xico, Cd. de M\u00e9xico, 28 de abril, 2021.- El presidente Andr\u00e9s Manuel L\u00f3pez Obrador acus\u00f3 al Tribunal Electoral del Poder Judicial de la Federaci\u00f3n (TEPJF) de actuar de manera excesiva y antidemocr\u00e1tica al cancelar el registro de los candidatos al gobierno de Guerrero, F\u00e9lix Salgado Macedonio y de Michoac\u00e1n, Ra\u00fal Mor\u00f3n, en tanto, senadoras y senadores del PAN sostienen que el presidente exhibe nuevamente su \u201ccara autoritaria\u201d.<\/p>\n\n\n\n<p class=\"wp-block-paragraph\">Durante la ma\u00f1anera, en tono molesto, el mandatario dijo que se trata de un hecho arbitrario, con un componente adicional \u201cun acto de provocaci\u00f3n\u201d\u2026al no permitir que sea el pueblo quien decida sobre los abanderados de Morena que incumplieron al no presentar sus informes de gastos de precampa\u00f1a.<\/p>\n\n\n\n<p class=\"wp-block-paragraph\">El mandatario mexicano afirm\u00f3 que tanto los consejeros del INE como los magistrados del TEPJF actuaron de manera antidemocr\u00e1tica, sin embargo, asegur\u00f3 que \u201cdebe respetarse el veredicto\u201d\u2026 \u201cporque nosotros tenemos que apostar a la democracia\u201d, la lucha sigue, no hay que desmoralizarse, asever\u00f3.<\/p>\n\n\n\n<p class=\"wp-block-paragraph\">Enfatiz\u00f3 que el Tribunal Electoral no tuvo justificaci\u00f3n alguna de retirar a los candidatos su derecho de participar en los comicios por no comprobar 14 mil pesos en el caso de Michoac\u00e1n y 19 mil para el abanderado de Guerrero.<\/p>\n\n\n\n<p class=\"wp-block-paragraph\">Al respecto, en un comunicado, la vicecoordinadora de la bancada panista, Kenia L\u00f3pez Rabad\u00e1n, dijo que nnuevamente L\u00f3pez Obrador demuestra su cara autoritaria al agredir al Tribunal Electoral del Poder Judicial de la Federaci\u00f3n (TEPJF), al Instituto Nacional Electoral (INE) y al Instituto Nacional de Transparencia, Acceso a la Informaci\u00f3n y Protecci\u00f3n de Datos Personales (INAI) por cumplir con la ley.<\/p>\n\n\n\n<p class=\"wp-block-paragraph\">&nbsp;\u201cQue el Presidente de la Rep\u00fablica incite a no cumplir con la ley es un mensaje terrible y preocupante\u201d, insisti\u00f3. L\u00f3pez Obrador debe conducirse como Jefe de Estado, no como jefe de su partido, \u00e9l debe ver por todos las y los mexicanos no por sus candidatos, urge que respete las instituciones, indic\u00f3.<\/p>\n\n\n\n<p class=\"wp-block-paragraph\">SEM\/lam\/sj<\/p>\n","protected":false},"excerpt":{"rendered":"<p>Molesto en la ma\u00f1anera se queja de la decisi\u00f3n contra Salgado y Mor\u00f3n<\/p>\n","protected":false},"author":3,"featured_media":20697,"comment_status":"open","ping_status":"open","sticky":false,"template":"","format":"standard","meta":{"_monsterinsights_skip_tracking":false,"footnotes":""},"categories":[692,51],"tags":[],"class_list":["post-34844","post","type-post","status-publish","format-standard","has-post-thumbnail","category-692","category-ejecutivo"],"_links":{"self":[{"href":"https:\/\/redsemlac.com\/semmexico\/wp-json\/wp\/v2\/posts\/34844","targetHints":{"allow":["GET"]}}],"collection":[{"href":"https:\/\/redsemlac.com\/semmexico\/wp-json\/wp\/v2\/posts"}],"about":[{"href":"https:\/\/redsemlac.com\/semmexico\/wp-json\/wp\/v2\/types\/post"}],"author":[{"embeddable":true,"href":"https:\/\/redsemlac.com\/semmexico\/wp-json\/wp\/v2\/users\/3"}],"replies":[{"embeddable":true,"href":"https:\/\/redsemlac.com\/semmexico\/wp-json\/wp\/v2\/comments?post=34844"}],"version-history":[{"count":0,"href":"https:\/\/redsemlac.com\/semmexico\/wp-json\/wp\/v2\/posts\/34844\/revisions"}],"wp:featuredmedia":[{"embeddable":true,"href":"https:\/\/redsemlac.com\/semmexico\/wp-json\/wp\/v2\/media\/20697"}],"wp:attachment":[{"href":"https:\/\/redsemlac.com\/semmexico\/wp-json\/wp\/v2\/media?parent=34844"}],"wp:term":[{"taxonomy":"category","embeddable":true,"href":"https:\/\/redsemlac.com\/semmexico\/wp-json\/wp\/v2\/categories?post=34844"},{"taxonomy":"post_tag","embeddable":true,"href":"https:\/\/redsemlac.com\/semmexico\/wp-json\/wp\/v2\/tags?post=34844"}],"curies":[{"name":"wp","href":"https:\/\/api.w.org\/{rel}","templated":true}]}}